{"id":111419,"date":"2025-05-19T09:38:13","date_gmt":"2025-05-19T09:38:13","guid":{"rendered":"https:\/\/www.europesays.com\/fr\/111419\/"},"modified":"2025-05-19T09:38:13","modified_gmt":"2025-05-19T09:38:13","slug":"il-ne-faut-pas-croire-quen-ligue-2-vous-allez-gagner-des-matchs-facilement-et-monter-regis-brouard-previent-lasse-et-eirik-horneland","status":"publish","type":"post","link":"https:\/\/www.europesays.com\/fr\/111419\/","title":{"rendered":"\u00ab Il ne faut pas croire qu&rsquo;en Ligue 2, vous allez gagner des matchs facilement et monter \u00bb : R\u00e9gis Brouard pr\u00e9vient l&rsquo;ASSE et Eirik Horneland"},"content":{"rendered":"<p style=\"text-align: justify;\">Pour la troisi\u00e8me saison en l\u2019espace de quatre ann\u00e9es, l\u2019AS\u00a0<strong>Saint-\u00c9tienne<\/strong> va \u00eatre un pensionnaire de\u00a0<strong>Ligue 2\u00a0<\/strong>en 2025-2026 ! Rel\u00e9gu\u00e9s \u00e0 la 17e place de\u00a0<strong>Ligue 1\u00a0<\/strong>en ayant rat\u00e9 un nouveau tournant (m\u00eame si la victoire du HAC aurait condamn\u00e9 le club \u00e0 la rel\u00e9gation), les joueurs de l\u2019ASSE et leur coach vont devoir se remettre en question s\u2019ils veulent prouver qu\u2019ils m\u00e9ritent \u00e0 nouveau de jouer dans l\u2019\u00e9lite.\u00a0Consultant sur la cha\u00eene L\u2019\u00c9quipe, le coach du FC <strong>Rouen R\u00e9gis Brouard<\/strong>\u00a0a donn\u00e9 son avis sur la fa\u00e7on dont les Verts doivent orienter leur mercato estival, en faisant attention \u00e0 l\u2019exc\u00e8s de confiance malgr\u00e9 le budget qui devrait \u00eatre le plus important de la division, d\u2019assez loin.<\/p>\n<p style=\"text-align: justify;\">\u00c0 lire aussi &gt;&gt;\u00a0<a href=\"https:\/\/maligue2.fr\/2025\/05\/18\/asse-gautier-larsonneur-peut-etre-que-cette-equipe-ne-pouvait-pas-faire-plus\/\" rel=\"nofollow noopener\" target=\"_blank\">ASSE \u2013 Gautier Larsonneur : \u00ab Peut-\u00eatre que cette \u00e9quipe ne pouvait pas faire plus \u00bb<\/a><\/p>\n<p style=\"text-align: justify;\">\u00ab Je pense que l\u2019entra\u00eeneur (Eirik Horneland) qui est arriv\u00e9 cet hiver, avec sa philosophie de jeu, s\u2019est avant-tout concentr\u00e9 sur son animation offensive. Le premier discours, c\u2019\u00e9tait \u00ab\u00a0on va marquer, on va faire du spectacle\u00a0\u00bb\u2026 Mais l\u2019urgence du moment quand tu prends pratiquement 40 buts \u00e0 la tr\u00eave, c\u2019est de renforcer le secteur d\u00e9fensif. Malheureusement, la tendance est rest\u00e9e la m\u00eame sur la phase retour. M\u00eame contre Toulouse, quand on voit les buts que Saint-\u00c9tienne prend alors qu\u2019il joue son maintien\u2026 Ce n\u2019est pas possible. Il y une punition (la rel\u00e9gation) car vous n\u2019avez pas respect\u00e9 certaines choses. La direction avait les moyens de se renforcer dans ce secteur-l\u00e0 au mercato, de prendre deux ou trois joueurs s\u00e9rieux qui allaient pouvoir les rapprocher plus pr\u00e8s du Havre, de Reims ou de Nantes. Mais ils ont renouvel\u00e9 des erreurs faites six mois plus t\u00f4t. Quand tu es dans une optique de survie, de maintien, il y a des choses \u00e0 r\u00e9gler. \u00bb<\/p>\n<p><\/p>\n<p><strong>Quelle suite pour l\u2019ASSE en Ligue 2 ?<\/strong><\/p>\n<p style=\"text-align: justify;\">\u00ab Lorient a gard\u00e9 une grosse partie de son ossature en Ligue 2 et a pu remonter. Mais il ne faut pas croire qu\u2019en Ligue 2, attaquer \u00e7a va suffire et que vous allez gagner des matchs facilement et monter ! Il y a des priorit\u00e9s \u00e0 un moment. M\u00eame le Paris FC, dont on a vant\u00e9 les qualit\u00e9s offensives, ils ne prennent pas de buts non plus. Je trouve que le coach est tr\u00e8s attach\u00e9 \u00e0 ses principes et camp\u00e9 sur ses positions. Et la Ligue 2, \u00e7a n\u2019a rien \u00e0 voir avec la Ligue 1, c\u2019est un championnat tr\u00e8s compliqu\u00e9. Lorient a pris Olivier Pantaloni, tr\u00e8s exp\u00e9riment\u00e9 avec Ajaccio, qui conna\u00eet la Ligue 2 par coeur. Que s\u2019est-il pass\u00e9 ? Ils sont mont\u00e9s et sacr\u00e9s champions. \u00bb<\/p>\n<p style=\"text-align: justify;\">Photo Stephane Pillaud\/Icon Sport<\/p>\n","protected":false},"excerpt":{"rendered":"Pour la troisi\u00e8me saison en l\u2019espace de quatre ann\u00e9es, l\u2019AS\u00a0Saint-\u00c9tienne va \u00eatre un pensionnaire de\u00a0Ligue 2\u00a0en 2025-2026 !&hellip;\n","protected":false},"author":2,"featured_media":111420,"comment_status":"","ping_status":"","sticky":false,"template":"","format":"standard","meta":{"footnotes":""},"categories":[9653],"tags":[1111,11,2430,17066,1777,674,1011,27,12,23067,25,4001],"class_list":{"0":"post-111419","1":"post","2":"type-post","3":"status-publish","4":"format-standard","5":"has-post-thumbnail","7":"category-saint-etienne","8":"tag-actu","9":"tag-actualites","10":"tag-auvergne-rhone-alpes","11":"tag-eirik-horneland","12":"tag-eu","13":"tag-europe","14":"tag-fr","15":"tag-france","16":"tag-news","17":"tag-regis-brouard","18":"tag-republique-francaise","19":"tag-saint-etienne"},"share_on_mastodon":{"url":"https:\/\/pubeurope.com\/@fr\/114533833611511541","error":""},"_links":{"self":[{"href":"https:\/\/www.europesays.com\/fr\/wp-json\/wp\/v2\/posts\/111419","targetHints":{"allow":["GET"]}}],"collection":[{"href":"https:\/\/www.europesays.com\/fr\/wp-json\/wp\/v2\/posts"}],"about":[{"href":"https:\/\/www.europesays.com\/fr\/wp-json\/wp\/v2\/types\/post"}],"author":[{"embeddable":true,"href":"https:\/\/www.europesays.com\/fr\/wp-json\/wp\/v2\/users\/2"}],"replies":[{"embeddable":true,"href":"https:\/\/www.europesays.com\/fr\/wp-json\/wp\/v2\/comments?post=111419"}],"version-history":[{"count":0,"href":"https:\/\/www.europesays.com\/fr\/wp-json\/wp\/v2\/posts\/111419\/revisions"}],"wp:featuredmedia":[{"embeddable":true,"href":"https:\/\/www.europesays.com\/fr\/wp-json\/wp\/v2\/media\/111420"}],"wp:attachment":[{"href":"https:\/\/www.europesays.com\/fr\/wp-json\/wp\/v2\/media?parent=111419"}],"wp:term":[{"taxonomy":"category","embeddable":true,"href":"https:\/\/www.europesays.com\/fr\/wp-json\/wp\/v2\/categories?post=111419"},{"taxonomy":"post_tag","embeddable":true,"href":"https:\/\/www.europesays.com\/fr\/wp-json\/wp\/v2\/tags?post=111419"}],"curies":[{"name":"wp","href":"https:\/\/api.w.org\/{rel}","templated":true}]}}