{"id":111421,"date":"2025-05-19T09:39:10","date_gmt":"2025-05-19T09:39:10","guid":{"rendered":"https:\/\/www.europesays.com\/fr\/111421\/"},"modified":"2025-05-19T09:39:10","modified_gmt":"2025-05-19T09:39:10","slug":"nancy-guillaume-gallienne-presidera-ledition-2025-du-livre-sur-la-place","status":"publish","type":"post","link":"https:\/\/www.europesays.com\/fr\/111421\/","title":{"rendered":"Nancy. Guillaume Gallienne pr\u00e9sidera l\u2019\u00e9dition 2025 du Livre sur la Place"},"content":{"rendered":"<p>L\u2019acteur Guillaume Gallienne sera le pr\u00e9sident du prochain Livre sur la Place, \u00e0 Nancy, du 12 au 14\u00a0septembre. Le com\u00e9dien, soci\u00e9taire de la Com\u00e9die-Fran\u00e7aise, a lu pendant plus de dix ans des \u0153uvres litt\u00e9raires pour le groupe Radio-France. Sa voix inimitable, au phras\u00e9 parfait, a berc\u00e9 des g\u00e9n\u00e9rations d\u2019auditeurs. <a href=\"https:\/\/www.estrepublicain.fr\/culture-loisirs\/2021\/09\/12\/43e-livre-sur-la-place-la-troisieme-page-du-festival-commence-a-s-ecrire\" target=\"_blank\" rel=\"noopener\">Il \u00e9tait venu \u00e0 Nancy en 2021.<\/a><\/p>\n<p>Non seulement r\u00e9alisateur <a href=\"https:\/\/www.estrepublicain.fr\/art-et-culture\/2013\/11\/20\/le-feminin-singulier-d-un-fils-a-sa-maman\" target=\"_blank\" rel=\"noopener\">du film Guillaume et les gar\u00e7ons, \u00e0 table \u00a0!,<\/a> tr\u00e8s fortement autobiographique, o\u00f9 il interpr\u00e8te \u00e0 la fois son propre r\u00f4le et celui de sa m\u00e8re, il vient de publier un premier roman. Le Buveur de brume est un r\u00e9cit dans lequel il revient sur ses origines g\u00e9orgiennes et sur son pass\u00e9 familial.<\/p>\n<p>Trois autres personnalit\u00e9s sont attendues pour la prochaine \u00e9dition du grand salon litt\u00e9raire de la rentr\u00e9e. <a href=\"https:\/\/www.estrepublicain.fr\/societe\/2021\/05\/24\/anne-sinclair-s-exprime-pour-la-premiere-fois-dix-ans-apres-l-affaire-dsk\" target=\"_blank\" rel=\"noopener\">La journaliste Anne Sinclair<\/a> sera la pr\u00e9sidente du prix Livre et droits humains. <a href=\"https:\/\/www.estrepublicain.fr\/p\/kamel-daoud\" target=\"_blank\" rel=\"noopener\">Kamel Daoud<\/a>, laur\u00e9at du Goncourt 2024, <a href=\"https:\/\/www.estrepublicain.fr\/faits-divers-justice\/2025\/02\/14\/kamel-daoud-a-vole-mon-histoire-le-laureat-du-goncourt-2024-assigne-en-france\" target=\"_blank\" rel=\"noopener\">au c\u0153ur d\u2019une proc\u00e9dure judiciaire,<\/a> pr\u00e9sidera le prix Stanislas, qui r\u00e9compense un premier roman francophone de la rentr\u00e9e litt\u00e9raire.<\/p>\n<p>Enfin <a href=\"https:\/\/www.estrepublicain.fr\/culture-loisirs\/2022\/03\/04\/le-guerrier-de-porcelaine-de-mathias-malzieu\" target=\"_blank\" rel=\"noopener\">Mathias Malzieu, le chanteur du groupe Dionysos, \u00e9crivain,<\/a> sera le pr\u00e9sident du prix Gingko du livre audio. <\/p>\n<p>Tous trois devraient \u00eatre pr\u00e9sents \u00e0 Nancy pour la remise de ces prix.<\/p>\n","protected":false},"excerpt":{"rendered":"L\u2019acteur Guillaume Gallienne sera le pr\u00e9sident du prochain Livre sur la Place, \u00e0 Nancy, du 12 au 14\u00a0septembre.&hellip;\n","protected":false},"author":2,"featured_media":111422,"comment_status":"","ping_status":"","sticky":false,"template":"","format":"standard","meta":{"footnotes":""},"categories":[9635],"tags":[1111,11,650,1687,3602,1707,1704,1706,1705,10174,1777,674,1011,27,775,2410,1702,1703,12,25],"class_list":{"0":"post-111421","1":"post","2":"type-post","3":"status-publish","4":"format-standard","5":"has-post-thumbnail","7":"category-nancy","8":"tag-actu","9":"tag-actualites","10":"tag-cinema","11":"tag-culture-loisirs","12":"tag-edition-bar-le-duc","13":"tag-edition-luneville","14":"tag-edition-nancy-et-agglomeration","15":"tag-edition-pont-a-mousson","16":"tag-edition-toul","17":"tag-edition-verdun","18":"tag-eu","19":"tag-europe","20":"tag-fr","21":"tag-france","22":"tag-grand-est","23":"tag-livres-bd","24":"tag-nancy","25":"tag-nancy-ville-54b","26":"tag-news","27":"tag-republique-francaise"},"share_on_mastodon":{"url":"https:\/\/pubeurope.com\/@fr\/114533837507733813","error":""},"_links":{"self":[{"href":"https:\/\/www.europesays.com\/fr\/wp-json\/wp\/v2\/posts\/111421","targetHints":{"allow":["GET"]}}],"collection":[{"href":"https:\/\/www.europesays.com\/fr\/wp-json\/wp\/v2\/posts"}],"about":[{"href":"https:\/\/www.europesays.com\/fr\/wp-json\/wp\/v2\/types\/post"}],"author":[{"embeddable":true,"href":"https:\/\/www.europesays.com\/fr\/wp-json\/wp\/v2\/users\/2"}],"replies":[{"embeddable":true,"href":"https:\/\/www.europesays.com\/fr\/wp-json\/wp\/v2\/comments?post=111421"}],"version-history":[{"count":0,"href":"https:\/\/www.europesays.com\/fr\/wp-json\/wp\/v2\/posts\/111421\/revisions"}],"wp:featuredmedia":[{"embeddable":true,"href":"https:\/\/www.europesays.com\/fr\/wp-json\/wp\/v2\/media\/111422"}],"wp:attachment":[{"href":"https:\/\/www.europesays.com\/fr\/wp-json\/wp\/v2\/media?parent=111421"}],"wp:term":[{"taxonomy":"category","embeddable":true,"href":"https:\/\/www.europesays.com\/fr\/wp-json\/wp\/v2\/categories?post=111421"},{"taxonomy":"post_tag","embeddable":true,"href":"https:\/\/www.europesays.com\/fr\/wp-json\/wp\/v2\/tags?post=111421"}],"curies":[{"name":"wp","href":"https:\/\/api.w.org\/{rel}","templated":true}]}}