{"id":111427,"date":"2025-05-19T09:42:16","date_gmt":"2025-05-19T09:42:16","guid":{"rendered":"https:\/\/www.europesays.com\/fr\/111427\/"},"modified":"2025-05-19T09:42:16","modified_gmt":"2025-05-19T09:42:16","slug":"greve-des-taxis-des-bouchons-de-plus-dune-heure-sur-la50-et-a57","status":"publish","type":"post","link":"https:\/\/www.europesays.com\/fr\/111427\/","title":{"rendered":"Gr\u00e8ve des taxis : des bouchons de plus d\u2019une heure sur l&rsquo;A50 et A57"},"content":{"rendered":"<p><img loading=\"lazy\" decoding=\"async\" alt=\"\u00a9 Shutterstock - L'op\u00e9ration doit se tenir jusqu'\u00e0 ce soir.\" data-zoom-src=\"https:\/\/www.europesays.com\/fr\/wp-content\/uploads\/2025\/05\/initial-taxi-toulon-operation-escargot.jpg\" data-zoomable=\"\" height=\"702\" src=\"https:\/\/www.europesays.com\/fr\/wp-content\/uploads\/2025\/05\/initial-taxi-toulon-operation-escargot.jpg\" width=\"1248\"\/>  <\/p>\n<p class=\"article-desc\">\u00a9 Shutterstock &#8211; L&rsquo;op\u00e9ration doit se tenir jusqu&rsquo;\u00e0 ce soir. <\/p>\n<p>Mobilis\u00e9s contre <a href=\"https:\/\/mesinfos.fr\/69000-lyon\/transport-des-malades-pourquoi-les-taxis-se-mobilisent-a-lyon-211873.html\" rel=\"noopener\" target=\"_blank\">la baisse de la tarification des transports de malades<\/a> propos\u00e9e par l\u2019Assurance maladie, <strong>les taxis organisent actuellement une op\u00e9ration escargot<\/strong>. Dans l\u2019aire toulonnaise, le trafic routier est fortement impact\u00e9 \u00e0 9 h. <\/p>\n<p>Sur l<strong>\u2019A50 en venant de Marseille<\/strong>, une heure d\u2019embouteillages est signal\u00e9e. Les gr\u00e9vistes sont localis\u00e9s <strong>au niveau de Bandol<\/strong>. La pr\u00e9fecture conseille aux conducteurs de <strong>prendre la sortie 12.1 \u00e0 Ollioules<\/strong>. Une sortie obligatoire est mise en place \u00e0 Six-Fours (sortie 13). <\/p>\n<p>\u00c0 l\u2019est de la m\u00e9tropole, une heure de<strong> ralentissement est constat\u00e9e depuis Puget-Ville sur l\u2019A57<\/strong>. La sortie 17 Toulon-centre est obligatoire pour tous les conducteurs. <\/p>\n<p>Gr\u00e8ve des taxis : le tunnel de Toulon ferm\u00e9 dans les deux sens <\/p>\n<p>Le tunnel de Toulon est ferm\u00e9 dans les deux sens pour une dur\u00e9e ind\u00e9termin\u00e9e. Le pr\u00e9fet invite donc les usagers \u00e0 limiter leurs d\u00e9placements. Un appel \u00e0 la vigilance est aussi lanc\u00e9 aux <strong>p\u00e9ages du Muy et de Fr\u00e9jus-Est sur l&rsquo;A8<\/strong> o\u00f9 une <strong>op\u00e9ration de tractage<\/strong> est en cours avec des pi\u00e9tons sur les voies. Trois kilom\u00e8tres de bouchons sont constat\u00e9s au Muy.\u00a0 <\/p>\n<p>Aucun horaire de fin de mobilisation n&rsquo;a \u00e9t\u00e9 \u00e9voqu\u00e9 par les taxis.\u00a0 <\/p>\n<p>Pour suivre l&rsquo;\u00e9volution\u00a0des conditions de circulation : <a href=\"https:\/\/www.facebook.com\/Prefet83?locale=fr_FR\" rel=\"noopener\" target=\"_blank\">@prefet83<\/a> (Facebook) ou <a href=\"https:\/\/x.com\/Prefet83\" rel=\"noopener\" target=\"_blank\">@prefet83<\/a> (X) <\/p>\n","protected":false},"excerpt":{"rendered":"\u00a9 Shutterstock &#8211; L&rsquo;op\u00e9ration doit se tenir jusqu&rsquo;\u00e0 ce soir. Mobilis\u00e9s contre la baisse de la tarification des&hellip;\n","protected":false},"author":2,"featured_media":111428,"comment_status":"","ping_status":"","sticky":false,"template":"","format":"standard","meta":{"footnotes":""},"categories":[9619],"tags":[1111,11,7480,1777,674,1011,27,1272,12,882,25,2310,800],"class_list":{"0":"post-111427","1":"post","2":"type-post","3":"status-publish","4":"format-standard","5":"has-post-thumbnail","7":"category-toulon","8":"tag-actu","9":"tag-actualites","10":"tag-autoroutes","11":"tag-eu","12":"tag-europe","13":"tag-fr","14":"tag-france","15":"tag-manifestations","16":"tag-news","17":"tag-provence-alpes-cote-dazur","18":"tag-republique-francaise","19":"tag-toulon","20":"tag-transports"},"share_on_mastodon":{"url":"https:\/\/pubeurope.com\/@fr\/114533849143261520","error":""},"_links":{"self":[{"href":"https:\/\/www.europesays.com\/fr\/wp-json\/wp\/v2\/posts\/111427","targetHints":{"allow":["GET"]}}],"collection":[{"href":"https:\/\/www.europesays.com\/fr\/wp-json\/wp\/v2\/posts"}],"about":[{"href":"https:\/\/www.europesays.com\/fr\/wp-json\/wp\/v2\/types\/post"}],"author":[{"embeddable":true,"href":"https:\/\/www.europesays.com\/fr\/wp-json\/wp\/v2\/users\/2"}],"replies":[{"embeddable":true,"href":"https:\/\/www.europesays.com\/fr\/wp-json\/wp\/v2\/comments?post=111427"}],"version-history":[{"count":0,"href":"https:\/\/www.europesays.com\/fr\/wp-json\/wp\/v2\/posts\/111427\/revisions"}],"wp:featuredmedia":[{"embeddable":true,"href":"https:\/\/www.europesays.com\/fr\/wp-json\/wp\/v2\/media\/111428"}],"wp:attachment":[{"href":"https:\/\/www.europesays.com\/fr\/wp-json\/wp\/v2\/media?parent=111427"}],"wp:term":[{"taxonomy":"category","embeddable":true,"href":"https:\/\/www.europesays.com\/fr\/wp-json\/wp\/v2\/categories?post=111427"},{"taxonomy":"post_tag","embeddable":true,"href":"https:\/\/www.europesays.com\/fr\/wp-json\/wp\/v2\/tags?post=111427"}],"curies":[{"name":"wp","href":"https:\/\/api.w.org\/{rel}","templated":true}]}}