{"id":1114273,"date":"2026-08-07T21:18:16","date_gmt":"2026-08-07T21:18:16","guid":{"rendered":"https:\/\/www.europesays.com\/fr\/1114273\/"},"modified":"2026-08-07T21:18:16","modified_gmt":"2026-08-07T21:18:16","slug":"medias-david-gluzman-de-lafter-foot-voit-montpellier-monter-directement","status":"publish","type":"post","link":"https:\/\/www.europesays.com\/fr\/1114273\/","title":{"rendered":"[M\u00e9dias] David Gluzman de l\u2019After Foot voit Montpellier monter directement."},"content":{"rendered":"<p class=\"wp-block-paragraph\">Mercredi soir l\u2019\u00e9quipe de l\u2019After Foot sur RMC s\u2019est pench\u00e9 sur le championnat de Ligue 2. Ainsi les chroniqueurs se sont prononc\u00e9s sur les \u00e9quipes qui vont jouer les premiers r\u00f4les cette saison.<\/p>\n<p class=\"wp-block-paragraph\">Florent Gautreau s\u2019est lui montr\u00e9 un peu sceptique sur le cas des Montpelli\u00e9rains. \u201cUne interrogation concerne Montpellier par rapport au projet global et au fait que les Nicollin ont d\u00e9cid\u00e9 de rester aux manettes. Cette \u00e9quipe , \u00e0 l\u2019inverse de Saint-Etienne, aura besoin d\u2019un rebond et d\u2019un second souffle dans sa gouvernance.\u201d \u2026 \u201cL\u2019histoire est bien, l\u2019effectif est interessant.  Mais j\u2019ai peur que \u00e7a soit pas suffisant par rapport aux gros budgets que sont Nantes et Saint-Etienne.Evidemment ils peuvent jouer les places de barragiste.\u201d \u2026 \u201cLe d\u00e9fi est sympa mais il va \u00eatre compliqu\u00e9 pour monter.\u201d<\/p>\n<blockquote class=\"twitter-tweet\" data-width=\"550\" data-dnt=\"true\">\n<p lang=\"fr\" dir=\"ltr\">Les avis de <a href=\"https:\/\/x.com\/FlorentGautreau?ref_src=twsrc%5Etfw\" rel=\"nofollow\">@FlorentGautreau<\/a> et <a href=\"https:\/\/x.com\/Menehem02?ref_src=twsrc%5Etfw\" rel=\"nofollow\">@Menehem02<\/a> divergent concernant la saison de Montpellier.<\/p>\n<p>Florent : \u00ab\u00a0Le fait que les Nicollin restent aux manettes\u2026 Je pense que Montpellier aura besoin d&rsquo;un rebond et d&rsquo;un second souffle dans sa gouvernance \u00e0 un moment ou un autre.\u00a0\u00bb <a href=\"https:\/\/t.co\/u1v7Q38oTy\" rel=\"nofollow\">pic.twitter.com\/u1v7Q38oTy<\/a><\/p>\n<p>\u2014 After Foot RMC (@AfterRMC) <a href=\"https:\/\/x.com\/AfterRMC\/status\/2085078061767086502?ref_src=twsrc%5Etfw\" rel=\"nofollow\">August 5, 2026<\/a><\/p><\/blockquote>\n<p class=\"wp-block-paragraph\">David Gluzman s\u2019est montr\u00e9 lui plus optimiste sur la d\u00e9cision des Nicollin de garder leurs pr\u00e9rogatives. \u201cMoi j\u2019y crois \u00e0 cette reprise en main des Nicollin. Je pense que c\u2019est une vrai histoire familiale o\u00f9 avec Olivier ils se sont r\u00e9unis et ils se sont dit \u201con repart pour un tour, mais un vrai tour\u201d\u201d. David pla\u00e7ant m\u00eame Montpellier parmi les 2 qui vont monter directement en fin de saison. <\/p>\n<p>L\u2019occasion de vous rappeller que David Gluzman \u00e9tait notre invit\u00e9 hier lors du APSHOW de rentr\u00e9e je vous mets le replay ci dessous. Nous y avons discut\u00e9 de la vente avort\u00e9e du club t de la future saison du MHSC.<\/p>\n<\/p>\n<p>  <script async src=\"https:\/\/platform.twitter.com\/widgets.js\" charset=\"utf-8\"><\/script><\/p>\n","protected":false},"excerpt":{"rendered":"Mercredi soir l\u2019\u00e9quipe de l\u2019After Foot sur RMC s\u2019est pench\u00e9 sur le championnat de Ligue 2. Ainsi les&hellip;\n","protected":false},"author":2,"featured_media":1114274,"comment_status":"","ping_status":"","sticky":false,"template":"","format":"standard","meta":{"footnotes":"","_share_on_mastodon":"0"},"categories":[9599],"tags":[328,1111,11,1777,674,2257,63,1011,27,446,500,463,2208,12,2680,25],"class_list":["post-1114273","post","type-post","status-publish","format-standard","has-post-thumbnail","category-montpellier","tag-a-la-une","tag-actu","tag-actualites","tag-eu","tag-europe","tag-foot","tag-football","tag-fr","tag-france","tag-ligue-2","tag-medias","tag-mhsc","tag-montpellier","tag-news","tag-occitanie","tag-republique-francaise"],"share_on_mastodon":{"url":"https:\/\/pubeurope.com\/@fr\/117056314245992426","error":""},"_links":{"self":[{"href":"https:\/\/www.europesays.com\/fr\/wp-json\/wp\/v2\/posts\/1114273","targetHints":{"allow":["GET"]}}],"collection":[{"href":"https:\/\/www.europesays.com\/fr\/wp-json\/wp\/v2\/posts"}],"about":[{"href":"https:\/\/www.europesays.com\/fr\/wp-json\/wp\/v2\/types\/post"}],"author":[{"embeddable":true,"href":"https:\/\/www.europesays.com\/fr\/wp-json\/wp\/v2\/users\/2"}],"replies":[{"embeddable":true,"href":"https:\/\/www.europesays.com\/fr\/wp-json\/wp\/v2\/comments?post=1114273"}],"version-history":[{"count":0,"href":"https:\/\/www.europesays.com\/fr\/wp-json\/wp\/v2\/posts\/1114273\/revisions"}],"wp:featuredmedia":[{"embeddable":true,"href":"https:\/\/www.europesays.com\/fr\/wp-json\/wp\/v2\/media\/1114274"}],"wp:attachment":[{"href":"https:\/\/www.europesays.com\/fr\/wp-json\/wp\/v2\/media?parent=1114273"}],"wp:term":[{"taxonomy":"category","embeddable":true,"href":"https:\/\/www.europesays.com\/fr\/wp-json\/wp\/v2\/categories?post=1114273"},{"taxonomy":"post_tag","embeddable":true,"href":"https:\/\/www.europesays.com\/fr\/wp-json\/wp\/v2\/tags?post=1114273"}],"curies":[{"name":"wp","href":"https:\/\/api.w.org\/{rel}","templated":true}]}}