{"id":1114291,"date":"2026-08-07T21:31:15","date_gmt":"2026-08-07T21:31:15","guid":{"rendered":"https:\/\/www.europesays.com\/fr\/1114291\/"},"modified":"2026-08-07T21:31:15","modified_gmt":"2026-08-07T21:31:15","slug":"fc-nantes-on-a-une-etiquette-a-assumer-previent-michel-der-zakarian-avant-la-reprise","status":"publish","type":"post","link":"https:\/\/www.europesays.com\/fr\/1114291\/","title":{"rendered":"FC Nantes : \u00ab\u00a0On a une \u00e9tiquette \u00e0 assumer\u00a0\u00bb, pr\u00e9vient Michel Der Zakarian avant la reprise"},"content":{"rendered":"\n<p class=\"isSelectedEnd\">Treize ans apr\u00e8s avoir quitt\u00e9 la Ligue 2, le FC Nantes retrouve un championnat plus relev\u00e9 que jamais. Les Canaris d\u00e9butent leur saison ce samedi (20h45) face au Red Star, dans une Beaujoire vide en raison du huis clos inflig\u00e9 apr\u00e8s les incidents de la derni\u00e8re journ\u00e9e de Ligue 1.<\/p>\n<p class=\"isSelectedEnd\">Pour Michel Der Zakarian, double artisan d&rsquo;une mont\u00e9e avec le FCN, le d\u00e9cor est plant\u00e9 :<strong> le championnat est plus dense, plus intense et seuls deux clubs acc\u00e9deront directement \u00e0 la Ligue 1.<\/strong><\/p>\n<p class=\"isSelectedEnd\">\u00a0<\/p>\n<blockquote><p>\n\u00ab\u00a0Personne ne nous fera de cadeau\u00a0\u00bb\n<\/p><\/blockquote>\n<p class=\"isSelectedEnd\">\u00a0<\/p>\n<p class=\"isSelectedEnd\">\u00ab\u00a0Cette Ligue 2 a chang\u00e9. Il n&rsquo;y a plus que 18 \u00e9quipes, certaines sont d&rsquo;anciennes places fortes de Ligue 1 et le niveau s&rsquo;est \u00e9lev\u00e9. C&rsquo;est un championnat beaucoup plus difficile.\u00a0\u00bb<\/p>\n<p class=\"isSelectedEnd\"><strong>Le technicien sait aussi que Nantes sera attendu partout.<\/strong> \u00ab\u00a0Le FC Nantes est une grande \u00e9curie. On a une \u00e9tiquette \u00e0 assumer. Ce sera la bagarre \u00e0 chaque match. Personne ne nous fera de cadeau.\u00a0\u00bb<\/p>\n<p class=\"isSelectedEnd\"><strong>M\u00eame prudence chez le capitaine Fr\u00e9d\u00e9ric Guilbert. <\/strong>\u00ab\u00a0On n&rsquo;est pas les favoris du championnat. Metz ou Saint-\u00c9tienne sont peut-\u00eatre un peu plus arm\u00e9s aujourd&rsquo;hui. Mais parce que nous sommes le FC Nantes, notre objectif est de remonter en Ligue 1.\u00a0\u00bb<\/p>\n<p class=\"isSelectedEnd\">Le d\u00e9fenseur rappelle que toutes les \u00e9quipes de Ligue 2 sont d\u00e9sormais comp\u00e9titives et que chaque d\u00e9placement sera un d\u00e9fi.<\/p>\n<p class=\"isSelectedEnd\">\u00a0<\/p>\n<blockquote><p>\nFaire de la Beaujoire une forteresse\n<\/p><\/blockquote>\n<p class=\"isSelectedEnd\">Pour retrouver l&rsquo;\u00e9lite, Fr\u00e9d\u00e9ric Guilbert fixe une priorit\u00e9 : gagner \u00e0 domicile. \u00ab\u00a0Il faut rendre la Beaujoire imprenable. C&rsquo;est la cl\u00e9 d&rsquo;une saison r\u00e9ussie.\u00a0\u00bb<\/p>\n<p>Les Canaris devront pourtant composer sans leurs supporters pour cette premi\u00e8re journ\u00e9e.<\/p>\n<p>La r\u00e9ception du Red Star se disputera \u00e0 huis clos, cons\u00e9quence des incidents survenus face \u00e0 Toulouse en mai dernier.<\/p>\n","protected":false},"excerpt":{"rendered":"Treize ans apr\u00e8s avoir quitt\u00e9 la Ligue 2, le FC Nantes retrouve un championnat plus relev\u00e9 que jamais.&hellip;\n","protected":false},"author":2,"featured_media":1114292,"comment_status":"","ping_status":"","sticky":false,"template":"","format":"standard","meta":{"footnotes":"","_share_on_mastodon":"0"},"categories":[2818],"tags":[1111,11,1777,674,462,63,1011,27,98747,446,3047,16124,766,12,2636,25,60],"class_list":["post-1114291","post","type-post","status-publish","format-standard","has-post-thumbnail","category-nantes","tag-actu","tag-actualites","tag-eu","tag-europe","tag-fc-nantes","tag-football","tag-fr","tag-france","tag-frederic-guilbert","tag-ligue-2","tag-loire-atlantique","tag-michel-der-zakarian","tag-nantes","tag-news","tag-pays-de-la-loire","tag-republique-francaise","tag-sports"],"share_on_mastodon":{"url":"https:\/\/pubeurope.com\/@fr\/117056365378016243","error":""},"_links":{"self":[{"href":"https:\/\/www.europesays.com\/fr\/wp-json\/wp\/v2\/posts\/1114291","targetHints":{"allow":["GET"]}}],"collection":[{"href":"https:\/\/www.europesays.com\/fr\/wp-json\/wp\/v2\/posts"}],"about":[{"href":"https:\/\/www.europesays.com\/fr\/wp-json\/wp\/v2\/types\/post"}],"author":[{"embeddable":true,"href":"https:\/\/www.europesays.com\/fr\/wp-json\/wp\/v2\/users\/2"}],"replies":[{"embeddable":true,"href":"https:\/\/www.europesays.com\/fr\/wp-json\/wp\/v2\/comments?post=1114291"}],"version-history":[{"count":0,"href":"https:\/\/www.europesays.com\/fr\/wp-json\/wp\/v2\/posts\/1114291\/revisions"}],"wp:featuredmedia":[{"embeddable":true,"href":"https:\/\/www.europesays.com\/fr\/wp-json\/wp\/v2\/media\/1114292"}],"wp:attachment":[{"href":"https:\/\/www.europesays.com\/fr\/wp-json\/wp\/v2\/media?parent=1114291"}],"wp:term":[{"taxonomy":"category","embeddable":true,"href":"https:\/\/www.europesays.com\/fr\/wp-json\/wp\/v2\/categories?post=1114291"},{"taxonomy":"post_tag","embeddable":true,"href":"https:\/\/www.europesays.com\/fr\/wp-json\/wp\/v2\/tags?post=1114291"}],"curies":[{"name":"wp","href":"https:\/\/api.w.org\/{rel}","templated":true}]}}