{"id":111443,"date":"2025-05-19T09:50:24","date_gmt":"2025-05-19T09:50:24","guid":{"rendered":"https:\/\/www.europesays.com\/fr\/111443\/"},"modified":"2025-05-19T09:50:24","modified_gmt":"2025-05-19T09:50:24","slug":"larrivee-du-nouveau-directeur-sportif-loic-desire-officialisee","status":"publish","type":"post","link":"https:\/\/www.europesays.com\/fr\/111443\/","title":{"rendered":"l&rsquo;arriv\u00e9e du nouveau directeur sportif, Lo\u00efc D\u00e9sir\u00e9, officialis\u00e9e"},"content":{"rendered":"<p>            Par<br \/>\n        <strong><br \/>\n            <a href=\"https:\/\/actu.fr\/auteur\/clemence-pays02-actu-fr\" title=\"Consulter tous les articles de Cl\u00e9mence Pays\" rel=\"nofollow noopener\" target=\"_blank\">Cl\u00e9mence Pays<\/a><br \/>\n        <\/strong><\/p>\n<p>        Publi\u00e9 le<\/p>\n<p>            19 mai 2025 \u00e0 11h02        <\/p>\n<p>C\u2019\u00e9tait devenu un secret de polichinelle. <strong>Lo\u00efc D\u00e9sir\u00e9<\/strong> a \u00e9t\u00e9 officiellement nomm\u00e9 <strong>directeur sportif<\/strong> du <a href=\"https:\/\/actu.fr\/tag\/stade-rennais\" rel=\"nofollow noopener\" target=\"_blank\">Stade Rennais F.C<\/a>, dimanche 18\u00a0mai 2025. Il succ\u00e8de donc \u00e0 <a href=\"https:\/\/actu.fr\/bretagne\/rennes_35238\/stade-rennais-le-directeur-sportif-frederic-massara-quitte-le-club-moins-d-un-an-apres-son-arrivee_62648686.html\" rel=\"nofollow noopener\" target=\"_blank\">Fr\u00e9d\u00e9ric Massara, dont le d\u00e9part a \u00e9t\u00e9 annonc\u00e9 quelques jours plus t\u00f4t<\/a>.<\/p>\n<blockquote class=\"ac-article-quote wall-content\">\n<p>Sur les bords de la Vilaine, Lo\u00efc D\u00e9sir\u00e9 sera en charge de la politique sportive du club : de la formation, reconnue comme l\u2019une des plus performantes en Europe, \u00e0 l&rsquo;\u00e9quipe professionnelle.<\/p>\n<p>    <strong>Stade Rennais F.C.<\/strong>\n            <\/p><\/blockquote>\n<p class=\" wall-content\">\n<p>Une longue carri\u00e8re \u00e0 Strasbourg<\/p>\n<p class=\" wall-content\">Lo\u00efc D\u00e9sir\u00e9 a quitt\u00e9 Strasbourg, o\u00f9 il a offici\u00e9 en tant que <strong>responsable du recrutement du Racing Club de Strasbourg Alsace<\/strong>\u00a0de 2014 \u00e0 2025, pour la Bretagne.<\/p>\n<p class=\" wall-content\">Avant cela, \u00ab\u2009le Castelroussin a connu durant une quinzaine d\u2019ann\u00e9es diverses fonctions au sein du <strong>Vannes OC,<\/strong> club pour lequel il a \u00e9galement d\u00e9fendu les couleurs en tant que joueur\u2009\u00bb, souligne le Stade Rennais F.C.<\/p>\n<p class=\" wall-content\">Sa carri\u00e8re a \u00e9galement \u00e9t\u00e9 marqu\u00e9e par un passage aux Pays-Bas, en tant que recruteur pour l\u2019<strong>Ajax Amsterdam,<\/strong> de 2005 \u00e0 2014.<\/p>\n<p>Vid\u00e9os : en ce moment sur Actu<\/p>\n<p class=\" wall-content\">Suivez toute l\u2019actualit\u00e9 de vos villes et m\u00e9dias favoris en vous inscrivant \u00e0 <a href=\"https:\/\/moncompte.actu.fr\" title=\"D\u00e9couvez Mon Actu\" rel=\"nofollow noopener\" data-trk=\"{&quot;cta&quot;:{&quot;action&quot;:&quot;https:\\\/\\\/moncompte.actu.fr&quot;,&quot;category&quot;:&quot;mon compte&quot;,&quot;from&quot;:&quot;article footer&quot;,&quot;name&quot;:&quot;Mon actu&quot;,&quot;type&quot;:&quot;cta&quot;}}\" target=\"_blank\">Mon Actu<\/a>.<\/p>\n","protected":false},"excerpt":{"rendered":"Par Cl\u00e9mence Pays Publi\u00e9 le 19 mai 2025 \u00e0 11h02 C\u2019\u00e9tait devenu un secret de polichinelle. Lo\u00efc D\u00e9sir\u00e9&hellip;\n","protected":false},"author":2,"featured_media":111444,"comment_status":"","ping_status":"","sticky":false,"template":"","format":"standard","meta":{"footnotes":""},"categories":[2821],"tags":[1111,11,829,1777,674,63,1011,27,1434,12,584,25,60,3087],"class_list":{"0":"post-111443","1":"post","2":"type-post","3":"status-publish","4":"format-standard","5":"has-post-thumbnail","7":"category-rennes","8":"tag-actu","9":"tag-actualites","10":"tag-bretagne","11":"tag-eu","12":"tag-europe","13":"tag-football","14":"tag-fr","15":"tag-france","16":"tag-mercato","17":"tag-news","18":"tag-rennes","19":"tag-republique-francaise","20":"tag-sports","21":"tag-stade-rennais"},"share_on_mastodon":{"url":"https:\/\/pubeurope.com\/@fr\/114533880696240760","error":""},"_links":{"self":[{"href":"https:\/\/www.europesays.com\/fr\/wp-json\/wp\/v2\/posts\/111443","targetHints":{"allow":["GET"]}}],"collection":[{"href":"https:\/\/www.europesays.com\/fr\/wp-json\/wp\/v2\/posts"}],"about":[{"href":"https:\/\/www.europesays.com\/fr\/wp-json\/wp\/v2\/types\/post"}],"author":[{"embeddable":true,"href":"https:\/\/www.europesays.com\/fr\/wp-json\/wp\/v2\/users\/2"}],"replies":[{"embeddable":true,"href":"https:\/\/www.europesays.com\/fr\/wp-json\/wp\/v2\/comments?post=111443"}],"version-history":[{"count":0,"href":"https:\/\/www.europesays.com\/fr\/wp-json\/wp\/v2\/posts\/111443\/revisions"}],"wp:featuredmedia":[{"embeddable":true,"href":"https:\/\/www.europesays.com\/fr\/wp-json\/wp\/v2\/media\/111444"}],"wp:attachment":[{"href":"https:\/\/www.europesays.com\/fr\/wp-json\/wp\/v2\/media?parent=111443"}],"wp:term":[{"taxonomy":"category","embeddable":true,"href":"https:\/\/www.europesays.com\/fr\/wp-json\/wp\/v2\/categories?post=111443"},{"taxonomy":"post_tag","embeddable":true,"href":"https:\/\/www.europesays.com\/fr\/wp-json\/wp\/v2\/tags?post=111443"}],"curies":[{"name":"wp","href":"https:\/\/api.w.org\/{rel}","templated":true}]}}