{"id":1114602,"date":"2026-08-08T01:13:10","date_gmt":"2026-08-08T01:13:10","guid":{"rendered":"https:\/\/www.europesays.com\/fr\/1114602\/"},"modified":"2026-08-08T01:13:10","modified_gmt":"2026-08-08T01:13:10","slug":"grand-nancy-le-conducteur-du-trolley-oublie-de-baisser-les-perches-le-dispositif-de-securite-saute","status":"publish","type":"post","link":"https:\/\/www.europesays.com\/fr\/1114602\/","title":{"rendered":"Grand Nancy. Le conducteur du trolley oublie de baisser les perches, le dispositif de s\u00e9curit\u00e9 saute"},"content":{"rendered":"<p>Le Grand Nancy a communiqu\u00e9 sur un incident intervenu ce jeudi, \u00e0 la hauteur de la clinique Pasteur, \u00e0 Essey-l\u00e8s-Nancy. Un dispositif de s\u00e9curit\u00e9, appel\u00e9 \u00ab shunt \u00bb avait \u00e9t\u00e9 plac\u00e9 sur les c\u00e2bles d\u2019alimentation du trolley, pendant des travaux de chauffage urbain. Un trolley est arriv\u00e9 dont le conducteur a oubli\u00e9 de baisser les perches comme le voulait la proc\u00e9dure : le shunt a saut\u00e9 des fils a\u00e9riens. Il est tomb\u00e9 sur un v\u00e9hicule qui le suivait, brisant une vitre, sans faire de bless\u00e9, mais certainement causant une bonne frayeur. \u00ab Cet incident r\u00e9sulte d\u2019une erreur humaine : le conducteur n\u2019a pas respect\u00e9 la consigne de d\u00e9perchage en amont de la zone de travaux, insiste le communiqu\u00e9. Ni une d\u00e9faillance technique, ni un dysfonctionnement organisationnel ne sont \u00e0 l\u2019origine de cet \u00e9v\u00e9nement. \u00bb<\/p>\n","protected":false},"excerpt":{"rendered":"Le Grand Nancy a communiqu\u00e9 sur un incident intervenu ce jeudi, \u00e0 la hauteur de la clinique Pasteur,&hellip;\n","protected":false},"author":2,"featured_media":1114603,"comment_status":"","ping_status":"","sticky":false,"template":"","format":"standard","meta":{"footnotes":"","_share_on_mastodon":"0"},"categories":[9635],"tags":[119,1111,11,1704,11361,1777,674,274,1011,27,775,11362,3457,1702,12,25],"class_list":["post-1114602","post","type-post","status-publish","format-standard","has-post-thumbnail","category-nancy","tag-accident","tag-actu","tag-actualites","tag-edition-nancy-et-agglomeration","tag-essey-les-nancy","tag-eu","tag-europe","tag-faits-divers-justice","tag-fr","tag-france","tag-grand-est","tag-metropole-du-grand-nancy-54b3","tag-meurthe-et-moselle","tag-nancy","tag-news","tag-republique-francaise"],"share_on_mastodon":{"url":"https:\/\/pubeurope.com\/@fr\/117057238840169322","error":""},"_links":{"self":[{"href":"https:\/\/www.europesays.com\/fr\/wp-json\/wp\/v2\/posts\/1114602","targetHints":{"allow":["GET"]}}],"collection":[{"href":"https:\/\/www.europesays.com\/fr\/wp-json\/wp\/v2\/posts"}],"about":[{"href":"https:\/\/www.europesays.com\/fr\/wp-json\/wp\/v2\/types\/post"}],"author":[{"embeddable":true,"href":"https:\/\/www.europesays.com\/fr\/wp-json\/wp\/v2\/users\/2"}],"replies":[{"embeddable":true,"href":"https:\/\/www.europesays.com\/fr\/wp-json\/wp\/v2\/comments?post=1114602"}],"version-history":[{"count":0,"href":"https:\/\/www.europesays.com\/fr\/wp-json\/wp\/v2\/posts\/1114602\/revisions"}],"wp:featuredmedia":[{"embeddable":true,"href":"https:\/\/www.europesays.com\/fr\/wp-json\/wp\/v2\/media\/1114603"}],"wp:attachment":[{"href":"https:\/\/www.europesays.com\/fr\/wp-json\/wp\/v2\/media?parent=1114602"}],"wp:term":[{"taxonomy":"category","embeddable":true,"href":"https:\/\/www.europesays.com\/fr\/wp-json\/wp\/v2\/categories?post=1114602"},{"taxonomy":"post_tag","embeddable":true,"href":"https:\/\/www.europesays.com\/fr\/wp-json\/wp\/v2\/tags?post=1114602"}],"curies":[{"name":"wp","href":"https:\/\/api.w.org\/{rel}","templated":true}]}}