{"id":111462,"date":"2025-05-19T10:00:09","date_gmt":"2025-05-19T10:00:09","guid":{"rendered":"https:\/\/www.europesays.com\/fr\/111462\/"},"modified":"2025-05-19T10:00:09","modified_gmt":"2025-05-19T10:00:09","slug":"200g-de-cannabis-et-20-000-euros-saisis-apres-fuite-et-rebellion","status":"publish","type":"post","link":"https:\/\/www.europesays.com\/fr\/111462\/","title":{"rendered":"200g de cannabis et 20 000 euros saisis &#8230; apr\u00e8s fuite et r\u00e9bellion"},"content":{"rendered":"<p>\n\t\t\t\t\t\u00c0 Toulouse, un jeune homme \u00e0 trottinette refuse d\u2019obtemp\u00e9rer et se rebelle avec l\u2019aide sa m\u00e8re. \t\t\t\t<\/p>\n<p>\n\t\t\t\t\t\t\t\t\t\u00a9 Photo d\u2019illustration.\t\t\t\t\t\t\t\t<\/p>\n<p>Il y a quelques jours, \u00e0 <a href=\"https:\/\/infoccitanie.fr\/tag\/toulouse\/\" target=\"_blank\" rel=\"noopener\">Toulouse<\/a>, les <strong>policiers de la Brigade Anticriminalit\u00e9<\/strong> (BAC) sont intervenus pour interpeller un jeune homme suspect circulant \u00e0 trottinette. Cependant, \u00e0 la vue des forces de l\u2019ordre, l\u2019individu a <strong>refus\u00e9 d\u2019obtemp\u00e9rer<\/strong>, tentant de se soustraire \u00e0 leur contr\u00f4le. En effet, il a tent\u00e9 de fuir et s\u2019est rebell\u00e9 <strong>avec l\u2019aide sa propre m\u00e8re<\/strong>. Malgr\u00e9 ce comportement, les forces de l\u2019ordre ont r\u00e9ussi \u00e0 ma\u00eetriser le suspect.<\/p>\n<p>Saisie de drogue et d\u2019une importante somme d\u2019argent<\/p>\n<p>Selon les informations communiqu\u00e9es par <a href=\"https:\/\/www.facebook.com\/PoliceNat31\" target=\"_blank\" rel=\"nofollow noopener\">la Police Nationale de la Haute-Garonne<\/a>, lors de la fouille qui a suivi l\u2019interpellation, les policiers ont mis la main sur <strong>200 grammes de cannabis et pr\u00e8s de 20 000 euros en liquide<\/strong>. Une enqu\u00eate est en cours.<\/p>\n<p>Le refus d\u2019obtemp\u00e9rer, souvent coupl\u00e9 \u00e0 des comportements violents, est en forte augmentation dans plusieurs villes. Ce type d\u2019\u00e9v\u00e8nement illustre <strong>la r\u00e9activit\u00e9 des forces de l\u2019ordre<\/strong> ayant permis une <strong>saisie de drogue<\/strong> ainsi que <strong>l\u2019interpellation<\/strong> d\u2019un individu potentiellement impliqu\u00e9 dans un trafic structur\u00e9.<\/p>\n<p>Les autorit\u00e9s appellent les citoyens \u00e0 signaler <strong>tout comportement suspect<\/strong> en composant le 17 ou en contactant anonymement les forces de l\u2019ordre via la plateforme <a href=\"https:\/\/www.masecurite.interieur.gouv.fr\/fr\/actualites\/moncommissariat-fr-commissariat-en-ligne\" target=\"_blank\" rel=\"nofollow noopener\">Mon Commissariat<\/a>.<\/p>\n<p><a data-no-instant=\"1\" href=\"https:\/\/billetterie.usam-nimesgard.fr\/\" rel=\"noopener\" class=\"a2t-link\" aria-label=\"937-image\" target=\"_blank\"><img decoding=\"async\" src=\"https:\/\/www.europesays.com\/fr\/wp-content\/uploads\/2025\/05\/937-image.png\" alt=\"\"  \/><\/a>\t\t\t\t<\/p>\n","protected":false},"excerpt":{"rendered":"\u00c0 Toulouse, un jeune homme \u00e0 trottinette refuse d\u2019obtemp\u00e9rer et se rebelle avec l\u2019aide sa m\u00e8re. \u00a9 Photo&hellip;\n","protected":false},"author":2,"featured_media":111463,"comment_status":"","ping_status":"","sticky":false,"template":"","format":"standard","meta":{"footnotes":""},"categories":[2816],"tags":[1111,11,1777,674,1011,27,12,2680,4843,25,2312],"class_list":{"0":"post-111462","1":"post","2":"type-post","3":"status-publish","4":"format-standard","5":"has-post-thumbnail","7":"category-toulouse","8":"tag-actu","9":"tag-actualites","10":"tag-eu","11":"tag-europe","12":"tag-fr","13":"tag-france","14":"tag-news","15":"tag-occitanie","16":"tag-police-nationale","17":"tag-republique-francaise","18":"tag-toulouse"},"share_on_mastodon":{"url":"https:\/\/pubeurope.com\/@fr\/114533920041218565","error":""},"_links":{"self":[{"href":"https:\/\/www.europesays.com\/fr\/wp-json\/wp\/v2\/posts\/111462","targetHints":{"allow":["GET"]}}],"collection":[{"href":"https:\/\/www.europesays.com\/fr\/wp-json\/wp\/v2\/posts"}],"about":[{"href":"https:\/\/www.europesays.com\/fr\/wp-json\/wp\/v2\/types\/post"}],"author":[{"embeddable":true,"href":"https:\/\/www.europesays.com\/fr\/wp-json\/wp\/v2\/users\/2"}],"replies":[{"embeddable":true,"href":"https:\/\/www.europesays.com\/fr\/wp-json\/wp\/v2\/comments?post=111462"}],"version-history":[{"count":0,"href":"https:\/\/www.europesays.com\/fr\/wp-json\/wp\/v2\/posts\/111462\/revisions"}],"wp:featuredmedia":[{"embeddable":true,"href":"https:\/\/www.europesays.com\/fr\/wp-json\/wp\/v2\/media\/111463"}],"wp:attachment":[{"href":"https:\/\/www.europesays.com\/fr\/wp-json\/wp\/v2\/media?parent=111462"}],"wp:term":[{"taxonomy":"category","embeddable":true,"href":"https:\/\/www.europesays.com\/fr\/wp-json\/wp\/v2\/categories?post=111462"},{"taxonomy":"post_tag","embeddable":true,"href":"https:\/\/www.europesays.com\/fr\/wp-json\/wp\/v2\/tags?post=111462"}],"curies":[{"name":"wp","href":"https:\/\/api.w.org\/{rel}","templated":true}]}}