{"id":1114620,"date":"2026-08-08T01:26:12","date_gmt":"2026-08-08T01:26:12","guid":{"rendered":"https:\/\/www.europesays.com\/fr\/1114620\/"},"modified":"2026-08-08T01:26:12","modified_gmt":"2026-08-08T01:26:12","slug":"strasbourg-des-tags-antisemites-ont-ete-decouverts-au-neudorf","status":"publish","type":"post","link":"https:\/\/www.europesays.com\/fr\/1114620\/","title":{"rendered":"Strasbourg : des tags antis\u00e9mites ont \u00e9t\u00e9 d\u00e9couverts au Neudorf"},"content":{"rendered":"<p>    <img loading=\"lazy\" width=\"1800\" height=\"900\" src=\"https:\/\/www.europesays.com\/fr\/wp-content\/uploads\/2026\/04\/jeanne-callthepolice.jpg\" class=\"attachment-full size-full\" alt=\"\" id=\"imageLove\" decoding=\"async\"  \/><\/p>\n<p id=\"breadcrumbs\"><a href=\"https:\/\/pokaa.fr\/\" rel=\"nofollow noopener\" target=\"_blank\">Accueil<\/a> \/ <a href=\"https:\/\/pokaa.fr\/actu\/\" rel=\"nofollow noopener\" target=\"_blank\">Info locale<\/a> \/ Strasbourg : des tags antis\u00e9mites ont \u00e9t\u00e9 d\u00e9couverts au Neudorf<\/p>\n<p>                    Info locale<\/p>\n<p><b>Hier matin 5 ao\u00fbt, des tags antis\u00e9mites ont \u00e9t\u00e9 d\u00e9couverts rue de S\u00e9lestat et de Plobsheim, dans le quartier du Neudorf. Rappelant les tags nazis sur les commerces juifs en Allemagne des ann\u00e9es 30, ils ont accol\u00e9 une \u00e9toile de David en-dessous du mot \u00ab\u00a0Juifs\u00a0\u00bb. Catherine Trautmann a r\u00e9agi ce 6 ao\u00fbt,\u00a0 les condamnant \u00ab\u00a0avec la plus grande fermet\u00e9\u00a0\u00bb.<\/b><\/p>\n<p class=\"p1\"><a href=\"https:\/\/pokaa.fr\/2025\/05\/06\/a-strasbourg-deux-croix-gammees-decouvertes-a-cote-du-jardin-memoriel-de-la-shoah\/\" target=\"_blank\" rel=\"noopener nofollow\">Un an apr\u00e8s les croix gamm\u00e9es inscrites \u00e0 c\u00f4t\u00e9 du jardin m\u00e9moriel pour se souvenir des victimes de la Shoah<\/a>, <b>deux tags antis\u00e9mites ont \u00e9t\u00e9 retrouv\u00e9 le 5 ao\u00fbt au matin au sein sur une poubelle et sur un matelas, dans les rues de S\u00e9lestat et de Plobsheim<\/b>. Mentionnant le mot \u00ab\u00a0Juifs\u00a0\u00bb accol\u00e9 au-dessus d\u2019une \u00e9toile de David, ils rappellent les tags sur les commerces juifs en Allemagne des ann\u00e9es 30.<\/p>\n<p class=\"p1\">Ces tags ont \u00e9t\u00e9 d\u00e9couverts par des habitant(e)s du quartier, extr\u00eamement choqu\u00e9(e)s selon Actu Strasbourg. <b>Lorsque Pokaa s\u2019est rendu sur place ce 6 avril, le matelas avait \u00e9t\u00e9 retourn\u00e9 et les tags avaient \u00e9t\u00e9 enlev\u00e9s.\u00a0<\/b><\/p>\n<p>    <img width=\"800\" height=\"600\" src=\"https:\/\/www.europesays.com\/fr\/wp-content\/uploads\/2026\/08\/img-8647-800x600.jpeg\" class=\"attachment-image-size-L size-image-size-L\" alt=\"tag antisemite\" decoding=\"async\" loading=\"lazy\"  \/>         Les tags ont \u00e9t\u00e9 effac\u00e9s. \u00a9 Nicolas Kaspar \/ Pokaa <\/p>\n<p>Catherine Trautmann \u00ab\u00a0condamne avec la plus grande fermet\u00e9\u00a0\u00bb<\/p>\n<p class=\"p1\">R\u00e9agissant sur les coups de midi ce 6 ao\u00fbt, Catherine Trautmann a d\u00e9clar\u00e9 : <b>\u00ab\u00a0Je condamne avec la plus grande fermet\u00e9 les tags antis\u00e9mites d\u00e9couverts dans le quartier de Neudorf.\u00a0\u00bb<\/b> L\u2019\u00e9dile adresse \u00ab tout [son] soutien \u00e0 la communaut\u00e9 juive et \u00e0 l\u2019ensemble des Strasbourgeoises et Strasbourgeois qui rejettent ces expressions de haine.\u00a0\u00bb<\/p>\n<p class=\"p1\">Si elle souhaite<b> \u00ab\u00a0que les auteurs de ces inscriptions soient sanctionn\u00e9s en cons\u00e9quence de la gravit\u00e9 de tels actes\u00a0\u00bb<\/b>, elle rappelle \u00e9galement que \u00ab\u00a0face \u00e0 la haine, notre r\u00e9ponse sera toujours celle de la R\u00e9publique : l\u2019unit\u00e9, la fermet\u00e9 et la justice.\u00a0\u00bb<\/p>\n<p><strong>Pour rappel, l\u2019antis\u00e9mitisme, tout comme le racisme, ne sont pas des opinions, mais des d\u00e9lits fermement condamn\u00e9s par la loi. L\u2019auteur\/rice d\u2019une discrimination quelle qu\u2019elle soit peut se voit infliger jusqu\u2019\u00e0 3 ans d\u2019emprisonnement et 45 000 euros d\u2019amende.<\/strong><\/p>\n<p>    <img width=\"800\" height=\"600\" src=\"https:\/\/www.europesays.com\/fr\/wp-content\/uploads\/2026\/08\/img-8648-800x600.jpeg\" class=\"attachment-image-size-L size-image-size-L\" alt=\"tag antisemite\" decoding=\"async\" loading=\"lazy\"  \/>         \u00a9 Nicolas Kaspar \/ Pokaa <\/p>\n","protected":false},"excerpt":{"rendered":"Accueil \/ Info locale \/ Strasbourg : des tags antis\u00e9mites ont \u00e9t\u00e9 d\u00e9couverts au Neudorf Info locale Hier&hellip;\n","protected":false},"author":2,"featured_media":1114621,"comment_status":"","ping_status":"","sticky":false,"template":"","format":"standard","meta":{"footnotes":"","_share_on_mastodon":"0"},"categories":[2820],"tags":[1111,11,6155,1777,674,1011,27,775,2894,12,25,640],"class_list":["post-1114620","post","type-post","status-publish","format-standard","has-post-thumbnail","category-strasbourg","tag-actu","tag-actualites","tag-antisemitisme","tag-eu","tag-europe","tag-fr","tag-france","tag-grand-est","tag-neudorf","tag-news","tag-republique-francaise","tag-strasbourg"],"share_on_mastodon":{"url":"https:\/\/pubeurope.com\/@fr\/117057289619422225","error":""},"_links":{"self":[{"href":"https:\/\/www.europesays.com\/fr\/wp-json\/wp\/v2\/posts\/1114620","targetHints":{"allow":["GET"]}}],"collection":[{"href":"https:\/\/www.europesays.com\/fr\/wp-json\/wp\/v2\/posts"}],"about":[{"href":"https:\/\/www.europesays.com\/fr\/wp-json\/wp\/v2\/types\/post"}],"author":[{"embeddable":true,"href":"https:\/\/www.europesays.com\/fr\/wp-json\/wp\/v2\/users\/2"}],"replies":[{"embeddable":true,"href":"https:\/\/www.europesays.com\/fr\/wp-json\/wp\/v2\/comments?post=1114620"}],"version-history":[{"count":0,"href":"https:\/\/www.europesays.com\/fr\/wp-json\/wp\/v2\/posts\/1114620\/revisions"}],"wp:featuredmedia":[{"embeddable":true,"href":"https:\/\/www.europesays.com\/fr\/wp-json\/wp\/v2\/media\/1114621"}],"wp:attachment":[{"href":"https:\/\/www.europesays.com\/fr\/wp-json\/wp\/v2\/media?parent=1114620"}],"wp:term":[{"taxonomy":"category","embeddable":true,"href":"https:\/\/www.europesays.com\/fr\/wp-json\/wp\/v2\/categories?post=1114620"},{"taxonomy":"post_tag","embeddable":true,"href":"https:\/\/www.europesays.com\/fr\/wp-json\/wp\/v2\/tags?post=1114620"}],"curies":[{"name":"wp","href":"https:\/\/api.w.org\/{rel}","templated":true}]}}