{"id":111468,"date":"2025-05-19T10:03:08","date_gmt":"2025-05-19T10:03:08","guid":{"rendered":"https:\/\/www.europesays.com\/fr\/111468\/"},"modified":"2025-05-19T10:03:08","modified_gmt":"2025-05-19T10:03:08","slug":"quelles-sont-vos-idees-pour-ameliorer-le-quartier-de-sainte-marthe","status":"publish","type":"post","link":"https:\/\/www.europesays.com\/fr\/111468\/","title":{"rendered":"\u00a0quelles sont vos id\u00e9es pour am\u00e9liorer le quartier de Sainte-Marthe"},"content":{"rendered":"<p>Le lundi 26 mai, le focus de notre page d\u00e9di\u00e9e aux 111 quartiers de Marseille sera consacr\u00e9 \u00e0 Sainte-Marthe. Comment vit-on dans ce grand quartier du 14e arrondissement de Marseille, \u00e0 cheval entre espaces tr\u00e8s urbanis\u00e9s et zones agricoles, \u00e0 c\u00f4t\u00e9 du canal de Marseille.\u00a0<\/p>\n<p>Depuis une dizaine d&rsquo;ann\u00e9es, de jeunes agriculteurs et entrepreneurs s&rsquo;installent dans ce quartier o\u00f9 se trouvait l&rsquo;ancien si\u00e8ge de l&rsquo;entreprise Pernod-Ricard pour faire revivre un patrimoine oubli\u00e9. Terre de contraste, le quartier qui accueille d\u00e9j\u00e0 une gare SNCF, verra aussi s&rsquo;implanter d&rsquo;ici 2030 le nouvel h\u00f4pital militaire Laveran.\u00a0<\/p>\n<p>Habitez-vous le quartier ? Y travaillez-vous ? Comment trouvez-vous la vie \u00e0 Sainte-Marthe ? D\u00e9crivez-nous l&rsquo;esprit qui y r\u00e8gne, les atouts comme les difficult\u00e9s que vous rencontrez. Le manque de transports en commun impacte-t-il votre quotidien, la proximit\u00e9 avec les collines de l&rsquo;Etoile est-elle un plus ? Quels projets, travaux et initiatives pourraient contribuer \u00e0 am\u00e9liorer votre cadre de vie ou de travail ?\u00a0<\/p>\n<p>Votre t\u00e9moignage nous int\u00e9resse !<\/p>\n<p>Vous habitez ou travaillez \u00e0 Sainte-Marthe et avez des id\u00e9es pour am\u00e9liorer votre quartier ? Faites-nous en part !\u00a0<\/p>\n<p>Pour vos t\u00e9moignages, merci de r\u00e9diger un mail \u00e0\u00a0 <a href=\"https:\/\/www.laprovence.com\/cdn-cgi\/l\/email-protection\" class=\"__cf_email__\" data-cfemail=\"077562636664736e68696a667574626e6b6b62476b6677756871626964622964686a\" target=\"_blank\" rel=\"noopener\">[email\u00a0protected]<\/a>\u00a0<\/p>\n","protected":false},"excerpt":{"rendered":"Le lundi 26 mai, le focus de notre page d\u00e9di\u00e9e aux 111 quartiers de Marseille sera consacr\u00e9 \u00e0&hellip;\n","protected":false},"author":2,"featured_media":111469,"comment_status":"","ping_status":"","sticky":false,"template":"","format":"standard","meta":{"footnotes":""},"categories":[2814],"tags":[17,1111,11,1007,1777,674,1011,27,4021,884,12,866,882,4022,16,25,3333,4023],"class_list":{"0":"post-111468","1":"post","2":"type-post","3":"status-publish","4":"format-standard","5":"has-post-thumbnail","7":"category-marseille","8":"tag-17","9":"tag-actu","10":"tag-actualites","11":"tag-aux","12":"tag-eu","13":"tag-europe","14":"tag-fr","15":"tag-france","16":"tag-habitants","17":"tag-marseille","18":"tag-news","19":"tag-parole","20":"tag-provence-alpes-cote-dazur","21":"tag-quelles","22":"tag-region","23":"tag-republique-francaise","24":"tag-sont","25":"tag-vos"},"share_on_mastodon":{"url":"https:\/\/pubeurope.com\/@fr\/114533931700340130","error":""},"_links":{"self":[{"href":"https:\/\/www.europesays.com\/fr\/wp-json\/wp\/v2\/posts\/111468","targetHints":{"allow":["GET"]}}],"collection":[{"href":"https:\/\/www.europesays.com\/fr\/wp-json\/wp\/v2\/posts"}],"about":[{"href":"https:\/\/www.europesays.com\/fr\/wp-json\/wp\/v2\/types\/post"}],"author":[{"embeddable":true,"href":"https:\/\/www.europesays.com\/fr\/wp-json\/wp\/v2\/users\/2"}],"replies":[{"embeddable":true,"href":"https:\/\/www.europesays.com\/fr\/wp-json\/wp\/v2\/comments?post=111468"}],"version-history":[{"count":0,"href":"https:\/\/www.europesays.com\/fr\/wp-json\/wp\/v2\/posts\/111468\/revisions"}],"wp:featuredmedia":[{"embeddable":true,"href":"https:\/\/www.europesays.com\/fr\/wp-json\/wp\/v2\/media\/111469"}],"wp:attachment":[{"href":"https:\/\/www.europesays.com\/fr\/wp-json\/wp\/v2\/media?parent=111468"}],"wp:term":[{"taxonomy":"category","embeddable":true,"href":"https:\/\/www.europesays.com\/fr\/wp-json\/wp\/v2\/categories?post=111468"},{"taxonomy":"post_tag","embeddable":true,"href":"https:\/\/www.europesays.com\/fr\/wp-json\/wp\/v2\/tags?post=111468"}],"curies":[{"name":"wp","href":"https:\/\/api.w.org\/{rel}","templated":true}]}}