{"id":111474,"date":"2025-05-19T10:06:13","date_gmt":"2025-05-19T10:06:13","guid":{"rendered":"https:\/\/www.europesays.com\/fr\/111474\/"},"modified":"2025-05-19T10:06:13","modified_gmt":"2025-05-19T10:06:13","slug":"gomex-la-petite-cantine-mexicaine-tire-le-rideau","status":"publish","type":"post","link":"https:\/\/www.europesays.com\/fr\/111474\/","title":{"rendered":"Gomex , la petite cantine mexicaine, tire le rideau"},"content":{"rendered":"<p>C\u2019est la fin. Apr\u00e8s 13 ann\u00e9es de pr\u00e9sence au centre commercial de la Confluence, Gomex , la petite cantine mexicaine, a ferm\u00e9 ses portes d\u00e9finitivement. Sur la porte, un message d\u2019au revoir annonce la nouvelle \u00ab\u00a0avec regret\u00a0\u00bb, salue les clients fid\u00e8les et remercie les \u00e9quipes dont \u00ab\u00a0le talent et la fid\u00e9lit\u00e9 ont fait vivre ce lieu jour apr\u00e8s jour\u00a0\u00bb.<\/p>\n<p>  \u00ab\u00a0Proposer une vraie exp\u00e9rience authentique mexicaine\u00a0\u00bb<\/p>\n<p>Enrique Gomez Moro, qui avait fait ses armes \u00e0 l\u2019Institut Paul Bocuse, avait ouvert son restaurant de street food mexicaine en 2012, en m\u00eame temps que le centre commercial. L\u2019id\u00e9e, c\u2019\u00e9tait \u00ab\u00a0de proposer une vraie exp\u00e9rience authentique mexicaine, avec un excellent rapport qualit\u00e9\u00a0: boire, manger et m\u00eame d\u00e9guster un caf\u00e9 de l\u00e0-bas\u00a0! On essaye de proposer le plus de produits \u00e9quitables ou artisanaux\u00a0\u00bb, expliquait-il au Progr\u00e8s, quelques ann\u00e9es apr\u00e8s avoir ouvert alors que les clients et la communaut\u00e9 latine \u00e9taient fid\u00e8les.<\/p>\n<p>Quelques ann\u00e9es plus tard, le chef avait ouvert un second restaurant en plein c\u0153ur de la Presqu\u2019\u00eele, en 2017. C\u2019est l\u00e0, dans une ambiance mexicaine \u00e0 souhait, au 16 rue des Capucins, qu\u2019il donne d\u00e9sormais rendez-vous \u00e0 ses clients. On y retrouve les burritos, les tacos\u2026 Les ceviches en plus.<\/p>\n","protected":false},"excerpt":{"rendered":"C\u2019est la fin. Apr\u00e8s 13 ann\u00e9es de pr\u00e9sence au centre commercial de la Confluence, Gomex , la petite&hellip;\n","protected":false},"author":2,"featured_media":111475,"comment_status":"","ping_status":"","sticky":false,"template":"","format":"standard","meta":{"footnotes":""},"categories":[1889],"tags":[1111,11,2430,4406,33,2757,1777,674,1011,27,2428,12354,12353,12,25,2429],"class_list":{"0":"post-111474","1":"post","2":"type-post","3":"status-publish","4":"format-standard","5":"has-post-thumbnail","7":"category-lyon","8":"tag-actu","9":"tag-actualites","10":"tag-auvergne-rhone-alpes","11":"tag-commerce-et-services","12":"tag-economie","13":"tag-edition-lyon-villeurbanne","14":"tag-eu","15":"tag-europe","16":"tag-fr","17":"tag-france","18":"tag-lyon","19":"tag-lyon-2e","20":"tag-lyon-2e-arrondissement","21":"tag-news","22":"tag-republique-francaise","23":"tag-rhone"},"share_on_mastodon":{"url":"https:\/\/pubeurope.com\/@fr\/114533943428985710","error":""},"_links":{"self":[{"href":"https:\/\/www.europesays.com\/fr\/wp-json\/wp\/v2\/posts\/111474","targetHints":{"allow":["GET"]}}],"collection":[{"href":"https:\/\/www.europesays.com\/fr\/wp-json\/wp\/v2\/posts"}],"about":[{"href":"https:\/\/www.europesays.com\/fr\/wp-json\/wp\/v2\/types\/post"}],"author":[{"embeddable":true,"href":"https:\/\/www.europesays.com\/fr\/wp-json\/wp\/v2\/users\/2"}],"replies":[{"embeddable":true,"href":"https:\/\/www.europesays.com\/fr\/wp-json\/wp\/v2\/comments?post=111474"}],"version-history":[{"count":0,"href":"https:\/\/www.europesays.com\/fr\/wp-json\/wp\/v2\/posts\/111474\/revisions"}],"wp:featuredmedia":[{"embeddable":true,"href":"https:\/\/www.europesays.com\/fr\/wp-json\/wp\/v2\/media\/111475"}],"wp:attachment":[{"href":"https:\/\/www.europesays.com\/fr\/wp-json\/wp\/v2\/media?parent=111474"}],"wp:term":[{"taxonomy":"category","embeddable":true,"href":"https:\/\/www.europesays.com\/fr\/wp-json\/wp\/v2\/categories?post=111474"},{"taxonomy":"post_tag","embeddable":true,"href":"https:\/\/www.europesays.com\/fr\/wp-json\/wp\/v2\/tags?post=111474"}],"curies":[{"name":"wp","href":"https:\/\/api.w.org\/{rel}","templated":true}]}}