{"id":111478,"date":"2025-05-19T10:08:07","date_gmt":"2025-05-19T10:08:07","guid":{"rendered":"https:\/\/www.europesays.com\/fr\/111478\/"},"modified":"2025-05-19T10:08:07","modified_gmt":"2025-05-19T10:08:07","slug":"manifestations-des-taxis-perturbations-a-laeroport-dorly-linfo-a-midi-en-ile-de-france","status":"publish","type":"post","link":"https:\/\/www.europesays.com\/fr\/111478\/","title":{"rendered":"Manifestations des taxis, perturbations \u00e0 l&rsquo;a\u00e9roport d&rsquo;Orly&#8230; L&rsquo;info \u00e0 midi en \u00cele-de-France"},"content":{"rendered":"<p>            Par<br \/>\n        <strong><br \/>\n            <a href=\"https:\/\/actu.fr\/auteur\/redaction-paris\" title=\"Consulter tous les articles de R\u00e9daction Paris\" target=\"_blank\" rel=\"noopener\">R\u00e9daction Paris<\/a><br \/>\n        <\/strong><\/p>\n<p>        Publi\u00e9 le<\/p>\n<p>            19 mai 2025 \u00e0 11h58        <\/p>\n<p>Les manifestations et op\u00e9rations escargot des taxis ne sont pas la seule actualit\u00e9 de ce lundi 19\u00a0mai 2025. Que s\u2019est-il pass\u00e9 d\u2019autres en \u00cele-de-France\u2009? Voici l\u2019essentiel de l\u2019information \u00e0 midi\u2009: dans le Val-de-Marne, l\u2019a\u00e9roport d\u2019Orly a toujours des difficult\u00e9s, dans les Hauts-de-Seine, la fermeture de l\u2019Institut Lissen suscite des questions et en Seine-et-Marne, un bar itin\u00e9rant se met en place.<\/p>\n<p>Les informations \u00e0 retenir ce lundi 19\u00a0mai 2025, \u00e0 midi, en \u00cele-de-France<\/p>\n<p class=\"expresso-item wall-content\"><strong>Yvelines. <\/strong><a title=\"Lire l&#039;article\" href=\"https:\/\/actu.fr\/societe\/manifestation-des-taxis-un-accident-et-des-ralentissements-sur-les-routes-des-yvelines_62653676.html\" target=\"_blank\" rel=\"noopener\">Manifestation des taxis\u2009: un accident et des ralentissements sur les routes<\/a><br \/>Le mouvement national des taxis contre la r\u00e9forme du transport sanitaire g\u00e9n\u00e8re d\u2019importantes difficult\u00e9s de circulation dans les Yvelines, ce lundi 19\u00a0mai 2025. On fait le point.<\/p>\n<p class=\"expresso-item wall-content\"><strong>Seine-et-Marne.<\/strong>\u00a0<a title=\"Lire l&#039;article\" href=\"https:\/\/actu.fr\/ile-de-france\/thoury-ferottes_77465\/pres-de-montereau-sans-repreneur-pour-son-bar-ce-village-va-accueillir-un-bar-itinerant-jusquen-septembre_62624870.html\" target=\"_blank\" rel=\"noopener\">Pr\u00e8s de Montereau\u2009: sans repreneur pour son bar, ce village va accueillir un bar itin\u00e9rant jusqu\u2019en septembre<\/a><br \/>Les 23\u00a0mai, 19\u00a0juillet, 2\u00a0ao\u00fbt et 20\u00a0septembre, la commune de Thoury-Ferrottes, pr\u00e8s de Montereau, va accueillir le bar itin\u00e9rant Viens Boire Ailleurs pour des soir\u00e9es festives.<\/p>\n<p class=\"expresso-item wall-content\"><strong>Paris. <\/strong><a title=\"Lire l&#039;article\" href=\"https:\/\/actu.fr\/ile-de-france\/paris_75056\/manifestation-des-taxis-operation-escargot-sur-l-a6-la-circulation-perturbee-sur-les-routes-d-ile-de-france_62653692.html\" target=\"_blank\" rel=\"noopener\">Manifestation des taxis\u2009: op\u00e9ration escargot sur l\u2019A6, la circulation perturb\u00e9e sur les routes d\u2019\u00cele-de-France<\/a><br \/>La circulation est difficile ce lundi 19\u00a0mai 2025 sur les routes de Paris et d\u2019\u00cele-de-France en raison de la mobilisation des taxis. L\u2019A6 et l\u2019A13 sont particuli\u00e8rement impact\u00e9es.<\/p>\n<p class=\"expresso-item wall-content\"><strong>Hauts-de-Seine. <\/strong><a title=\"Lire l&#039;article\" href=\"https:\/\/actu.fr\/ile-de-france\/colombes_92025\/a-colombes-la-fermeture-du-mysterieux-institut-lissen-suspecte-d-islamisme-souleve-des-tensions_62640991.html\" target=\"_blank\" rel=\"noopener\">\u00c0 Colombes, la fermeture du myst\u00e9rieux Institut Lissen, suspect\u00e9 d\u2019islamisme, soul\u00e8ve des tensions<\/a><br \/>Depuis le 7\u00a0mai, ce centre de langues est ferm\u00e9 sur ordre du pr\u00e9fet des Hauts-de-Seine pour des soup\u00e7ons d\u2019islamisme. Une d\u00e9cision qui d\u00e9passe le simple cadre administratif.<\/p>\n<p class=\"expresso-item wall-content\"><strong>Val-de-Marne.<\/strong> <a title=\"Lire l&#039;article\" href=\"https:\/\/actu.fr\/ile-de-france\/orly_94054\/panne-a-l-aeroport-d-orly-le-trafic-reste-perturbe-ce-lundi-15-de-vols-supprimes-et-de-nombreux-retards_62653807.html\" target=\"_blank\" rel=\"noopener\">Panne \u00e0 l\u2019a\u00e9roport d\u2019Orly\u2009: le trafic reste perturb\u00e9 ce lundi, 15\u2009% de vols supprim\u00e9s et de nombreux retards<\/a><br \/>Le trafic a\u00e9rien est toujours tr\u00e8s perturb\u00e9 ce lundi 19\u00a0mai 2025 \u00e0 l\u2019a\u00e9roport d\u2019Orly, au lendemain de la panne des dispositifs de contr\u00f4le.<\/p>\n<p class=\" wall-content\"><strong>Suivez-nous pour en savoir plus\u2009!<\/strong><br \/>Vous voulez plus d\u2019infos sur l\u2019\u00cele-de-France\u2009? Vous pouvez nous retrouver sur Actu \u00cele-de-France. Pour nous suivre sur les r\u00e9seaux sociaux, dans vos d\u00e9partements\u2009:<\/p>\n<p class=\" wall-content\"><strong>Paris<\/strong>\u2009: retrouvez\u00a0actu\u00a0Paris\u00a0sur\u00a0<a href=\"https:\/\/www.facebook.com\/actufr.paris\/\" target=\"_blank\" rel=\"noopener\">Facebook<\/a>\u00a0et\u00a0<a href=\"https:\/\/twitter.com\/actufrparis\" target=\"_blank\" rel=\"noopener\">Twitter<\/a>\u2009;<br \/><strong>Seine-et-Marne<\/strong>\u2009: retrouvez\u00a0La R\u00e9publique de Seine-et-Marne (sud) sur\u00a0<a href=\"https:\/\/www.facebook.com\/RepubliqueSeineMarne\/\" target=\"_blank\" rel=\"noopener\">Facebook<\/a>\u00a0et\u00a0<a href=\"https:\/\/twitter.com\/LaRep77\" target=\"_blank\" rel=\"noopener\">Twitter<\/a>\u2009; La Marne (nord) sur\u00a0<a href=\"https:\/\/www.facebook.com\/journallarmarne\/?__tn__=%2Cd%2CP-R&amp;eid=ARDLZc91LaHbXzDwChLLLQJVMBLx_ABJremTC2-RG0CYvg0f4f8CLvbV5G1Lli4g_6QoXDcKkU1_LX1W\" target=\"_blank\" rel=\"noopener\">Facebook<\/a>\u00a0et\u00a0<a href=\"https:\/\/twitter.com\/JournalLaMarne\" target=\"_blank\" rel=\"noopener\">Twitter<\/a>\u2009; et\u00a0Le Pays Briard\u00a0sur\u00a0<a href=\"https:\/\/www.facebook.com\/LePaysBriard\/?ref=bookmarks\" target=\"_blank\" rel=\"noopener\">Facebook<\/a>\u00a0et\u00a0<a href=\"https:\/\/twitter.com\/LePaysBriard\" target=\"_blank\" rel=\"noopener\">Twitter<\/a>\u2009;<br \/><strong>Yvelines\u2009:<\/strong> retrouvez\u00a078actu\u00a0sur\u00a0<a href=\"https:\/\/www.facebook.com\/78actu\/\" target=\"_blank\" rel=\"noopener\">Facebook<\/a>\u00a0et\u00a0<a href=\"https:\/\/x.com\/78actu\">Twitter<\/a>\u2009;<br \/><strong>Essonne\u2009:<\/strong> retrouvez\u00a0actu Essonne\u00a0sur\u00a0<a href=\"https:\/\/www.facebook.com\/actuessonne\/?ref=br_rs\" target=\"_blank\" rel=\"noopener\">Facebook<\/a>\u00a0et\u00a0<a href=\"https:\/\/twitter.com\/ActuEssonne\" target=\"_blank\" rel=\"noopener\">Twitter<\/a>\u2009;<br \/><strong>Hauts-de-Seine\u2009:<\/strong> retrouvez\u00a0actu\u00a0Hauts-de-Seine\u00a0sur\u00a0<a href=\"https:\/\/www.facebook.com\/actufr.hautsdeseine\/\" target=\"_blank\" rel=\"noopener\">Facebook<\/a>\u00a0et\u00a0<a href=\"https:\/\/twitter.com\/actufr92\" target=\"_blank\" rel=\"noopener\">Twitter<\/a>\u2009;<br \/><strong>Seine-Saint-Denis\u2009:<\/strong> retrouvez actu Seine-Saint-Denis sur\u00a0<a href=\"https:\/\/www.facebook.com\/actufr.seinesaintdenis\/\" target=\"_blank\" rel=\"noopener\">Facebook<\/a>\u00a0et\u00a0<a href=\"https:\/\/x.com\/Actufr93\">Twitter<\/a>\u2009;<br \/><strong>Val-de-Marne\u2009:<\/strong> retrouvez actu Val-de-Marne sur\u00a0<a href=\"https:\/\/www.facebook.com\/actu94.valdemarne\/\" target=\"_blank\" rel=\"noopener\">Facebook<\/a>\u00a0et\u00a0<a href=\"https:\/\/x.com\/actufr94\">Twitter\u2009<\/a>;<br \/><strong>Val-d\u2019Oise\u2009: <\/strong>retrouvez La Gazette du Val-d\u2019Oise sur\u00a0<a href=\"https:\/\/x.com\/actufr94\">Twitter<\/a><\/p>\n<p class=\" wall-content\">Suivez toute l\u2019actualit\u00e9 de vos villes et m\u00e9dias favoris en vous inscrivant \u00e0 <a href=\"https:\/\/moncompte.actu.fr\" title=\"D\u00e9couvez Mon Actu\" rel=\"nofollow noopener\" data-trk=\"{&quot;cta&quot;:{&quot;action&quot;:&quot;https:\\\/\\\/moncompte.actu.fr&quot;,&quot;category&quot;:&quot;mon compte&quot;,&quot;from&quot;:&quot;article footer&quot;,&quot;name&quot;:&quot;Mon actu&quot;,&quot;type&quot;:&quot;cta&quot;}}\" target=\"_blank\">Mon Actu<\/a>.<\/p>\n<p>                    <script async src=\"https:\/\/platform.twitter.com\/widgets.js\" charset=\"utf-8\"><\/script><\/p>\n","protected":false},"excerpt":{"rendered":"Par R\u00e9daction Paris Publi\u00e9 le 19 mai 2025 \u00e0 11h58 Les manifestations et op\u00e9rations escargot des taxis ne&hellip;\n","protected":false},"author":2,"featured_media":111479,"comment_status":"","ping_status":"","sticky":false,"template":"","format":"standard","meta":{"footnotes":""},"categories":[1592],"tags":[1111,11,3542,1777,674,1011,27,6151,662,1272,12,626,25,104],"class_list":{"0":"post-111478","1":"post","2":"type-post","3":"status-publish","4":"format-standard","5":"has-post-thumbnail","7":"category-ile-de-france","8":"tag-actu","9":"tag-actualites","10":"tag-circulation","11":"tag-eu","12":"tag-europe","13":"tag-fr","14":"tag-france","15":"tag-greve","16":"tag-ile-de-france","17":"tag-manifestations","18":"tag-news","19":"tag-paris","20":"tag-republique-francaise","21":"tag-societe"},"share_on_mastodon":{"url":"https:\/\/pubeurope.com\/@fr\/114533951461424789","error":""},"_links":{"self":[{"href":"https:\/\/www.europesays.com\/fr\/wp-json\/wp\/v2\/posts\/111478","targetHints":{"allow":["GET"]}}],"collection":[{"href":"https:\/\/www.europesays.com\/fr\/wp-json\/wp\/v2\/posts"}],"about":[{"href":"https:\/\/www.europesays.com\/fr\/wp-json\/wp\/v2\/types\/post"}],"author":[{"embeddable":true,"href":"https:\/\/www.europesays.com\/fr\/wp-json\/wp\/v2\/users\/2"}],"replies":[{"embeddable":true,"href":"https:\/\/www.europesays.com\/fr\/wp-json\/wp\/v2\/comments?post=111478"}],"version-history":[{"count":0,"href":"https:\/\/www.europesays.com\/fr\/wp-json\/wp\/v2\/posts\/111478\/revisions"}],"wp:featuredmedia":[{"embeddable":true,"href":"https:\/\/www.europesays.com\/fr\/wp-json\/wp\/v2\/media\/111479"}],"wp:attachment":[{"href":"https:\/\/www.europesays.com\/fr\/wp-json\/wp\/v2\/media?parent=111478"}],"wp:term":[{"taxonomy":"category","embeddable":true,"href":"https:\/\/www.europesays.com\/fr\/wp-json\/wp\/v2\/categories?post=111478"},{"taxonomy":"post_tag","embeddable":true,"href":"https:\/\/www.europesays.com\/fr\/wp-json\/wp\/v2\/tags?post=111478"}],"curies":[{"name":"wp","href":"https:\/\/api.w.org\/{rel}","templated":true}]}}