{"id":111494,"date":"2025-05-19T10:18:11","date_gmt":"2025-05-19T10:18:11","guid":{"rendered":"https:\/\/www.europesays.com\/fr\/111494\/"},"modified":"2025-05-19T10:18:11","modified_gmt":"2025-05-19T10:18:11","slug":"premier-sommet-entre-le-royaume-uni-et-lue-depuis-le-brexit-centre-sur-la-defense-2","status":"publish","type":"post","link":"https:\/\/www.europesays.com\/fr\/111494\/","title":{"rendered":"Premier sommet entre le Royaume-Uni et l&rsquo;UE depuis le Brexit, centr\u00e9 sur la d\u00e9fense"},"content":{"rendered":"<p>&#13;<br \/>\n                        Premier sommet entre le Royaume-Uni et l&rsquo;UE depuis le Brexit, centr\u00e9 sur la d\u00e9fense&#13;\n                    <\/p>\n<p style=\"text-align:\">Le Royaume-Uni et l&rsquo;Union europ\u00e9enne tiennent lundi 19 mai \u00e0 Londres un sommet in\u00e9dit, cinq ans apr\u00e8s le Brexit, destin\u00e9 \u00e0 poser les fondations d&rsquo;une relation plus \u00e9troite, en particulier en mati\u00e8re de d\u00e9fense.<\/p>\n<p><a href=\"https:\/\/lecourrier.vn\/royaume-uni-lautorisation-de-voyage-electronique-simpose-aux-visiteurs-europeens\/1280416.html\" title=\"Royaume-Uni : l&#039;autorisation de voyage \u00e9lectronique s&#039;impose aux visiteurs europ\u00e9ens\" rel=\"nofollow noopener\" target=\"_blank\">&gt;&gt; Royaume-Uni : l&rsquo;autorisation de voyage \u00e9lectronique s&rsquo;impose aux visiteurs europ\u00e9ens<\/a><\/p>\n<p><a href=\"https:\/\/lecourrier.vn\/le-royaume-uni-et-lue-souhaitent-renforcer-leurs-liens\/1281933.html\" title=\"Le Royaume-Uni et l&#039;UE souhaitent renforcer leurs liens\" rel=\"nofollow noopener\" target=\"_blank\">&gt;&gt; Le Royaume-Uni et l&rsquo;UE souhaitent renforcer leurs liens<\/a><\/p>\n<tr>\n<td class=\"pic\"><img decoding=\"async\" class=\"lazyload\" src=\"https:\/\/www.europesays.com\/fr\/wp-content\/uploads\/2025\/05\/142257-4.webp.webp\" alt=\"\"\/><\/td>\n<\/tr>\n<tr>\n<td class=\"caption\">Le Premier ministre britannique Keir Starmer (droite) et la pr\u00e9sidente de la Commission europ\u00e9enne Ursula Von der Leyen, le 24 avril \u00e0 Londres. <\/td>\n<\/tr>\n<tr align=\"right\">\n<td class=\"author\">Photo : AFP\/VNA\/CVN<\/td>\n<\/tr>\n<p style=\"text-align:left\">Le Premier ministre britannique Keir Starmer, qui a promis de \u00ab\u00a0r\u00e9initialiser\u00a0\u00bb la coop\u00e9ration avec l&rsquo;UE \u00e0 son arriv\u00e9e au pouvoir en juillet dernier, accueille la pr\u00e9sidente de la Commission europ\u00e9enne Ursula von der Leyen et le pr\u00e9sident du Conseil europ\u00e9en Antonio Costa.<\/p>\n<p style=\"text-align:left\">Ce sommet est l&rsquo;occasion pour le dirigeant travailliste de concr\u00e9tiser sa volont\u00e9 de rapprochement avec Bruxelles et de tourner la page des ann\u00e9es de tensions entre les 27 et les pr\u00e9c\u00e9dents gouvernements conservateurs li\u00e9es au Brexit, intervenu le 31 janvier 2020.<\/p>\n<p style=\"text-align:left\">\u00ab\u00a0Nous conclurons un accord dans l&rsquo;int\u00e9r\u00eat national\u00a0\u00bb, a de son c\u00f4t\u00e9 affirm\u00e9 Keir Starmer sur X lundi 19 mai, r\u00e9it\u00e9rant sa promesse de \u00ab\u00a0s\u00e9curiser les fronti\u00e8res, (de) factures moins ch\u00e8res et (de) davantage d&#8217;emplois\u00a0\u00bb gr\u00e2ce \u00e0 ce rapprochement, dont les contours restent flous.<\/p>\n<p style=\"text-align:left\">\u00ab\u00a0Je ne peux pas confirmer que c&rsquo;est conclu, mais c&rsquo;est tr\u00e8s prometteur, il y a eu des avanc\u00e9es et il s&rsquo;agit fondamentalement d&rsquo;am\u00e9liorer le sort des gens dans ce pays\u00a0\u00bb, a aussi d\u00e9clar\u00e9 sur la BBC le ministre du Commerce ext\u00e9rieur Jonathan Reynolds.<\/p>\n<p style=\"text-align:left\"><b>\u00ab\u00a0Jusqu&rsquo;au bout\u00a0\u00bb\u00a0<\/b><\/p>\n<p style=\"text-align:left\">\u00ab\u00a0On va dans la bonne direction. Quelques d\u00e9tails restent \u00e0 r\u00e9gler mais c&rsquo;est plut\u00f4t positif, on va y arriver\u00a0\u00bb, commentait un diplomate europ\u00e9en dimanche 18 mai en fin de journ\u00e9e \u00e0 Bruxelles, sous couvert de l&rsquo;anonymat.<\/p>\n<p style=\"text-align:left\">Les dirigeants devraient annoncer un partenariat sur la d\u00e9fense et la s\u00e9curit\u00e9, signer un document d\u00e9finissant une vision commune sur les grands enjeux mondiaux et un autre listant les dossiers sur lesquels ils comptent progresser dans les prochains mois.<\/p>\n<p style=\"text-align:left\">Le pacte sur la d\u00e9fense permettrait au Royaume-Uni de participer \u00e0 des r\u00e9unions minist\u00e9rielles de l&rsquo;UE et de rejoindre certaines missions militaires europ\u00e9ennes, au-del\u00e0 des engagements communs d\u00e9j\u00e0 forts avec les pays de l&rsquo;UE membres de l&rsquo;OTAN.<\/p>\n<tr>\n<td class=\"pic\"><img decoding=\"async\" class=\"lazyload\" src=\"https:\/\/www.europesays.com\/fr\/wp-content\/uploads\/2025\/05\/142319-4.webp.webp\" alt=\"\"\/><\/td>\n<\/tr>\n<tr>\n<td class=\"caption\">Le Premier ministre britannique Keir Starmer (gauche) et le pr\u00e9sident du Conseil europ\u00e9en Antonio Costa, le 3 f\u00e9vrier \u00e0 Bruxelles. <\/td>\n<\/tr>\n<tr align=\"right\">\n<td class=\"author\">Photo : AFP\/VNA\/CVN<\/td>\n<\/tr>\n<p style=\"text-align:left\">Pour Londres, l&rsquo;enjeu est aussi \u00e9conomique, avec \u00e0 la cl\u00e9 l&rsquo;acc\u00e8s pour ses entreprises au futur programme europ\u00e9en dot\u00e9 de 150 milliards d&rsquo;euros visant \u00e0 d\u00e9velopper la base industrielle de d\u00e9fense au sein de l&rsquo;UE. La participation \u00e0 ce programme exigera toutefois un autre accord, dans un second temps, ainsi qu&rsquo;une contribution financi\u00e8re britannique.<\/p>\n<p style=\"text-align:left\">Outre la d\u00e9fense, le gouvernement travailliste, qui cherche \u00e0 stimuler des \u00e9changes commerciaux p\u00e9nalis\u00e9s par les formalit\u00e9s administratives n\u00e9es du Brexit, a laiss\u00e9 entendre qu&rsquo;il \u00e9tait ouvert \u00e0 un alignement dynamique sur les normes de l&rsquo;UE pour les produits alimentaires et agricoles.<\/p>\n<p style=\"text-align:left\">Un accord sur ces normes sanitaires et phytosanitaires aiderait les producteurs britanniques qui \u00ab\u00a0sont confront\u00e9s \u00e0 de la paperasserie administrative et des contr\u00f4les pour exporter vers notre partenaire commercial le plus proche et le plus important\u00a0\u00bb, fait valoir Downing Street.<\/p>\n<p style=\"text-align:left\"><b>\u00ab\u00a0Capitulation\u00a0\u00bb<\/b><\/p>\n<p style=\"text-align:left\">Mais certains pays de l&rsquo;UE ont mis dans la balance d&rsquo;autres demandes, comme la reconduction de l&rsquo;acc\u00e8s des p\u00eacheurs europ\u00e9ens aux eaux britanniques, et un programme de mobilit\u00e9 r\u00e9ciproque des jeunes \u00e2g\u00e9s de 18 \u00e0 30 ans pour \u00e9tudier et travailler au Royaume-Uni et dans l&rsquo;UE.<\/p>\n<p style=\"text-align:left\">Des sujets sensibles c\u00f4t\u00e9 britannique, d&rsquo;autant plus avec la mont\u00e9e en puissance du parti europhobe et anti-immigration Reform UK dirig\u00e9 par l&rsquo;ex-champion du Brexit Nigel Farage. Keir Starmer veut \u00e9viter tout ce qui ferait augmenter les chiffres de l&rsquo;immigration l\u00e9gale, qu&rsquo;il s&rsquo;est engag\u00e9 \u00e0 faire baisser.<\/p>\n<p style=\"text-align:left\">Le chef du gouvernement r\u00e9p\u00e8te \u00e0 l&rsquo;envi ses \u00ab\u00a0lignes rouges\u00a0\u00bb : pas question de revenir dans le march\u00e9 commun ni dans l&rsquo;union douani\u00e8re, pas question de r\u00e9tablir la libre circulation.<\/p>\n<p style=\"text-align:left\">Mais l&rsquo;accord n&rsquo;est m\u00eame pas conclu que Nigel Farage, tout comme la dirigeante de l&rsquo;opposition conservatrice Kemi Badenoch, l&rsquo;ont d\u00e9j\u00e0 d\u00e9crit comme une \u00ab\u00a0capitulation\u00a0\u00bb face \u00e0 Bruxelles.<\/p>\n<p style=\"text-align:left\">Pour Anand Menon, directeur du centre de r\u00e9flexion UK in a Changing Europe, le sommet est \u00ab\u00a0le d\u00e9but, peut-\u00eatre, d&rsquo;un processus dans lequel la relation formelle va \u00e9voluer pour la premi\u00e8re fois apr\u00e8s l&rsquo;accord de commerce et de coop\u00e9ration (TCA)\u00a0\u00bb qui r\u00e9git les relations entre les deux blocs depuis le d\u00e9part du Royaume-Uni.<\/p>\n<p style=\"text-align:right\"><b>AFP\/VNA\/CVN<\/b><\/p>\n","protected":false},"excerpt":{"rendered":"&#13; Premier sommet entre le Royaume-Uni et l&rsquo;UE depuis le Brexit, centr\u00e9 sur la d\u00e9fense&#13; Le Royaume-Uni et&hellip;\n","protected":false},"author":2,"featured_media":111495,"comment_status":"","ping_status":"","sticky":false,"template":"","format":"standard","meta":{"footnotes":""},"categories":[1588],"tags":[11,554,1777,674,12,473,1853,2764,1778,1851,1850,1852],"class_list":{"0":"post-111494","1":"post","2":"type-post","3":"status-publish","4":"format-standard","5":"has-post-thumbnail","7":"category-royaume-uni","8":"tag-actualites","9":"tag-defense","10":"tag-eu","11":"tag-europe","12":"tag-news","13":"tag-royaume-uni","14":"tag-royaume-uni-de-grande-bretagne-et-dirlande-du-nord","15":"tag-sommet","16":"tag-ue","17":"tag-uk","18":"tag-united-kingdom","19":"tag-united-kingdom-of-great-britain-and-northern-ireland"},"share_on_mastodon":{"url":"https:\/\/pubeurope.com\/@fr\/114533990952438773","error":""},"_links":{"self":[{"href":"https:\/\/www.europesays.com\/fr\/wp-json\/wp\/v2\/posts\/111494","targetHints":{"allow":["GET"]}}],"collection":[{"href":"https:\/\/www.europesays.com\/fr\/wp-json\/wp\/v2\/posts"}],"about":[{"href":"https:\/\/www.europesays.com\/fr\/wp-json\/wp\/v2\/types\/post"}],"author":[{"embeddable":true,"href":"https:\/\/www.europesays.com\/fr\/wp-json\/wp\/v2\/users\/2"}],"replies":[{"embeddable":true,"href":"https:\/\/www.europesays.com\/fr\/wp-json\/wp\/v2\/comments?post=111494"}],"version-history":[{"count":0,"href":"https:\/\/www.europesays.com\/fr\/wp-json\/wp\/v2\/posts\/111494\/revisions"}],"wp:featuredmedia":[{"embeddable":true,"href":"https:\/\/www.europesays.com\/fr\/wp-json\/wp\/v2\/media\/111495"}],"wp:attachment":[{"href":"https:\/\/www.europesays.com\/fr\/wp-json\/wp\/v2\/media?parent=111494"}],"wp:term":[{"taxonomy":"category","embeddable":true,"href":"https:\/\/www.europesays.com\/fr\/wp-json\/wp\/v2\/categories?post=111494"},{"taxonomy":"post_tag","embeddable":true,"href":"https:\/\/www.europesays.com\/fr\/wp-json\/wp\/v2\/tags?post=111494"}],"curies":[{"name":"wp","href":"https:\/\/api.w.org\/{rel}","templated":true}]}}