{"id":111504,"date":"2025-05-19T10:23:08","date_gmt":"2025-05-19T10:23:08","guid":{"rendered":"https:\/\/www.europesays.com\/fr\/111504\/"},"modified":"2025-05-19T10:23:08","modified_gmt":"2025-05-19T10:23:08","slug":"donald-trump-souhaite-une-enquete-majeure-sur-le-soutien-de-celebrites-a-kamala-harris","status":"publish","type":"post","link":"https:\/\/www.europesays.com\/fr\/111504\/","title":{"rendered":"Donald Trump souhaite une \u00abenqu\u00eate majeure\u00bb sur le soutien de c\u00e9l\u00e9brit\u00e9s \u00e0 Kamala Harris"},"content":{"rendered":"<p>                             Par Le Figaro avec AFP<\/p>\n<p>                Il y a 30 minutes<\/p>\n<p>\u00a0\u00bb<br \/>\n        data-script=\u00a0\u00bbhttps:\/\/static.lefigaro.fr\/widget-video\/short-ttl\/video\/index.js\u00a0\u00bb<br \/>\n    &gt;<\/p>\n<p>Donald Trump a annonc\u00e9 sur Truth Social ce lundi 19 mai vouloir lancer une enqu\u00eate sur les soutiens que son ancienne rivale \u00e0 la pr\u00e9sidence Kamala Harris a re\u00e7us de la part de c\u00e9l\u00e9brit\u00e9s du show-business.<\/p>\n<p class=\"fig-paragraph\"><a href=\"http:\/\/www.lefigaro.fr\/international\/guerre-en-ukraine-donald-trump-s-entretiendra-lundi-avec-vladimir-poutine-20250517\" data-fig-type=\"NewsFlash\" data-gtm-custom-categorie=\"navigation\" data-gtm-custom-action=\"crossclick\" data-gtm-custom-label=\"Contextuel\" data-gtm-event=\"customEventSPE\" data-fig-domain=\"LEFIGARO\" rel=\"nofollow noopener\" target=\"_blank\">Donald Trump<\/a>\u00a0a annonc\u00e9 ce lundi 19 mai vouloir lancer une \u00abenqu\u00eate majeure\u00bb sur les soutiens que son ancienne rivale Kamala Harris a re\u00e7us de la part de certaines c\u00e9l\u00e9brit\u00e9s, dans la foul\u00e9e d&rsquo;\u00e9changes acrimonieux avec\u00a0<a href=\"http:\/\/www.lefigaro.fr\/musique\/bruce-springsteen-annonce-la-sortie-en-juin-d-un-coffret-de-chansons-inedites-20250403\" data-fig-type=\"NewsFlash\" data-gtm-custom-categorie=\"navigation\" data-gtm-custom-action=\"crossclick\" data-gtm-custom-label=\"Contextuel\" data-gtm-event=\"customEventSPE\" data-fig-domain=\"LEFIGARO\" rel=\"nofollow noopener\" target=\"_blank\">Bruce Springsteen<\/a>. \u00abLes candidats ne sont pas autoris\u00e9s \u00e0 payer pour des SOUTIENS, ce que Kamala a fait, sous pr\u00e9texte de payer pour des divertissements,\u00bb a-t-il annonc\u00e9 sur sa plateforme Truth Social. \u00abJe vais demander une enqu\u00eate majeure sur cette affaire\u00bb, a-t-il poursuivi.<\/p>\n<p class=\"fig-paragraph\">Durant la campagne pr\u00e9sidentielle de 2024,\u00a0<a href=\"http:\/\/www.lefigaro.fr\/flash-actu\/le-mari-de-kamala-harris-dit-avoir-ete-evince-par-trump-d-un-musee-de-l-holocauste-20250430\" data-fig-type=\"NewsFlash\" data-gtm-custom-categorie=\"navigation\" data-gtm-custom-action=\"crossclick\" data-gtm-custom-label=\"Contextuel\" data-gtm-event=\"customEventSPE\" data-fig-domain=\"LEFIGARO\" rel=\"nofollow noopener\" target=\"_blank\">Kamala Harris<\/a>\u00a0a pu compter sur le soutien de stars comme la chanteuse Beyonc\u00e9 ou l&rsquo;animatrice Oprah Winfrey. Cette derni\u00e8re a d\u00e9j\u00e0 d\u00e9menti que sa soci\u00e9t\u00e9 de production ait re\u00e7u un million de dollars de la part de l&rsquo;\u00e9quipe de l&rsquo;ancienne vice-pr\u00e9sidente pour couvrir les co\u00fbts associ\u00e9s \u00e0 l&rsquo;organisation de sa venue dans son c\u00e9l\u00e8bre talk-show.<\/p>\n<p class=\"fig-paragraph\">L&rsquo;\u00e9quipe de Kamala Harris a aussi d\u00e9menti les rumeurs selon lesquelles elle aurait pay\u00e9 Beyonc\u00e9 pour qu&rsquo;elle apparaisse \u00e0 l&rsquo;un de ses meetings. Donald Trump, qui a remport\u00e9 confortablement l&rsquo;\u00e9lection, a re\u00e7u peu de soutien du secteur du divertissement, mais a pu compter sur l&rsquo;appui d&rsquo;influenceurs masculinistes comme l&rsquo;animateur de podcasts\u00a0<a href=\"http:\/\/www.lefigaro.fr\/international\/conquis-par-trump-boude-par-harris-joe-rogan-le-guerrier-anti-woke-qui-influence-l-amerique-20241120\" data-fig-type=\"Article\" data-gtm-custom-categorie=\"navigation\" data-gtm-custom-action=\"crossclick\" data-gtm-custom-label=\"Contextuel\" data-gtm-event=\"customEventSPE\" data-fig-domain=\"LEFIGARO\" rel=\"nofollow noopener\" target=\"_blank\">Joe Rogan<\/a>.<\/p>\n<p class=\"fig-paragraph\">Donald Trump a aussi accus\u00e9 Kamala Harris d&rsquo;avoir pay\u00e9 la l\u00e9gende du rock Bruce Springsteen pour jouer lors d&rsquo;un rassemblement dans l&rsquo;\u00c9tat de G\u00e9orgie, quelques semaines avant l&rsquo;\u00e9lection. \u00abCombien Kamala Harris a-t-elle pay\u00e9 Bruce Springsteen pour sa pi\u00e8tre performance durant sa campagne pour la pr\u00e9sidentielle\u00a0? Pourquoi a-t-il accept\u00e9 de l&rsquo;argent s&rsquo;il est tellement fan d&rsquo;elle\u00a0?\u00bb, a-t-il raill\u00e9 dans son message.<\/p>\n<p class=\"fig-paragraph\">La semaine derni\u00e8re, Donald Trump s&rsquo;est attaqu\u00e9 avec virulence au rockeur am\u00e9ricain en le qualifiant de \u00abconnard\u00bb, apr\u00e8s des attaques verbales de Springsteen contre son gouvernement \u00abcorrompu\u00bb lors d&rsquo;un concert au Royaume-Uni.<\/p>\n<p class=\"fig-paragraph\">Marqu\u00e9 \u00e0 gauche, l&rsquo;interpr\u00e8te de\u00a0<a href=\"https:\/\/www.lefigaro.fr\/horlogerie\/hamilton-et-schott-nyc-born-in-the-usa-20191115\" data-fig-type=\"Article\" data-gtm-custom-categorie=\"navigation\" data-gtm-custom-action=\"crossclick\" data-gtm-custom-label=\"Contextuel\" data-gtm-event=\"customEventSPE\" data-fig-domain=\"LEFIGARO\" rel=\"nofollow noopener\" target=\"_blank\">Born in the USA<\/a> \u00a0avait d\u00e9clar\u00e9\u00a0: \u00abChez moi, l&rsquo;Am\u00e9rique que j&rsquo;aime, l&rsquo;Am\u00e9rique sur laquelle j&rsquo;ai \u00e9crit, source d&rsquo;espoir et de libert\u00e9 depuis 250 ans, est aux mains d&rsquo;un gouvernement corrompu, incomp\u00e9tent et perfide\u00bb. Il avait qualifi\u00e9 au passage Donald Trump de \u00abpr\u00e9sident incapable\u00bb.<\/p>\n","protected":false},"excerpt":{"rendered":"Par Le Figaro avec AFP Il y a 30 minutes \u00a0\u00bb data-script=\u00a0\u00bbhttps:\/\/static.lefigaro.fr\/widget-video\/short-ttl\/video\/index.js\u00a0\u00bb &gt; Donald Trump a annonc\u00e9 sur&hellip;\n","protected":false},"author":2,"featured_media":111505,"comment_status":"","ping_status":"","sticky":false,"template":"","format":"standard","meta":{"footnotes":""},"categories":[2],"tags":[259,11,260,23078,75,1011,27,14,458,261,12,262,25],"class_list":{"0":"post-111504","1":"post","2":"type-post","3":"status-publish","4":"format-standard","5":"has-post-thumbnail","7":"category-actualites","8":"tag-actualite-internationale","9":"tag-actualites","10":"tag-affaires-etrangeres","11":"tag-bruce-springsteen","12":"tag-donald-trump","13":"tag-fr","14":"tag-france","15":"tag-international","16":"tag-kamala-harris","17":"tag-ministere-des-affaires-etrangeres","18":"tag-news","19":"tag-politique-etrangere","20":"tag-republique-francaise"},"share_on_mastodon":{"url":"https:\/\/pubeurope.com\/@fr\/114534010334726954","error":""},"_links":{"self":[{"href":"https:\/\/www.europesays.com\/fr\/wp-json\/wp\/v2\/posts\/111504","targetHints":{"allow":["GET"]}}],"collection":[{"href":"https:\/\/www.europesays.com\/fr\/wp-json\/wp\/v2\/posts"}],"about":[{"href":"https:\/\/www.europesays.com\/fr\/wp-json\/wp\/v2\/types\/post"}],"author":[{"embeddable":true,"href":"https:\/\/www.europesays.com\/fr\/wp-json\/wp\/v2\/users\/2"}],"replies":[{"embeddable":true,"href":"https:\/\/www.europesays.com\/fr\/wp-json\/wp\/v2\/comments?post=111504"}],"version-history":[{"count":0,"href":"https:\/\/www.europesays.com\/fr\/wp-json\/wp\/v2\/posts\/111504\/revisions"}],"wp:featuredmedia":[{"embeddable":true,"href":"https:\/\/www.europesays.com\/fr\/wp-json\/wp\/v2\/media\/111505"}],"wp:attachment":[{"href":"https:\/\/www.europesays.com\/fr\/wp-json\/wp\/v2\/media?parent=111504"}],"wp:term":[{"taxonomy":"category","embeddable":true,"href":"https:\/\/www.europesays.com\/fr\/wp-json\/wp\/v2\/categories?post=111504"},{"taxonomy":"post_tag","embeddable":true,"href":"https:\/\/www.europesays.com\/fr\/wp-json\/wp\/v2\/tags?post=111504"}],"curies":[{"name":"wp","href":"https:\/\/api.w.org\/{rel}","templated":true}]}}