{"id":111512,"date":"2025-05-19T10:28:12","date_gmt":"2025-05-19T10:28:12","guid":{"rendered":"https:\/\/www.europesays.com\/fr\/111512\/"},"modified":"2025-05-19T10:28:12","modified_gmt":"2025-05-19T10:28:12","slug":"atp-patrick-mouratoglou-au-niveau-tennis-djokovic-par-rapport-a-federer-et-nadal-cest-terrible-de-dire-cela-mais-il-est-presque-mediocre","status":"publish","type":"post","link":"https:\/\/www.europesays.com\/fr\/111512\/","title":{"rendered":"ATP > Patrick Mouratoglou : \u00ab\u00a0Au niveau tennis, Djokovic par rapport \u00e0 Federer et Nadal, c&rsquo;est terrible de dire cela mais il est presque m\u00e9diocre\u00a0\u00bb"},"content":{"rendered":"<p>Invit\u00e9 du <strong><a href=\"https:\/\/rmcsport.bfmtv.com\/replay-emissions\/bartoli-time\/bartolie-a-la-folie-a-une-semaine-de-roland-garros-patrick-mouratoglou-invite-de-bartoli-time-18-05_EN-202505180383.html\" data-wpel-link=\"external\" target=\"_blank\" rel=\"nofollow external noopener\">Bartoli Time, <\/a><\/strong>Patrick Mouratoglou, qui vient de sortir un <strong><a href=\"https:\/\/www.amazon.fr\/Votre-potentiel-est-infini-contr%C3%B4le-ebook\/dp\/B0F5LQ1FP7?ref_=ast_author_mpb\" data-wpel-link=\"external\" target=\"_blank\" rel=\"nofollow external noopener\">livre sur le d\u00e9ve\u00adlop\u00adpe\u00adment personnel<\/a><\/strong>. Lors de l\u2019\u00e9mis\u00adsion, il a \u00e9voqu\u00e9 son id\u00e9e autour du joueur de tennis. Selon lui, un cham\u00adpion c\u2019est du hard ware, c\u2019est \u00e0 dire les qualit\u00e9s tennis\u00adtiques, et du soft ware, c\u2019est \u00e0 dire le mental. Et au niveau mental, le plus fort est incon\u00adtes\u00adta\u00adble\u00adment Novak Djokovic.<\/p>\n<p><strong>\u00ab\u202fQuand on regarde le tennis de Djokovic \u00e0 dix neuf ans \u00e0 aucun moment on peut penser qu\u2019il va devenir ce qu\u2019il est aujourd\u2019hui. Et m\u00eame aujourd\u2019hui si on est vrai\u00adment obser\u00adva\u00adteur, c\u2019est un joueur par rapport aux deux autres, c\u2019est terrible de dire cela mais il est presque m\u00e9diocre. Il fait tout tr\u00e8s bien mais il a pas vrai\u00adment de coups forts. Il y avait rien qui \u00e9mane de son tennis qui pouvait laisser penser aux gens qu\u2019il pouvait devenir presque la moiti\u00e9 de ce qu\u2019il est devenu en revanche menta\u00adle\u00adment sa confiance en lui, son ambi\u00adtion, son atten\u00adtion \u00e0 tous les d\u00e9tails ont fait qu\u2019il est devenu le plus grand\u00a0tout.\u202f\u00bb<\/strong><\/p>\n<p class=\"post-published-date\" style=\"color: silver; font-size: 75%; text-align: left;\">Publi\u00e9 le lundi 19 mai 2025 \u00e0 09:50<\/p>\n","protected":false},"excerpt":{"rendered":"Invit\u00e9 du Bartoli Time, Patrick Mouratoglou, qui vient de sortir un livre sur le d\u00e9ve\u00adlop\u00adpe\u00adment personnel. Lors de&hellip;\n","protected":false},"author":2,"featured_media":15493,"comment_status":"","ping_status":"","sticky":false,"template":"","format":"standard","meta":{"footnotes":""},"categories":[1415],"tags":[105,2199,1011,27,1960,60,1467],"class_list":{"0":"post-111512","1":"post","2":"type-post","3":"status-publish","4":"format-standard","5":"has-post-thumbnail","7":"category-tennis","8":"tag-djokovic","9":"tag-federer","10":"tag-fr","11":"tag-france","12":"tag-nadal","13":"tag-sports","14":"tag-tennis"},"share_on_mastodon":{"url":"https:\/\/pubeurope.com\/@fr\/114534029936362149","error":""},"_links":{"self":[{"href":"https:\/\/www.europesays.com\/fr\/wp-json\/wp\/v2\/posts\/111512","targetHints":{"allow":["GET"]}}],"collection":[{"href":"https:\/\/www.europesays.com\/fr\/wp-json\/wp\/v2\/posts"}],"about":[{"href":"https:\/\/www.europesays.com\/fr\/wp-json\/wp\/v2\/types\/post"}],"author":[{"embeddable":true,"href":"https:\/\/www.europesays.com\/fr\/wp-json\/wp\/v2\/users\/2"}],"replies":[{"embeddable":true,"href":"https:\/\/www.europesays.com\/fr\/wp-json\/wp\/v2\/comments?post=111512"}],"version-history":[{"count":0,"href":"https:\/\/www.europesays.com\/fr\/wp-json\/wp\/v2\/posts\/111512\/revisions"}],"wp:featuredmedia":[{"embeddable":true,"href":"https:\/\/www.europesays.com\/fr\/wp-json\/wp\/v2\/media\/15493"}],"wp:attachment":[{"href":"https:\/\/www.europesays.com\/fr\/wp-json\/wp\/v2\/media?parent=111512"}],"wp:term":[{"taxonomy":"category","embeddable":true,"href":"https:\/\/www.europesays.com\/fr\/wp-json\/wp\/v2\/categories?post=111512"},{"taxonomy":"post_tag","embeddable":true,"href":"https:\/\/www.europesays.com\/fr\/wp-json\/wp\/v2\/tags?post=111512"}],"curies":[{"name":"wp","href":"https:\/\/api.w.org\/{rel}","templated":true}]}}