{"id":111520,"date":"2025-05-19T10:34:09","date_gmt":"2025-05-19T10:34:09","guid":{"rendered":"https:\/\/www.europesays.com\/fr\/111520\/"},"modified":"2025-05-19T10:34:09","modified_gmt":"2025-05-19T10:34:09","slug":"gerard-jugnot-a-tourne-a-mimet-son-prochain-film-inspire-de-larrestation-avortee-de-xavier-dupont-de-ligones","status":"publish","type":"post","link":"https:\/\/www.europesays.com\/fr\/111520\/","title":{"rendered":"G\u00e9rard Jugnot a tourn\u00e9 \u00e0 Mimet son prochain film inspir\u00e9 de l\u2019arrestation avort\u00e9e de Xavier Dupont de Ligon\u00e8s"},"content":{"rendered":"<p>\u00ab\u00a0Arr\u00eat\u00e9 par erreur et confondu avec l\u2019homme le plus recherch\u00e9 de France, Serge Martin (Thierry Lhermitte) paisible retrait\u00e9 devient la cible des m\u00e9dias. Pris dans un tourbillon sans fin, il va tout tenter pour prouver son innocence et retrouver sa vie\u2026 si c\u2019est possible\u00a0!\u00a0\u00bb Voici le r\u00e9sum\u00e9 du prochain film Mauvaise pioche\u00a0de G\u00e9rard Jugnot qui s\u2019inspire de <a href=\"https:\/\/www.laprovence.com\/actu\/en-direct\/5838880\/affaire-dupont-de-ligonnes-le-retraite-guy-joao-raconte-linimaginable-meprise.html\" target=\"_blank\" rel=\"noopener\">l\u2019arrestation par erreur \u00e0 Glasgow de Guy Joao<\/a> en\u00a02019, confondu avec Xavier Dupont de Ligon\u00e8s, dont le tournage a eu lieu \u00e0 Mimet durant plusieurs jours d\u00e9but mai.<\/p>\n<p>Le centre du village de Mimet est ainsi\u00a0devenu le centre de toutes les attentions, ou presque. Alors que l\u2019\u00e9quipe du film r\u00e9alis\u00e9 par\u00a0<a href=\"https:\/\/www.laprovence.com\/article\/region\/2072833635054315\/gerard-jugnot-a-presente-son-nouveau-film-en-avant-premiere-a-vitrolles\" target=\"_blank\" rel=\"noopener\">G\u00e9rard Jugnot<\/a> a investi les lieux, le village a grouill\u00e9 de monde et de curieux. Pour les besoins du tournage, une boulangerie, un h\u00f4tel, un caf\u00e9-restaurant et autres d\u00e9cors de cin\u00e9ma ont notamment \u00e9t\u00e9 cr\u00e9\u00e9s de toutes pi\u00e8ces par les \u00e9quipes techniques de la production redonnant ainsi vie au Mimet d\u2019antan.<\/p>\n<p>Mais pourquoi poser ses valises \u00e0 Mimet pour ce tournage\u00a0? G\u00e9rard Jugnot, tr\u00e8s disponible et affable, tout droit sorti du tournage en short et t-shirt, r\u00e9pond\u00a0: \u00ab\u00a0J\u2019ai \u00e9t\u00e9 s\u00e9duit par ce tr\u00e8s joli petit village o\u00f9 je suis arriv\u00e9 par hasard. <a href=\"https:\/\/www.laprovence.com\/article\/region\/2562861627182115\/la-gestion-publique-cest-etre-responsable-le-maire-de-mimet-georges-cristiani-charge-letat\" target=\"_blank\" rel=\"noopener\">L<\/a><a href=\"https:\/\/www.laprovence.com\/article\/region\/2562861627182115\/la-gestion-publique-cest-etre-responsable-le-maire-de-mimet-georges-cristiani-charge-letat\" target=\"_blank\" rel=\"noopener\">e maire Georges Cristiani<\/a>, l\u2019\u00e9quipe municipale, les habitants &#8211; certains d&rsquo;entre eux ont m\u00eame \u00e9t\u00e9 figurants &#8211; ainsi que le restaurateur, sont adorables. M.\u00a0Cristiani nous a m\u00eame pr\u00eat\u00e9 la mairie, devenue l\u2019espace d\u2019un tournage caf\u00e9-restaurant.\u00a0\u00bb<\/p>\n<p>\u00ab\u00a0Vue sublime\u00a0\u00bb<\/p>\n<p>Au d\u00e9part, G\u00e9rard Jugnot avait pr\u00e9vu de tourner son film dans le Sud-ouest, puis une collaboration avec les <a href=\"https:\/\/www.laprovence.com\/article\/culture-loisirs\/26093100685728\/le-pere-du-producteur-de-la-serie-adolescence-pousse-son-fils-a-decouvrir-martigues-pour-ses-futurs-tournages\" target=\"_blank\" rel=\"noopener\">studios de cin\u00e9ma de Martigues<\/a> lui a fait chercher un village dans les alentours et il est \u00ab\u00a0tomb\u00e9 amoureux de Mimet \u00ab\u00a0. Plus haut village du d\u00e9partement, ce dernier \u00ab\u00a0a une vue sublime, entre autres sur la Sainte-Victoire\u00a0\u00bb. Et \u00ab\u00a0l\u2019autorisation nous a \u00e9t\u00e9 donn\u00e9e pour que le village conserve son nom de Mimet dans le film\u00a0\u00bb, pr\u00e9cise celui qui fut le personnage principal du film Les Choristes.<\/p>\n<p>L\u2019acteur et r\u00e9alisateur annonce, d\u2019ailleurs, un g\u00e9n\u00e9rique de fin en forme de petit clin d\u2019\u0153il au village proven\u00e7al\u00a0! \u00ab\u00a0C\u2019est une bonne pioche d\u2019\u00eatre \u00e0 Mimet, mi-mai, et j\u2019ai m\u00eame essay\u00e9 d\u2019avoir Pierre Ni-Ney, mais il \u00e9tait pris ailleurs\u00a0\u00bb, exprime avec humour celui qui a d\u00e9marr\u00e9 sur les planches dans la troupe du Splendid. \u00ab\u00a0Le film devrait sortir en salle au printemps prochain\u00a0\u00bb pr\u00e9cise le r\u00e9alisateur.<\/p>\n<p>Les d\u00e9tails du choix de Mimet<\/p>\n<p><img alt=\"G\u00e9rard Jugnot et Michel Basaldella, chef et propri\u00e9taire de l\u2019h\u00f4tel-restaurant Le Grand Puech \u00e0 Mimet.\" loading=\"lazy\" decoding=\"async\" data-nimg=\"fill\" class=\" TwicCore_img__i9TC1 undefined  undefined\" style=\"position:absolute;height:100%;width:100%;left:0;top:0;right:0;bottom:0;color:transparent;background-size:cover;background-position:50% 50%;background-repeat:no-repeat;background-image:url(&quot;data:image\/svg+xml;charset=utf-8,%3Csvg xmlns='http:\/\/www.w3.org\/2000\/svg' %3E%3Cfilter id='b' color-interpolation-filters='sRGB'%3E%3CfeGaussianBlur stdDeviation='20'\/%3E%3CfeColorMatrix values='1 0 0 0 0 0 1 0 0 0 0 0 1 0 0 0 0 0 100 -1' result='s'\/%3E%3CfeFlood x='0' y='0' width='100%25' height='100%25'\/%3E%3CfeComposite operator='out' in='s'\/%3E%3CfeComposite in2='SourceGraphic'\/%3E%3CfeGaussianBlur stdDeviation='20'\/%3E%3C\/filter%3E%3Cimage width='100%25' height='100%25' x='0' y='0' preserveAspectRatio='none' style='filter: url(%23b);' href='https:\/\/pictures.laprovence.com\/cdn-cgi\/image\/blur=250\/media\/melody\/2025\/05\/19\/gerard-jugnot-et-michel-basaldella-1747646403_b4c74d8895286e8c74d889528ecc74v_.jpg'\/%3E%3C\/svg%3E&quot;)\"   src=\"https:\/\/www.europesays.com\/fr\/wp-content\/uploads\/2025\/05\/gerard-jugnot-et-michel-basaldella-1747646403_b4c74d8895286e8c74d889528ecc74v_.jpg\"\/>G\u00e9rard Jugnot et Michel Basaldella, chef et propri\u00e9taire de l\u2019h\u00f4tel-restaurant Le Grand Puech \u00e0 Mimet. \/ Photo DR<\/p>\n<p>G\u00e9rard Jugnot et l\u2019\u00e9quipe du film, en rep\u00e9rage depuis deux mois dans la r\u00e9gion, sont arriv\u00e9s \u00e0 Mimet \u00ab\u00a0par hasard\u00a0\u00bb. L\u2019h\u00f4tel-restaurant du village \u00e9tait ferm\u00e9 ce jour-l\u00e0, et Michel Basaldella, chef et propri\u00e9taire de l\u2019H\u00f4tel-Restaurant Le Grand Puech, s\u2019appr\u00eatait \u00e0 quitter les lieux quand quelqu\u2019un est venu frapper \u00e0 la porte. Press\u00e9, mais dot\u00e9 d\u2019un sixi\u00e8me sens, Michel Basaldella ouvre et tombe sur une personne qui se pr\u00e9sente comme \u00e9tant en recherche d\u2019un village pour y tourner un film et lui demande s\u2019il peut jeter un coup d\u2019\u0153il dans le restaurant.<\/p>\n<p>S\u00e9duit par l\u2019endroit et la vue sur le massif de l\u2019\u00c9toile il t\u00e9l\u00e9phone aussit\u00f4t \u00e0 G\u00e9rard Jugnot, qui \u00e9tait rest\u00e9 dans la voiture. Celui-ci les rejoint et tombe, lui aussi, sous le charme. Apr\u00e8s un caf\u00e9, ils d\u00e9cident de faire, avec le restaurateur, le tour du village et rencontrent le maire, qui les accompagne et leur montre les lieux. Puis, c\u2019est autour d\u2019un bon repas, concoct\u00e9 rapidement par le ma\u00eetre des lieux aid\u00e9 d\u2019un second d\u2019exception en la personne de G\u00e9rard Jugnot, que la d\u00e9cision de choisir le village de Mimet pour le tournage du film fut prise.<\/p>\n","protected":false},"excerpt":{"rendered":"\u00ab\u00a0Arr\u00eat\u00e9 par erreur et confondu avec l\u2019homme le plus recherch\u00e9 de France, Serge Martin (Thierry Lhermitte) paisible retrait\u00e9&hellip;\n","protected":false},"author":2,"featured_media":111521,"comment_status":"","ping_status":"","sticky":false,"template":"","format":"standard","meta":{"footnotes":""},"categories":[1359],"tags":[17,251,58,59,2081,1011,27,8294,23079,23080,973,11418,3711,12710],"class_list":{"0":"post-111520","1":"post","2":"type-post","3":"status-publish","4":"format-standard","5":"has-post-thumbnail","7":"category-people","8":"tag-17","9":"tag-culture","10":"tag-divertissement","11":"tag-entertainment","12":"tag-film","13":"tag-fr","14":"tag-france","15":"tag-gerard","16":"tag-jugnot","17":"tag-mimet","18":"tag-people","19":"tag-prochain","20":"tag-son","21":"tag-tourne"},"share_on_mastodon":{"url":"https:\/\/pubeurope.com\/@fr\/114534053572292801","error":""},"_links":{"self":[{"href":"https:\/\/www.europesays.com\/fr\/wp-json\/wp\/v2\/posts\/111520","targetHints":{"allow":["GET"]}}],"collection":[{"href":"https:\/\/www.europesays.com\/fr\/wp-json\/wp\/v2\/posts"}],"about":[{"href":"https:\/\/www.europesays.com\/fr\/wp-json\/wp\/v2\/types\/post"}],"author":[{"embeddable":true,"href":"https:\/\/www.europesays.com\/fr\/wp-json\/wp\/v2\/users\/2"}],"replies":[{"embeddable":true,"href":"https:\/\/www.europesays.com\/fr\/wp-json\/wp\/v2\/comments?post=111520"}],"version-history":[{"count":0,"href":"https:\/\/www.europesays.com\/fr\/wp-json\/wp\/v2\/posts\/111520\/revisions"}],"wp:featuredmedia":[{"embeddable":true,"href":"https:\/\/www.europesays.com\/fr\/wp-json\/wp\/v2\/media\/111521"}],"wp:attachment":[{"href":"https:\/\/www.europesays.com\/fr\/wp-json\/wp\/v2\/media?parent=111520"}],"wp:term":[{"taxonomy":"category","embeddable":true,"href":"https:\/\/www.europesays.com\/fr\/wp-json\/wp\/v2\/categories?post=111520"},{"taxonomy":"post_tag","embeddable":true,"href":"https:\/\/www.europesays.com\/fr\/wp-json\/wp\/v2\/tags?post=111520"}],"curies":[{"name":"wp","href":"https:\/\/api.w.org\/{rel}","templated":true}]}}