{"id":111526,"date":"2025-05-19T10:38:09","date_gmt":"2025-05-19T10:38:09","guid":{"rendered":"https:\/\/www.europesays.com\/fr\/111526\/"},"modified":"2025-05-19T10:38:09","modified_gmt":"2025-05-19T10:38:09","slug":"comment-ce-rappeur-discret-a-connu-une-ascension-fulgurante","status":"publish","type":"post","link":"https:\/\/www.europesays.com\/fr\/111526\/","title":{"rendered":"comment ce rappeur discret a connu une ascension fulgurante"},"content":{"rendered":"<p class=\"article-p mdl\">Son d\u00e9c\u00e8s a \u00e9t\u00e9 un choc pour ses nombreux fans. Le\u00a0<a class=\"link\" href=\"https:\/\/www.rtl.fr\/culture\/musique\/le-rappeur-werenoi-plus-gros-vendeur-d-album-en-2024-est-mort-a-l-age-de-31-ans-7900506189\" title=\"Le rappeur Werenoi, plus gros vendeur d&#039;albums en 2024, est mort \u00e0 l&#039;\u00e2ge de 31 ans\" target=\"_blank\" rel=\"noopener\">rappeur Werenoi<\/a>, de son vrai nom J\u00e9r\u00e9my Bana Owona, est mort samedi 17 mai 2025, \u00e0 l&rsquo;\u00e2ge de 31 ans seulement. Les causes de son d\u00e9c\u00e8s ne sont pas connues publiquement, mais des rumeurs couraient depuis quelques jours sur son \u00e9tat de sant\u00e9. Quelques jours avant sa mort, il avait \u00e9t\u00e9 absent de la\u00a0<a class=\"link\" href=\"https:\/\/www.rtl.fr\/culture\/musique\/les-flammes-2025-ou-et-a-quelle-heure-regarder-la-ceremonie-dediee-aux-cultures-populaires-7900504250\" title=\"Les Flammes 2025 : o\u00f9 et \u00e0 quelle heure regarder la c\u00e9r\u00e9monie d\u00e9di\u00e9e aux cultures populaires ?\" target=\"_blank\" rel=\"noopener\">c\u00e9r\u00e9monie des Flammes<\/a>, cette grande comp\u00e9tition musicale d\u00e9di\u00e9e \u00e0 la musique urbaine. Il y avait re\u00e7u un prix et \u00e9tait apparu uniquement par vid\u00e9o, visiblement avec une \u00e9charpe autour du bras.\u00a0<\/p>\n<p class=\"article-p mdl\"><a class=\"link\" href=\"https:\/\/www.rtl.fr\/culture\/medias-people\/mort-de-werenoi-qui-etait-ce-rappeur-discret-numero-1-des-ventes-en-2024-7900506181\" title=\"Mort de Werenoi : qui \u00e9tait ce rappeur discret, num\u00e9ro 1 des ventes en 2024 ?\" target=\"_blank\" rel=\"noopener\">Werenoi<\/a>\u00a0\u00e9tait un travailleur acharn\u00e9, il passait tout son temps en studio. En deux ans, il a sorti\u00a0<a class=\"link\" href=\"https:\/\/www.rtl.fr\/culture\/musique\/mort-de-werenoi-la-carriere-du-meilleur-vendeur-d-albums-en-france-en-5-hits-7900506207\" title=\"Mort de Werenoi : 5 tubes du rappeur mort brutalement \u00e0 l&#039;\u00e2ge de 31 ans\" target=\"_blank\" rel=\"noopener\">trois albums<\/a>. Il \u00e9crivait lui-m\u00eame ses paroles, avec un style plus sage que Booba, mais il pouvait aussi \u00eatre rugueux et ses mots \u00e9taient souvent sombres. Dans le m\u00eame texte, Werenoi \u00e9tait capable de phrases coups de poing et de tournures po\u00e9tiques. Il r\u00e9p\u00e9tait souvent les mots, ce qui rendait ses morceaux assez ent\u00eatants. C&rsquo;\u00e9tait un rap qu&rsquo;on pouvait chanter et reprendre en ch\u0153ur pendant les concerts. Ces choix musicaux et ce travail ont pay\u00e9 !\u00a0<\/p>\n<p>            \u00ab\u00a0Mieux vaut se taire\u00a0\u00bb<\/p>\n<p class=\"article-p mdl\">En quatre ans de carri\u00e8re seulement, il a cumul\u00e9 740 millions de vues sur YouTube et a m\u00eame \u00e9t\u00e9 le plus gros vendeur de disques en France en 2023 et en 2024, devant tous les autres artistes, tous genres confondus.\u00a0\u00a0<\/p>\n<p class=\"article-p mdl\">Pourtant, malgr\u00e9 ce succ\u00e8s immense dans le rap, nombreux sont les Fran\u00e7ais \u00e0 ne pas le conna\u00eetre. Cela s&rsquo;explique par le fait que Werenoi \u00e9tait absent du paysage m\u00e9diatique. \u00ab\u00a0Mieux vaut se taire\u00a0\u00bb, disait-il dans sa chanson \u00ab\u00a0La League\u00a0\u00bb, un titre en r\u00e9f\u00e9rence \u00e0 son entourage. RTL l&rsquo;a d&rsquo;ailleurs souvent sollicit\u00e9 depuis quatre ans, mais il a toujours d\u00e9clin\u00e9.\u00a0<\/p>\n<p>            Werenoi s&rsquo;exprimait tr\u00e8s rarement sur les r\u00e9seaux sociaux<\/p>\n<p class=\"article-p mdl\">N\u00e9 \u00e0 Melun, il avait grandi dans la cit\u00e9 Jean Moulin \u00e0 Montreuil et \u00e9tait issu d&rsquo;une famille d&rsquo;origine camerounaise dans laquelle on ne fait pas de musique. Les gens qui l&rsquo;ont connu disent que \u00e7a a toujours \u00e9t\u00e9 un gar\u00e7on qui \u00e9tait dans son coin. Depuis son succ\u00e8s, il \u00e9tait cach\u00e9 derri\u00e8re des lunettes noires et sous un b\u00e9ret. M\u00eame sur les r\u00e9seaux sociaux, Werenoi s&rsquo;exprimait tr\u00e8s rarement, il disait \u00ab\u00a0d\u00e9tester les clashs\u00a0\u00bb, qui sont pourtant courants dans ce milieu. \u00c7a va m\u00eame au-del\u00e0 : il n&rsquo;avait jamais r\u00eav\u00e9 de faire du rap.\u00a0<\/p>\n<p class=\"article-p mdl\">Depuis l&rsquo;annonce de son d\u00e9c\u00e8s, les\u00a0<a class=\"link\" href=\"https:\/\/www.rtl.fr\/culture\/musique\/mort-de-werenoi-obispo-sch-aya-nakamura-les-hommages-affluent-apres-la-disparition-brutale-de-l-artiste-7900506226\" title=\"Mort de Werenoi : Obispo, SCH, Aya Nakamura... les hommages affluent apr\u00e8s la disparition brutale de l&#039;artiste\" target=\"_blank\" rel=\"noopener\">hommages se sont multipli\u00e9s<\/a>. Des stars du rap comme Gims, Aya Nakamura ou encore SCH, mais aussi d&rsquo;autres acteurs du monde culturel. C&rsquo;est le cas de la ministre de la Culture, Rachida Dati ou encore Pascal Obispo, avec qui il \u00e9changeait r\u00e9guli\u00e8rement -son fils \u00e9tant ami avec le rappeur- et qui l&rsquo;avait accompagn\u00e9 au piano lors d&rsquo;un concert en septembre 2023.\u00a0\u00a0<\/p>\n<p>    La r\u00e9daction vous recommande<\/p>\n<p class=\"s-newsletter__title\">\n                L\u2019actualit\u00e9 par la r\u00e9daction de RTL dans votre bo\u00eete mail.\n            <\/p>\n<p class=\"s-newsletter__subtitle\">\n                Gr\u00e2ce \u00e0 votre compte RTL abonnez-vous \u00e0 la newsletter RTL info pour suivre toute l&rsquo;actualit\u00e9 au quotidien\n            <\/p>\n<p>\n                                    Lire la suite\n                                <\/p>\n","protected":false},"excerpt":{"rendered":"Son d\u00e9c\u00e8s a \u00e9t\u00e9 un choc pour ses nombreux fans. Le\u00a0rappeur Werenoi, de son vrai nom J\u00e9r\u00e9my Bana&hellip;\n","protected":false},"author":2,"featured_media":111527,"comment_status":"","ping_status":"","sticky":false,"template":"","format":"standard","meta":{"footnotes":""},"categories":[1355],"tags":[3983,58,59,107,1011,27,1361,873,3616],"class_list":{"0":"post-111526","1":"post","2":"type-post","3":"status-publish","4":"format-standard","5":"has-post-thumbnail","7":"category-musique","8":"tag-deces","9":"tag-divertissement","10":"tag-entertainment","11":"tag-fil-info","12":"tag-fr","13":"tag-france","14":"tag-music","15":"tag-musique","16":"tag-rap"},"share_on_mastodon":{"url":"https:\/\/pubeurope.com\/@fr\/114534069381629279","error":""},"_links":{"self":[{"href":"https:\/\/www.europesays.com\/fr\/wp-json\/wp\/v2\/posts\/111526","targetHints":{"allow":["GET"]}}],"collection":[{"href":"https:\/\/www.europesays.com\/fr\/wp-json\/wp\/v2\/posts"}],"about":[{"href":"https:\/\/www.europesays.com\/fr\/wp-json\/wp\/v2\/types\/post"}],"author":[{"embeddable":true,"href":"https:\/\/www.europesays.com\/fr\/wp-json\/wp\/v2\/users\/2"}],"replies":[{"embeddable":true,"href":"https:\/\/www.europesays.com\/fr\/wp-json\/wp\/v2\/comments?post=111526"}],"version-history":[{"count":0,"href":"https:\/\/www.europesays.com\/fr\/wp-json\/wp\/v2\/posts\/111526\/revisions"}],"wp:featuredmedia":[{"embeddable":true,"href":"https:\/\/www.europesays.com\/fr\/wp-json\/wp\/v2\/media\/111527"}],"wp:attachment":[{"href":"https:\/\/www.europesays.com\/fr\/wp-json\/wp\/v2\/media?parent=111526"}],"wp:term":[{"taxonomy":"category","embeddable":true,"href":"https:\/\/www.europesays.com\/fr\/wp-json\/wp\/v2\/categories?post=111526"},{"taxonomy":"post_tag","embeddable":true,"href":"https:\/\/www.europesays.com\/fr\/wp-json\/wp\/v2\/tags?post=111526"}],"curies":[{"name":"wp","href":"https:\/\/api.w.org\/{rel}","templated":true}]}}