{"id":111535,"date":"2025-05-19T10:42:09","date_gmt":"2025-05-19T10:42:09","guid":{"rendered":"https:\/\/www.europesays.com\/fr\/111535\/"},"modified":"2025-05-19T10:42:09","modified_gmt":"2025-05-19T10:42:09","slug":"a-monaco-il-officialise-avec-louana-franco","status":"publish","type":"post","link":"https:\/\/www.europesays.com\/fr\/111535\/","title":{"rendered":"\u00e0 Monaco, il officialise avec Louana Franco"},"content":{"rendered":"<p>C\u2019est d\u00e9sormais <strong>officiel<\/strong> : Adil Rami n\u2019est <strong>plus un c\u0153ur \u00e0 prendre.<\/strong> Ce week-end, le champion du monde 2018 a fait une <strong>apparition tr\u00e8s remarqu\u00e9e \u00e0 Monaco.<\/strong> Il \u00e9tait au bras de sa nouvelle compagne, <strong>Louana Franco.<\/strong> Le couple \u00e9tait tr\u00e8s complice lors de la 21e \u00e9dition du concours Top Model International, organis\u00e9 dans la prestigieuse salle des \u00c9toiles du Sporting de Monte-Carlo. <strong>Costumes \u00e9l\u00e9gants, sourires complices et regards tendres :<\/strong> tous les signaux \u00e9taient au vert pour une officialisation. Depuis plusieurs semaines, la rumeur d\u2019une nouvelle <strong>histoire d\u2019amour<\/strong> enflait autour de l\u2019ancien footballeur. Certains fans l\u2019imaginaient m\u00eame proche de sa partenaire dans Danse avec les stars, Ana Riera. Une hypoth\u00e8se rapidement balay\u00e9e : la <strong>danseuse est en couple, et Adil Rami aussi.<\/strong> Celui qui avait laiss\u00e9 sa vie amoureuse \u00e0 l\u2019abri des projecteurs semble aujourd\u2019hui pr\u00eat \u00e0 s\u2019exposer de nouveau, avec <strong>Louana<\/strong>.<\/p>\n<p>Qui est la copine d\u2019Adil Rami ? Une candidate de t\u00e9l\u00e9-r\u00e9alit\u00e9 connue du public<\/p>\n<p><strong>Louana Franco<\/strong> n\u2019est pas une inconnue. R\u00e9v\u00e9l\u00e9e dans Les Apprentis Aventuriers, puis dans La Villa des c\u0153urs bris\u00e9s, la jeune femme de temp\u00e9rament a su rapidement marquer les <strong>esprits des t\u00e9l\u00e9spectateurs<\/strong>. Depuis quelque temps, ses apparitions publiques devenaient plus fr\u00e9quentes, notamment dans le cadre de l\u2019\u00e9mission Danse avec les stars. Elle avait \u00e9t\u00e9 aper\u00e7ue plusieurs fois dans le <strong>public<\/strong>, et m\u00eame dans les coulisses lors des <strong>r\u00e9p\u00e9titions<\/strong>. Ce rapprochement (&#8230;)<\/p>\n<p><a href=\"https:\/\/www.closermag.fr\/people\/adil-rami-en-couple-a-monaco-il-officialise-avec-louana-franco-3546208\" rel=\"nofollow noopener\" target=\"_blank\" data-ylk=\"slk:Lire la suite sur Closer;elm:context_link;itc:0;sec:content-canvas\" class=\"link \">Lire la suite sur Closer<\/a><\/p>\n<p><a href=\"https:\/\/www.closermag.fr\/people\/cannes-2025-isabelle-huppert-accident-de-robe-sur-le-tapis-rouge-marina-fois-et-laurent-lafitte-en-font-les-frais-photos-3546242\" rel=\"nofollow noopener\" target=\"_blank\" data-ylk=\"slk:CANNES 2025. Isabelle Huppert : accident de robe sur le tapis rouge, Marina Fo\u00efs et Laurent Lafitte en font les frais (Photos);elm:context_link;itc:0;sec:content-canvas\" class=\"link \">CANNES 2025. Isabelle Huppert : accident de robe sur le tapis rouge, Marina Fo\u00efs et Laurent Lafitte en font les frais (Photos)<\/a><br \/><a href=\"https:\/\/www.closermag.fr\/people\/mieux-quun-regime-stephane-plaza-devoile-sa-perte-de-poids-colossale-liee-a-ses-deboires-judiciaires-3546265\" rel=\"nofollow noopener\" target=\"_blank\" data-ylk=\"slk:&quot;Mieux qu&#039;un r\u00e9gime&quot; : St\u00e9phane Plaza d\u00e9voile sa perte de poids colossale li\u00e9e \u00e0 ses d\u00e9boires judiciaires;elm:context_link;itc:0;sec:content-canvas\" class=\"link \">\u00ab\u00a0Mieux qu&rsquo;un r\u00e9gime\u00a0\u00bb : St\u00e9phane Plaza d\u00e9voile sa perte de poids colossale li\u00e9e \u00e0 ses d\u00e9boires judiciaires<\/a><br \/><a href=\"https:\/\/www.closermag.fr\/people\/nous-formons-un-couple-julien-clerc-devoile-le-secret-de-son-union-avec-helene-de-30-ans-sa-cadette-3546269\" rel=\"nofollow noopener\" target=\"_blank\" data-ylk=\"slk:\u201cNous formons un couple\u2026\u201d : Julien Clerc d\u00e9voile le secret de son union avec H\u00e9l\u00e8ne, de 30 ans sa cadette;elm:context_link;itc:0;sec:content-canvas\" class=\"link \">\u201cNous formons un couple\u2026\u201d : Julien Clerc d\u00e9voile le secret de son union avec H\u00e9l\u00e8ne, de 30 ans sa cadette<\/a><br \/><a href=\"https:\/\/www.closermag.fr\/people\/miou-miou-ce-seul-et-unique-grand-principe-impose-par-lactrice-a-ses-deux-filles-3546244\" rel=\"nofollow noopener\" target=\"_blank\" data-ylk=\"slk:Miou-Miou : ce seul et unique grand principe impos\u00e9 par l\u2019actrice \u00e0 ses deux filles;elm:context_link;itc:0;sec:content-canvas\" class=\"link \">Miou-Miou : ce seul et unique grand principe impos\u00e9 par l\u2019actrice \u00e0 ses deux filles<\/a><br \/><a href=\"https:\/\/www.closermag.fr\/people\/miou-miou-ses-rarissimes-confidences-sur-ses-trois-petits-enfants-3546231\" rel=\"nofollow noopener\" target=\"_blank\" data-ylk=\"slk:Miou-Miou : ses rarissimes confidences sur ses trois petits-enfants;elm:context_link;itc:0;sec:content-canvas\" class=\"link \">Miou-Miou : ses rarissimes confidences sur ses trois petits-enfants<\/a><\/p>\n","protected":false},"excerpt":{"rendered":"C\u2019est d\u00e9sormais officiel : Adil Rami n\u2019est plus un c\u0153ur \u00e0 prendre. Ce week-end, le champion du monde&hellip;\n","protected":false},"author":2,"featured_media":111536,"comment_status":"","ping_status":"","sticky":false,"template":"","format":"standard","meta":{"footnotes":""},"categories":[8],"tags":[1682,23085,194,58,59,1011,27,23084,23083,3127],"class_list":{"0":"post-111535","1":"post","2":"type-post","3":"status-publish","4":"format-standard","5":"has-post-thumbnail","7":"category-divertissement","8":"tag-adil-rami","9":"tag-ana-riera","10":"tag-danse-avec-les-stars","11":"tag-divertissement","12":"tag-entertainment","13":"tag-fr","14":"tag-france","15":"tag-louana","16":"tag-louana-franco","17":"tag-monaco"},"share_on_mastodon":{"url":"https:\/\/pubeurope.com\/@fr\/114534084988464784","error":""},"_links":{"self":[{"href":"https:\/\/www.europesays.com\/fr\/wp-json\/wp\/v2\/posts\/111535","targetHints":{"allow":["GET"]}}],"collection":[{"href":"https:\/\/www.europesays.com\/fr\/wp-json\/wp\/v2\/posts"}],"about":[{"href":"https:\/\/www.europesays.com\/fr\/wp-json\/wp\/v2\/types\/post"}],"author":[{"embeddable":true,"href":"https:\/\/www.europesays.com\/fr\/wp-json\/wp\/v2\/users\/2"}],"replies":[{"embeddable":true,"href":"https:\/\/www.europesays.com\/fr\/wp-json\/wp\/v2\/comments?post=111535"}],"version-history":[{"count":0,"href":"https:\/\/www.europesays.com\/fr\/wp-json\/wp\/v2\/posts\/111535\/revisions"}],"wp:featuredmedia":[{"embeddable":true,"href":"https:\/\/www.europesays.com\/fr\/wp-json\/wp\/v2\/media\/111536"}],"wp:attachment":[{"href":"https:\/\/www.europesays.com\/fr\/wp-json\/wp\/v2\/media?parent=111535"}],"wp:term":[{"taxonomy":"category","embeddable":true,"href":"https:\/\/www.europesays.com\/fr\/wp-json\/wp\/v2\/categories?post=111535"},{"taxonomy":"post_tag","embeddable":true,"href":"https:\/\/www.europesays.com\/fr\/wp-json\/wp\/v2\/tags?post=111535"}],"curies":[{"name":"wp","href":"https:\/\/api.w.org\/{rel}","templated":true}]}}