{"id":111539,"date":"2025-05-19T10:44:08","date_gmt":"2025-05-19T10:44:08","guid":{"rendered":"https:\/\/www.europesays.com\/fr\/111539\/"},"modified":"2025-05-19T10:44:08","modified_gmt":"2025-05-19T10:44:08","slug":"la-commission-europeenne-degrade-sa-prevision-de-croissance-pour-la-france-a-06-en-2025","status":"publish","type":"post","link":"https:\/\/www.europesays.com\/fr\/111539\/","title":{"rendered":"La commission europ\u00e9enne d\u00e9grade sa pr\u00e9vision de croissance pour la France \u00e0 0,6% en 2025"},"content":{"rendered":"<p>Selon Bruxelles, l\u2019\u00e9conomie europ\u00e9enne devrait progresser \u00e0 petit train cette ann\u00e9e\u00a0: 1,1 % pour l\u2019Union europ\u00e9enne et 0,9 % pour la zone euro.<\/p>\n<p class=\"fig-paragraph\">Les incertitudes politiques et le\u00a0<a href=\"http:\/\/www.lefigaro.fr\/societes\/guerre-commerciale-quels-sont-les-gagnants-et-les-perdants-en-bourse-20250517\" data-fig-type=\"Article\" data-gtm-custom-categorie=\"navigation\" data-gtm-custom-action=\"crossclick\" data-gtm-custom-label=\"Contextuel\" data-gtm-event=\"customEventSPE\" data-fig-domain=\"LEFIGARO\" target=\"_blank\" rel=\"noopener\">ralentissement du commerce mondial<\/a>\u00a0incitent la Commission \u00e0 revoir \u00e0 la baisse ses pr\u00e9visions \u00e9conomiques pour l\u2019Union europ\u00e9enne. Elle table d\u00e9sormais sur une croissance du Produit int\u00e9rieur brut (PIB) de 1,1% pour l\u2019Union europ\u00e9enne et 0,9% pour la zone euro, contre 1,5% et 1,3% il y a seulement six mois.<\/p>\n<p class=\"fig-paragraph\">Sur le podium des pays de la zone euro les plus dynamiques en 2025 se trouvent le Danemark (croissance de 3,6\u00a0%), l\u2019Irlande (3,4\u00a0%) et la Pologne (3,3%). L\u2019Allemagne et l\u2019Autriche ferment la marche avec des \u00e9conomies en stagnation, voire r\u00e9cession pour Vienne. La performance fran\u00e7aise n\u2019est pas non plus flamboyante\u00a0: la Commission table sur une croissance bien modeste de 0,6%, soit une\u00a0<a href=\"http:\/\/www.lefigaro.fr\/conjoncture\/maurice-obstfeld-ancien-chef-economiste-du-fmi-on-peut-detruire-la-confiance-tres-vite-il-faut-beaucoup-de-temps-pour-la-restaurer-20250425\" data-fig-type=\"Article\" data-gtm-custom-categorie=\"navigation\" data-gtm-custom-action=\"crossclick\" data-gtm-custom-label=\"Contextuel\" data-gtm-event=\"customEventSPE\" data-fig-domain=\"LEFIGARO\" target=\"_blank\" rel=\"noopener\">pr\u00e9vision identique \u00e0 celle du FMI,<\/a>\u00a0quand elle comptait encore sur 0,8% l\u2019automne dernier. Le gouvernement a aussi revu au d\u00e9but de l\u2019ann\u00e9e \u00e0 la baisse son objectif de croissance, un cran toutefois plus haut \u00e0 0,7%. Fin avril, le ministre des Finances, \u00c9ric Lombard reconnaissait que cela allait \u00ab\u00eatre un combat\u00bb.<\/p>\n<p>La guerre commerciale de Donald Trump p\u00e8se sur les pr\u00e9visions<\/p>\n<p class=\"fig-paragraph\">La fin de l\u2019ann\u00e9e 2024 et le premier trimestre 2025 ont pourtant surpris par leur bonne tenue, avec une activit\u00e9 \u00e9conomique en croissance successivement de 0,4% puis 0,3%, soutenue par la demande.\u00a0Las,\u00a0<a href=\"http:\/\/www.lefigaro.fr\/conjoncture\/dossier\/droits-de-douane-americains-notre-dossier-pour-tout-comprendre\" data-fig-type=\"Topic\" data-gtm-custom-categorie=\"navigation\" data-gtm-custom-action=\"crossclick\" data-gtm-custom-label=\"Contextuel\" data-gtm-event=\"customEventSPE\" data-fig-domain=\"LEFIGARO\" target=\"_blank\" rel=\"noopener\">la guerre commerciale lanc\u00e9e par Washington\u00a0<\/a>est venue gripper cette belle dynamique. La politique \u00e9conomique am\u00e9ricaine est d\u00e9sormais sujette \u00e0 tant d\u2019incertitudes que les \u00e9conomistes de la Commission reconnaissent avoir pein\u00e9 \u00e0 r\u00e9aliser leur traditionnel exercice de pr\u00e9vision. Ils ont d\u00fb pour cela prendre quelques hypoth\u00e8ses, sujettes dans un environnement aussi volatil \u00e0 r\u00e9vision.<\/p>\n<p class=\"fig-paragraph\">La Commission mise ainsi sur d<a href=\"http:\/\/www.lefigaro.fr\/conjoncture\/guerre-commerciale-l-europe-vise-boeing-le-bourbon-et-les-voitures-americaines-20250508\" data-fig-type=\"Article\" data-gtm-custom-categorie=\"navigation\" data-gtm-custom-action=\"crossclick\" data-gtm-custom-label=\"Contextuel\" data-gtm-event=\"customEventSPE\" data-fig-domain=\"LEFIGARO\" target=\"_blank\" rel=\"noopener\">es droits de douane entre les \u00c9tats-Unis et l\u2019Europe, maintenus \u00e0 10 %, \u00e0 l\u2019exception des droits de 25 % sur l\u2019acier, l\u2019aluminium et les voitures et les exemptions sur les produits pharmaceutiques et les microprocesseurs<\/a>. Dans ces conditions, les exportations europ\u00e9ennes ne progresseraient que de 0,7 % cette ann\u00e9e\u00a0; avant un rebond \u00e0 2,1\u00a0% en 2026. la croissance du Vieux continent devrait d\u2019ailleurs retrouver des couleurs l\u2019ann\u00e9e prochaine \u00e0 1,5\u00a0%.<\/p>\n<p class=\"fig-paragraph\">Sous la pression de la guerre commerciale, les hausses de prix poursuivront leur d\u00e9crue ces prochains mois.\u00a0<a href=\"http:\/\/www.lefigaro.fr\/flash-eco\/perte-record-de-la-bce-en-2024-toujours-plombee-par-les-taux-eleves-20250220\" data-fig-type=\"NewsFlash\" data-gtm-custom-categorie=\"navigation\" data-gtm-custom-action=\"crossclick\" data-gtm-custom-label=\"Contextuel\" data-gtm-event=\"customEventSPE\" data-fig-domain=\"LEFIGARO\" target=\"_blank\" rel=\"noopener\">Apr\u00e8s avoir atteint 2,4\u00a0% l\u2019ann\u00e9e derni\u00e8re, l\u2019inflation devrait ainsi se situer aux alentours de l\u2019objectif de la Banque centrale europ\u00e9enne &#8211; les fameux 2\u00a0%- cet \u00e9t\u00e9,<\/a>\u00a0pour atterrir autour de 1,7\u00a0% en 2026. Ce mouvement sera soutenu par la baisse des prix de l\u2019\u00e9nergie et l\u2019appr\u00e9ciation de l\u2019euro.<\/p>\n","protected":false},"excerpt":{"rendered":"Selon Bruxelles, l\u2019\u00e9conomie europ\u00e9enne devrait progresser \u00e0 petit train cette ann\u00e9e\u00a0: 1,1 % pour l\u2019Union europ\u00e9enne et 0,9&hellip;\n","protected":false},"author":2,"featured_media":111540,"comment_status":"","ping_status":"","sticky":false,"template":"","format":"standard","meta":{"footnotes":""},"categories":[6],"tags":[339,340,35,343,345,2196,350,130,344,352,349,33,34,341,313,1011,27,346,342,353,351,347,348,354,364],"class_list":{"0":"post-111539","1":"post","2":"type-post","3":"status-publish","4":"format-standard","5":"has-post-thumbnail","7":"category-economie","8":"tag-actualite-economique","9":"tag-bourse","10":"tag-business","11":"tag-cac-40","12":"tag-chef-dentreprise","13":"tag-commission-europeenne","14":"tag-concurrence","15":"tag-consommation","16":"tag-creation-dentreprise","17":"tag-crise","18":"tag-delocalisations","19":"tag-economie","20":"tag-economy","21":"tag-emploi","22":"tag-entreprises","23":"tag-fr","24":"tag-france","25":"tag-grands-patrons","26":"tag-impots","27":"tag-licenciements","28":"tag-monopole","29":"tag-multinationales","30":"tag-privatisation","31":"tag-unio","32":"tag-union-europeenne"},"share_on_mastodon":{"url":"https:\/\/pubeurope.com\/@fr\/114534092877457207","error":""},"_links":{"self":[{"href":"https:\/\/www.europesays.com\/fr\/wp-json\/wp\/v2\/posts\/111539","targetHints":{"allow":["GET"]}}],"collection":[{"href":"https:\/\/www.europesays.com\/fr\/wp-json\/wp\/v2\/posts"}],"about":[{"href":"https:\/\/www.europesays.com\/fr\/wp-json\/wp\/v2\/types\/post"}],"author":[{"embeddable":true,"href":"https:\/\/www.europesays.com\/fr\/wp-json\/wp\/v2\/users\/2"}],"replies":[{"embeddable":true,"href":"https:\/\/www.europesays.com\/fr\/wp-json\/wp\/v2\/comments?post=111539"}],"version-history":[{"count":0,"href":"https:\/\/www.europesays.com\/fr\/wp-json\/wp\/v2\/posts\/111539\/revisions"}],"wp:featuredmedia":[{"embeddable":true,"href":"https:\/\/www.europesays.com\/fr\/wp-json\/wp\/v2\/media\/111540"}],"wp:attachment":[{"href":"https:\/\/www.europesays.com\/fr\/wp-json\/wp\/v2\/media?parent=111539"}],"wp:term":[{"taxonomy":"category","embeddable":true,"href":"https:\/\/www.europesays.com\/fr\/wp-json\/wp\/v2\/categories?post=111539"},{"taxonomy":"post_tag","embeddable":true,"href":"https:\/\/www.europesays.com\/fr\/wp-json\/wp\/v2\/tags?post=111539"}],"curies":[{"name":"wp","href":"https:\/\/api.w.org\/{rel}","templated":true}]}}