{"id":111541,"date":"2025-05-19T10:45:10","date_gmt":"2025-05-19T10:45:10","guid":{"rendered":"https:\/\/www.europesays.com\/fr\/111541\/"},"modified":"2025-05-19T10:45:10","modified_gmt":"2025-05-19T10:45:10","slug":"moscou-juge-important-lappel-a-venir-avec-trump-et-prefere-un-reglement-a-lamiable","status":"publish","type":"post","link":"https:\/\/www.europesays.com\/fr\/111541\/","title":{"rendered":"Moscou juge important l\u2019appel \u00e0 venir avec Trump et pr\u00e9f\u00e8re \u00abun r\u00e8glement \u00e0 l\u2019amiable\u00bb"},"content":{"rendered":"<p role=\"heading\" aria-level=\"3\">Ukraine, Gaza, Inde-Pakistan : Donald Trump, \u00abfaiseur de paix\u00bb ou \u00abpompier pyromane\u00bb ?<\/p>\n<p class=\"fig-paragraph\">Alors que le pr\u00e9sident am\u00e9ricain multiplie les initiatives de m\u00e9diation \u00e0 travers le monde, l\u2019historien Florian Louis constate dans un entretien au Figaro que \u00abses d\u00e9cisions souvent iconoclastes tendent surtout \u00e0 d\u00e9sinhiber nombre d\u2019acteurs internationaux\u00bb, les poussant \u00ab\u00e0 d\u00e9bloquer des situations \u00e0 leur avantage\u00bb.<\/p>\n<p class=\"fig-paragraph\"><strong>LE FIGARO.- Lors de son investiture, Trump \u00e9mettait le v\u0153u d\u2019\u00eatre per\u00e7u comme un <\/strong><strong>\u00ab faiseur de paix\u00a0\u00bb<\/strong><strong>. En quatre mois, il a engag\u00e9 des n\u00e9gociations sur le conflit ukrainien, avec l\u2019Iran sur le nucl\u00e9aire, a renou\u00e9 avec la Syrie, jou\u00e9 les m\u00e9diateurs entre l\u2019Inde et le Pakistan et se m\u00eale aussi du conflit \u00e0 Gaza. Peut-on parler de pr\u00e9sident pacificateur\u00a0?<\/strong><\/p>\n<p class=\"fig-paragraph\"><strong>Florian Louis.-<\/strong>\u00a0Il est beaucoup trop t\u00f4t pour employer de tels termes. Seul le recul du temps permettra de constater s\u2019il r\u00e9ussit son pari en laissant derri\u00e8re lui un monde durablement plus apais\u00e9 que celui qu\u2019il a trouv\u00e9 \u00e0 son retour \u00e0 la Maison Blanche.<\/p>\n<p class=\"fig-paragraph\">Pour l\u2019heure, on peut constater qu\u2019il est un pr\u00e9sident beaucoup plus interventionniste dans les affaires du monde que n\u2019auraient pu le faire penser les penchants isolationnistes qu\u2019il a souvent exprim\u00e9s par le pass\u00e9. Loin d\u2019\u00eatre le chef d\u2019une Am\u00e9rique qui se replie sur elle-m\u00eame et laisse le reste du monde prendre en charge son destin, il saisit chaque occasion que lui fournit la riche actualit\u00e9 internationale pour mettre en sc\u00e8ne ses pr\u00e9sum\u00e9s talents de n\u00e9gociateur.<\/p>\n<p class=\"fig-paragraph\">Mais le paradoxe est que cet aspirant pacificateur est aussi, par la d\u00e9stabilisation du syst\u00e8me international dont ses nombreuses\u00a0<a href=\"http:\/\/www.lefigaro.fr\/international\/groenland-panama-les-visees-expansionnistes-de-donald-trump-20250109\" target=\"_blank\" data-fig-type=\"Article\" rel=\"noopener\" data-gtm-custom-categorie=\"navigation\" data-gtm-custom-action=\"crossclick\" data-gtm-custom-label=\"Contextuel\" data-gtm-event=\"customEventSPE\" data-fig-domain=\"LEFIGARO\">transgressions<\/a>\u00a0sont \u00e0 l\u2019origine, l\u2019un des facteurs du regain d\u2019intensit\u00e9 de certains des conflits qu\u2019il pr\u00e9tend r\u00e9sorber. Par son style de gouvernement et ses d\u00e9cisions souvent iconoclastes, Donald Trump tend \u00e0 d\u00e9sinhiber nombre d\u2019acteurs internationaux qui voient dans sa pr\u00e9sidence une fen\u00eatre d\u2019opportunit\u00e9 inesp\u00e9r\u00e9e \u00e0 exploiter pour, de\u00a0<a href=\"http:\/\/www.lefigaro.fr\/international\/l-armee-israelienne-intensifie-ses-operations-dans-la-bande-de-gaza-20250516\" target=\"_blank\" data-fig-type=\"Article\" rel=\"noopener\" data-gtm-custom-categorie=\"navigation\" data-gtm-custom-action=\"crossclick\" data-gtm-custom-label=\"Contextuel\" data-gtm-event=\"customEventSPE\" data-fig-domain=\"LEFIGARO\">Gaza<\/a>\u00a0au\u00a0<a href=\"http:\/\/www.lefigaro.fr\/international\/en-pleins-pourparlers-difficiles-a-istanbul-l-armee-ukrainienne-flanche-face-aux-russes-dans-le-donbass-20250516\" target=\"_blank\" data-fig-type=\"NewsFlash\" rel=\"noopener\" data-gtm-custom-categorie=\"navigation\" data-gtm-custom-action=\"crossclick\" data-gtm-custom-label=\"Contextuel\" data-gtm-event=\"customEventSPE\" data-fig-domain=\"LEFIGARO\">Donbass<\/a>\u00a0en passant par le\u00a0<a href=\"http:\/\/www.lefigaro.fr\/international\/inde-pakistan-l-armee-pakistanaise-dresse-un-nouveau-bilan-de-40-civils-et-11-militaires-tues-20250513\" target=\"_blank\" data-fig-type=\"NewsFlash\" rel=\"noopener\" data-gtm-custom-categorie=\"navigation\" data-gtm-custom-action=\"crossclick\" data-gtm-custom-label=\"Contextuel\" data-gtm-event=\"customEventSPE\" data-fig-domain=\"LEFIGARO\">Cachemire<\/a>, d\u00e9bloquer des situations \u00e0 leur avantage. Donald Trump pourrait ainsi bien rester dans l\u2019histoire comme un pompier pyromane se gargarisant de mettre fin \u00e0 des conflits qu\u2019il a lui-m\u00eame, sans forc\u00e9ment le vouloir, attis\u00e9s.<\/p>\n<p class=\"fig-body-cta-link\" data-module=\"fig-cta-link\" data-context=\"was @visible\">\n    <a class=\"fig-body-cta-link__link\" href=\"https:\/\/www.lefigaro.fr\/international\/ukraine-gaza-inde-pakistan-trump-est-il-le-faiseur-de-paix-qu-il-reve-d-etre-ou-un-pompier-pyromane-20250517\" data-js-gtm=\"{&quot;event&quot;:&quot;customEventGA4&quot;,&quot;eventName&quot;:&quot;click_navigation&quot;,&quot;button_action&quot;:&quot;crossclick&quot;,&quot;feature&quot;:&quot;Contextuel_bouton&quot;,&quot;feature_details&quot;:&quot;\\u00abFAISEUR DE PAIX\\u00bb OU \\u00abPOMPIER PYROMANE\\u00bb?&quot;,&quot;link_url&quot;:&quot;https:\\\/\\\/www.lefigaro.fr\\\/international\\\/ukraine-gaza-inde-pakistan-trump-est-il-le-faiseur-de-paix-qu-il-reve-d-etre-ou-un-pompier-pyromane-20250517&quot;}\" target=\"_blank\" rel=\"noopener\"><br \/>\n                \u00abFAISEUR DE PAIX\u00bb OU \u00abPOMPIER PYROMANE\u00bb?<br \/>\n    <\/a>\n<\/p>\n<p>    Donald Trump.<br \/>\n                Brian Snyder \/ REUTERS<\/p>\n","protected":false},"excerpt":{"rendered":"Ukraine, Gaza, Inde-Pakistan : Donald Trump, \u00abfaiseur de paix\u00bb ou \u00abpompier pyromane\u00bb ? Alors que le pr\u00e9sident am\u00e9ricain&hellip;\n","protected":false},"author":2,"featured_media":111542,"comment_status":"","ping_status":"","sticky":false,"template":"","format":"standard","meta":{"footnotes":""},"categories":[5],"tags":[259,11,260,7431,75,1011,27,131,14,261,12,262,135,28],"class_list":{"0":"post-111541","1":"post","2":"type-post","3":"status-publish","4":"format-standard","5":"has-post-thumbnail","7":"category-international","8":"tag-actualite-internationale","9":"tag-actualites","10":"tag-affaires-etrangeres","11":"tag-appel","12":"tag-donald-trump","13":"tag-fr","14":"tag-france","15":"tag-guerre-en-ukraine","16":"tag-international","17":"tag-ministere-des-affaires-etrangeres","18":"tag-news","19":"tag-politique-etrangere","20":"tag-vladimir-poutine","21":"tag-world"},"share_on_mastodon":{"url":"https:\/\/pubeurope.com\/@fr\/114534096799968796","error":""},"_links":{"self":[{"href":"https:\/\/www.europesays.com\/fr\/wp-json\/wp\/v2\/posts\/111541","targetHints":{"allow":["GET"]}}],"collection":[{"href":"https:\/\/www.europesays.com\/fr\/wp-json\/wp\/v2\/posts"}],"about":[{"href":"https:\/\/www.europesays.com\/fr\/wp-json\/wp\/v2\/types\/post"}],"author":[{"embeddable":true,"href":"https:\/\/www.europesays.com\/fr\/wp-json\/wp\/v2\/users\/2"}],"replies":[{"embeddable":true,"href":"https:\/\/www.europesays.com\/fr\/wp-json\/wp\/v2\/comments?post=111541"}],"version-history":[{"count":0,"href":"https:\/\/www.europesays.com\/fr\/wp-json\/wp\/v2\/posts\/111541\/revisions"}],"wp:featuredmedia":[{"embeddable":true,"href":"https:\/\/www.europesays.com\/fr\/wp-json\/wp\/v2\/media\/111542"}],"wp:attachment":[{"href":"https:\/\/www.europesays.com\/fr\/wp-json\/wp\/v2\/media?parent=111541"}],"wp:term":[{"taxonomy":"category","embeddable":true,"href":"https:\/\/www.europesays.com\/fr\/wp-json\/wp\/v2\/categories?post=111541"},{"taxonomy":"post_tag","embeddable":true,"href":"https:\/\/www.europesays.com\/fr\/wp-json\/wp\/v2\/tags?post=111541"}],"curies":[{"name":"wp","href":"https:\/\/api.w.org\/{rel}","templated":true}]}}