{"id":1115429,"date":"2026-08-08T11:02:17","date_gmt":"2026-08-08T11:02:17","guid":{"rendered":"https:\/\/www.europesays.com\/fr\/1115429\/"},"modified":"2026-08-08T11:02:17","modified_gmt":"2026-08-08T11:02:17","slug":"a-paris-rodolphe-saade-rachete-lhotel-particulier-du-patron-de-snapchat-pour-55-millions-deuros","status":"publish","type":"post","link":"https:\/\/www.europesays.com\/fr\/1115429\/","title":{"rendered":"\u00c0 Paris, Rodolphe Saad\u00e9 rach\u00e8te l&rsquo;h\u00f4tel particulier du patron de Snapchat pour 55 millions d&rsquo;euros"},"content":{"rendered":"<p>                    Par<br \/>\n        <strong><br \/>\n            <a href=\"https:\/\/actu.fr\/auteur\/laura-bruneau\" title=\"Consulter tous les articles de Laura Bruneau\" rel=\"nofollow noopener\" target=\"_blank\">Laura Bruneau<\/a><br \/>\n                    <\/strong><\/p>\n<p>        Publi\u00e9 le<\/p>\n<p>            8 ao\u00fbt 2026 \u00e0 10h55<br \/>\n        ; mis \u00e0 jour le 8 ao\u00fbt 2026 \u00e0 10h22    <\/p>\n<p>Un milliardaire chasse l\u2019autre dans le 16e arrondissement de Paris. Rodolphe Saad\u00e9 vient en effet d\u2019acqu\u00e9rir un pied-\u00e0-terre dans le quartier de la Muette. <a href=\"https:\/\/actu.fr\/provence-alpes-cote-d-azur\/marseille_13055\/marseille-rodolphe-saade-dans-le-top-5-des-plus-riches-de-france-voici-sa-fortune_61384590.html\" rel=\"nofollow noopener\" target=\"_blank\">L\u2019homme d\u2019affaires franco-libanais,<\/a> qui a fait fortune dans le fret maritime avec son entreprise CMA-CGM avant d\u2019investir dans les m\u00e9dias (CMA m\u00e9dia est<a href=\"https:\/\/actu.fr\/societe\/coup-de-tonnere-dans-les-medias-avec-la-vente-de-bfmtv-et-de-rmc-au-milliardaire-rodolphe-saade_60826175.html\" rel=\"nofollow noopener\" target=\"_blank\"> propri\u00e9taire de BFMTV, RMC<\/a>, La Provence, La Tribune\u2026 et est c<a href=\"https:\/\/actu.fr\/ile-de-france\/paris_75056\/paris-une-ecole-de-journalisme-historique-rachetee-par-des-patrons-de-presse-dont-arnault-saade-et-bollore_61869707.html\" rel=\"nofollow noopener\" target=\"_blank\">opropri\u00e9taire de l\u2019ESJ Paris<\/a>, c\u00e9l\u00e8bre \u00e9cole de journalisme), s\u2019est offert un h\u00f4tel particulier au 15, rue d\u2019Andign\u00e9, a r\u00e9v\u00e9l\u00e9 <a href=\"https:\/\/www.cfnewsimmo.net\/L-actualite\/Transactions\/Rodolphe-Saade-jette-l-ancre-a-La-Muette-503138\" rel=\"nofollow noopener\" target=\"_blank\">CF News Immo<\/a>.<\/p>\n<p>Avant lui, le patron de Snapchat<\/p>\n<p class=\" wall-content\">Le vendeur de ce bien est une autre grande fortune\u2009: Evan Spiegel, cofondateur de l\u2019<a href=\"https:\/\/actu.fr\/monde\/snapchat-fait-entree-bourse_192277.html\" rel=\"nofollow noopener\" target=\"_blank\">application Snapchat<\/a>, aujourd\u2019hui \u00e2g\u00e9 de 36\u00a0ans. \u00c0 24\u00a0ans, il \u00e9tait devenu le plus jeune milliardaire au monde. Evan Spiegel avait acquis le 15 d\u2019Andign\u00e9 en 2020 via la SCI Joie de Vivre, dont les coactionnaires sont ses deux fils, Hart et Myles, n\u00e9s en\u00a02018 et\u00a02019. Leur m\u00e8re est la mannequin australienne Miranda Kerr, avec qui Evan Spiegel est mari\u00e9 depuis mai\u00a02017.<\/p>\n<p>    <img   decoding=\"async\" loading=\"lazy\" src=\"https:\/\/www.europesays.com\/fr\/wp-content\/uploads\/2026\/08\/9982fe0b9953a927b2502719db5813d0-960x640.jpg\" alt=\"L'h\u00f4tel particulier avant sa r\u00e9novation \" width=\"960\" height=\"640\"\/><br \/>\n    L\u2019h\u00f4tel particulier avant sa r\u00e9novation. (\u00a9Agence immobili\u00e8re Canizo &amp; Cie)<\/p>\n<p class=\" wall-content\">Le patron de Snapchat, naturalis\u00e9 fran\u00e7ais en 2018 et fait chevalier de l\u2019ordre des Arts et des Lettres par Roselyne Bachelot alors ministre de la Culture, a fait une tr\u00e8s belle plus-value en revendant son h\u00f4tel particulier. Achet\u00e9 en 2020 pour 40\u00a0millions d\u2019euros (d\u2019apr\u00e8s <a href=\"https:\/\/immobilier.pappers.fr\/prix-immobilier\/ile-de-france\/paris\/paris-16\/rue-d-andigne\/15\" rel=\"nofollow noopener\" target=\"_blank\">Pappers Immobilier<\/a>), il a \u00e9t\u00e9 revendu \u00e0 Rodolphe Saad\u00e9 pour 55\u00a0millions d\u2019euros, pr\u00e9cise CF News Immo.<\/p>\n<p>L\u2019architecte du Grand Palais<\/p>\n<p class=\" wall-content\">Cet h\u00f4tel particulier a \u00e9t\u00e9 construit en 1924 par Henri Deglane, architecte auquel on doit la fa\u00e7ade et la nef du <a href=\"https:\/\/actu.fr\/tag\/grand-palais\" rel=\"nofollow noopener\" target=\"_blank\">Grand Palais<\/a>, \u00e9rig\u00e9 pour l\u2019Exposition Universelle de 1900. En pierre de taille, la demeure de luxe dispose de 11\u00a0pi\u00e8ces \u00e0 vivre r\u00e9parties sur cinq niveaux et sur une surface de 425m2 habitables au total. \u00c0 cela, s\u2019ajoute un jardin de 1163 m2.<\/p>\n<p class=\" wall-content\">Parmi les luxueux \u00e9quipements qu\u2019il propose, on compte une cave \u00e0 vins, une salle de cin\u00e9ma, un spa, ainsi qu\u2019une piscine sur une cour \u00e0 l\u2019anglaise. Un ascenseur y a \u00e9galement \u00e9t\u00e9 ajout\u00e9 en 2013.<\/p>\n<p class=\" wall-content\">Dans ce quartier cossu, Rodolphe Saad\u00e9, qui r\u00e9side habituellement \u00e0 Marseille o\u00f9 se situe le si\u00e8ge de CMA-CGM, aura pour voisins les consuls d\u2019Italie et d\u2019Inde, ainsi que les ambassadeurs de Tha\u00eflande et d\u2019Irak. Il est \u00e9galement \u00e0 quelques pas du <a href=\"https:\/\/actu.fr\/ile-de-france\/paris_75056\/peu-de-parisiens-savent-ce-qui-s-est-passe-dans-ce-chateau-du-xvie-arrondissement_64363840.html\" rel=\"nofollow noopener\" target=\"_blank\">ch\u00e2teau de la Muette<\/a>, si\u00e8ge de l\u2019OCDE <a href=\"https:\/\/actu.fr\/ile-de-france\/paris_75056\/quatre-chantiers-en-un-la-renovation-de-l-historique-chateau-de-la-muette-a-paris-veritable-casse-tete_63578210.html\" rel=\"nofollow noopener\" target=\"_blank\">actuellement en r\u00e9novation<\/a>.<\/p>\n<p class=\" wall-content\">Rodolphe Saad\u00e9 diversifie ses investissements. Outre le transport maritime et les m\u00e9dias, il investit aussi dor\u00e9navant dans l\u2019h\u00f4tellerie de luxe. En 2025, il a rachet\u00e9 l\u2019h\u00f4tel 5 \u00e9toiles Le Yaca, \u00e0 Saint-Tropez, acquis via sa holding familiale Merit France Investissements. Un lieu c\u00e9l\u00e8bre pour avoir abrit\u00e9 le tournage de quelques sc\u00e8nes de Et dieu cr\u00e9a la femme avec Brigitte Bardot. L\u2019\u00e9tablissement a rouvert au public en avril\u00a02026 apr\u00e8s des travaux.<\/p>\n<p class=\" wall-content\">Personnalisez votre actualit\u00e9 en ajoutant vos villes et m\u00e9dias en favori avec <a href=\"https:\/\/moncompte.actu.fr\" title=\"D\u00e9couvez Mon Actu\" rel=\"nofollow noopener\" data-trk=\"{&quot;cta&quot;:{&quot;action&quot;:&quot;https:\\\/\\\/moncompte.actu.fr&quot;,&quot;category&quot;:&quot;mon compte&quot;,&quot;from&quot;:&quot;article footer&quot;,&quot;name&quot;:&quot;Mon actu&quot;,&quot;type&quot;:&quot;cta&quot;}}\" target=\"_blank\">Mon Actu<\/a>.<\/p>\n","protected":false},"excerpt":{"rendered":"Par Laura Bruneau Publi\u00e9 le 8 ao\u00fbt 2026 \u00e0 10h55 ; mis \u00e0 jour le 8 ao\u00fbt 2026&hellip;\n","protected":false},"author":2,"featured_media":1115430,"comment_status":"","ping_status":"","sticky":false,"template":"","format":"standard","meta":{"footnotes":"","_share_on_mastodon":"0"},"categories":[1888],"tags":[11,1777,674,1011,27,1116,2425,500,12,626,25,104],"class_list":["post-1115429","post","type-post","status-publish","format-standard","has-post-thumbnail","category-paris","tag-actualites","tag-eu","tag-europe","tag-fr","tag-france","tag-immobilier","tag-luxe","tag-medias","tag-news","tag-paris","tag-republique-francaise","tag-societe"],"share_on_mastodon":{"url":"https:\/\/pubeurope.com\/@fr\/117059555860916501","error":""},"_links":{"self":[{"href":"https:\/\/www.europesays.com\/fr\/wp-json\/wp\/v2\/posts\/1115429","targetHints":{"allow":["GET"]}}],"collection":[{"href":"https:\/\/www.europesays.com\/fr\/wp-json\/wp\/v2\/posts"}],"about":[{"href":"https:\/\/www.europesays.com\/fr\/wp-json\/wp\/v2\/types\/post"}],"author":[{"embeddable":true,"href":"https:\/\/www.europesays.com\/fr\/wp-json\/wp\/v2\/users\/2"}],"replies":[{"embeddable":true,"href":"https:\/\/www.europesays.com\/fr\/wp-json\/wp\/v2\/comments?post=1115429"}],"version-history":[{"count":0,"href":"https:\/\/www.europesays.com\/fr\/wp-json\/wp\/v2\/posts\/1115429\/revisions"}],"wp:featuredmedia":[{"embeddable":true,"href":"https:\/\/www.europesays.com\/fr\/wp-json\/wp\/v2\/media\/1115430"}],"wp:attachment":[{"href":"https:\/\/www.europesays.com\/fr\/wp-json\/wp\/v2\/media?parent=1115429"}],"wp:term":[{"taxonomy":"category","embeddable":true,"href":"https:\/\/www.europesays.com\/fr\/wp-json\/wp\/v2\/categories?post=1115429"},{"taxonomy":"post_tag","embeddable":true,"href":"https:\/\/www.europesays.com\/fr\/wp-json\/wp\/v2\/tags?post=1115429"}],"curies":[{"name":"wp","href":"https:\/\/api.w.org\/{rel}","templated":true}]}}