{"id":1115435,"date":"2026-08-08T11:05:17","date_gmt":"2026-08-08T11:05:17","guid":{"rendered":"https:\/\/www.europesays.com\/fr\/1115435\/"},"modified":"2026-08-08T11:05:17","modified_gmt":"2026-08-08T11:05:17","slug":"pourquoi-la-serbie-proche-de-la-russie-accueille-t-elle-le-president-ukrainien-volodymyr-zelensky","status":"publish","type":"post","link":"https:\/\/www.europesays.com\/fr\/1115435\/","title":{"rendered":"Pourquoi la Serbie, proche de la Russie, accueille-t-elle le pr\u00e9sident ukrainien Volodymyr Zelensky\u00a0?"},"content":{"rendered":"<p>\n                Article premium,<br \/>\n                    R\u00e9serv\u00e9 aux\u00a0abonn\u00e9s\n            <\/p>\n<p class=\"su-standfirst chapeau\">Depuis vendredi 7\u00a0ao\u00fbt, le pr\u00e9sident ukrainien Volodymyr Zelensky est en visite \u00e0 Belgrade, o\u00f9 il a rencontr\u00e9 son homologue serbe Alexandre Vucic. Une visite scrut\u00e9e \u00e0 l\u2019international, car la Serbie, proche de Moscou, tente aussi d\u2019envoyer un message positif aux puissances occidentales.<\/p>\n<p>                                        <img decoding=\"async\" class=\"su-media\" src=\"https:\/\/www.europesays.com\/fr\/wp-content\/uploads\/2026\/08\/MjAyNjA4ZDQ4YmZhZThkODE5OGU3MzhlODBjZDEzOWZiN2Y0MjU.webp\" alt=\"Le pr\u00e9sident ukrainien Volodymyr Zelensky et le pr\u00e9sident serbe Alexandre Vucic \u00e0 Belgrade, en Serbie, le 8\u00a0ao\u00fbt 2026.\"  \/><\/p>\n<p>                            Le pr\u00e9sident ukrainien Volodymyr Zelensky et le pr\u00e9sident serbe Alexandre Vucic \u00e0 Belgrade, en Serbie, le 8\u00a0ao\u00fbt 2026. | ANDREJ ISAKOVIC \/ AFP<\/p>\n<p>                            fermer<\/p>\n<ul class=\"su-row su-carrousel-container su-not-list\" data-suswipe=\"{\" rambo=\"\" .carrousel-nav-bas=\"\" .item=\"\">\n<li class=\"su-col-xs-6 su-col-md-24 carrousel-contenu su-carrousel-item\" data-ofvwidth=\"{\" mobileonly=\"\"><img decoding=\"async\" data-ofmaxheight=\"\" class=\"su-media lazyload\" alt=\"Le pr\u00e9sident ukrainien Volodymyr Zelensky et le pr\u00e9sident serbe Alexandre Vucic \u00e0 Belgrade, en Serbie, le 8\u00a0ao\u00fbt 2026.\" src=\"data:image\/png;base64,iVBORw0KGgoAAAANSUhEUgAAABAAAAAJCAYAAAA7KqwyAAAAGXRFWHRTb2Z0d2FyZQBBZG9iZSBJbWFnZVJlYWR5ccllPAAAABhJREFUeNpi\/P\/\/PwMlgHHUgFEDgAAgwAD+lBrvy+NcxAAAAABJRU5ErkJggg==\" data-oflazyload=\"{&quot;srcset&quot;:&quot;https:\/\/media.ouest-france.fr\/v1\/pictures\/MjAyNjA4ZDQ4YmZhZThkODE5OGU3MzhlODBjZDEzOWZiN2Y0MjU?width=320&amp;focuspoint=50%2C25&amp;cropresize=1&amp;client_id=bpeditorial&amp;sign=3233e8d1da84a7b285d4a81c304c39a9634766647ac158ecf5838c617cf7f6bd 320w,https:\/\/media.ouest-france.fr\/v1\/pictures\/MjAyNjA4ZDQ4YmZhZThkODE5OGU3MzhlODBjZDEzOWZiN2Y0MjU?width=375&amp;focuspoint=50%2C25&amp;cropresize=1&amp;client_id=bpeditorial&amp;sign=91dfe9164e373453a83f90141952192bbece5f874f22af5ebc97a9154b5bad85 360w,https:\/\/media.ouest-france.fr\/v1\/pictures\/MjAyNjA4ZDQ4YmZhZThkODE5OGU3MzhlODBjZDEzOWZiN2Y0MjU?width=480&amp;focuspoint=50%2C25&amp;cropresize=1&amp;client_id=bpeditorial&amp;sign=3c3ecd1aa0e4cec46406fde1bf869e0961ec4db4af716d2f1e2d7d831406d90a 480w,https:\/\/media.ouest-france.fr\/v1\/pictures\/MjAyNjA4ZDQ4YmZhZThkODE5OGU3MzhlODBjZDEzOWZiN2Y0MjU?width=630&amp;focuspoint=50%2C25&amp;cropresize=1&amp;client_id=bpeditorial&amp;sign=be227a399985b6e4e0699a8b03c22778a5ff2d6927602db49d03a6469f8b496e 630w,https:\/\/media.ouest-france.fr\/v1\/pictures\/MjAyNjA4ZDQ4YmZhZThkODE5OGU3MzhlODBjZDEzOWZiN2Y0MjU?width=940&amp;focuspoint=50%2C25&amp;cropresize=1&amp;client_id=bpeditorial&amp;sign=05ffbeaa1002f385c69aa8f624264c754f645e516024efcea6985e7babe6b14d 940w,https:\/\/media.ouest-france.fr\/v1\/pictures\/MjAyNjA4ZDQ4YmZhZThkODE5OGU3MzhlODBjZDEzOWZiN2Y0MjU?width=1260&amp;focuspoint=50%2C25&amp;cropresize=1&amp;client_id=bpeditorial&amp;sign=3f3c8ec370ecd380743114881a9122296a2edbcce84ca3ebac2800e930d5a631 1260w&quot;}\"\/>Le pr\u00e9sident ukrainien Volodymyr Zelensky et le pr\u00e9sident serbe Alexandre Vucic \u00e0 Belgrade, en Serbie, le 8\u00a0ao\u00fbt 2026. | ANDREJ ISAKOVIC \/ AFP<\/li>\n<\/ul>\n<p data-ofstats-scroll=\"read_depth_20\"><a href=\"https:\/\/www.ouest-france.fr\/europe\/ukraine\/carte-guerre-en-ukraine-attaque-de-drones-sur-un-centre-logistique-russe-zelensky-en-serbie-le-point-du-jour-39cb5938-927a-11f1-8bae-616c424ae7e0\" target=\"_self\" rel=\"nofollow noopener\">Arriv\u00e9 vendredi 7\u00a0ao\u00fbt 2026 \u00e0 Belgrade, le pr\u00e9sident ukrainien Volodymyr Zelensky<\/a> effectue son premier voyage en Serbie depuis son accession au pouvoir. <strong>\u00ab\u00a0L\u2019Ukraine est toujours pr\u00eate \u00e0 travailler de mani\u00e8re constructive, pour un b\u00e9n\u00e9fice mutuel et sur la base du respect mutuel\u00a0\u00bb,<\/strong> a-t-il \u00e9crit sur X. Un message moins chaleureux et plus distant que ceux qu\u2019il adresse g\u00e9n\u00e9ralement \u00e0 ses alli\u00e9s. Et pour cause\u00a0: la Serbie est souvent consid\u00e9r\u00e9e comme proche de la Russie de Vladimir Poutine. Quel r\u00f4le joue donc Belgrade avec cette rencontre\u00a0?<\/p>\n<p>D\u2019apr\u00e8s Strahinja Subotic, responsable de programme et chercheur senior au Centre de politique europ\u00e9enne de Belgrade,<a href=\"https:\/\/www.rfi.fr\/fr\/europe\/20260807-pourquoi-la-serbie-alli%C3%A9e-historique-de-moscou-se-rapproche-t-elle-de-l-ukraine\" target=\"_self\" rel=\"nofollow noopener\"> interrog\u00e9 par RFI,<\/a> le gouvernement de la Serbie va utiliser cette rencontre<strong>&#8230;<\/strong>&#8230;.<\/p>\n<p style=\"text-align: center; background-color: #dbbe4d; padding-top: 5px; padding-bottom: 5px; font-size: 14px;\"><strong>D\u00e9j\u00e0 abonn\u00e9 ? <\/strong><a data-trkartmonet=\"Identification\" data-trk-sipa=\"{\" blockcategory=\"\" paywall=\"\" href=\"http:\/\/www.ouest-france.fr\/login?redirect=https:\/\/www.ouest-france.fr\/europe\/ukraine\/pourquoi-la-serbie-proche-de-la-russie-accueille-t-elle-le-president-ukrainien-volodymyr-zelensky-028649c6-930e-11f1-836e-318a0522cae2\" rel=\"nofollow noopener\" title=\"Se connecter \u00e0 Ouest-France\" class=\"su-link-light\" target=\"_blank\">Connectez-vous<\/a><\/p>\n<p style=\"text-align: center; padding-top: 15px; padding-bottom: 8px; vertical-align: bottom;\">bloqu\u00e9<strong> Pour lire la suite, abonnez-vous<\/strong><\/p>\n<p style=\"text-align: center;\"><strong>1er mois \u00e0 1\u20ac<\/strong><\/p>\n<p style=\"text-align: center; margin-top: -5px;\">Annulable \u00e0 tout moment<\/p>\n<p style=\"text-align: center;\">\u00a0<\/p>\n<p style=\"text-align: center;\"><a data-ida=\"\" data-trkartmonet=\"Tunnel OF+\" data-trk-sipa=\"{&#010;\" blockcategory=\"\" paywall=\"\" :=\"\" m=\"\" of=\"\" class=\"su-button su-subscription\" data-trk-bloc=\"paywall\" href=\"https:\/\/abonnement.ouest-france.fr\/tunnel\/pack-essentiel-article\/122096117101?int_medium=lien&amp;int_campaign=PWFR0225-OF&amp;int_content=page-article-payant_boutonjaune-paywall&amp;marquesource=OF&amp;rt=https:\/\/www.ouest-france.fr\/europe\/ukraine\/pourquoi-la-serbie-proche-de-la-russie-accueille-t-elle-le-president-ukrainien-volodymyr-zelensky-028649c6-930e-11f1-836e-318a0522cae2\" rel=\"nofollow noopener\" target=\"_blank\"><strong>Je m&rsquo;abonne<\/strong><\/a><\/p>\n<p style=\"text-align: center; padding-top: 10px; padding-bottom: 10px;\"><img decoding=\"async\" src=\"https:\/\/media.ouest-france.fr\/v1\/fonts\/be7723fcee3f1866f1ce99184077fc6f-carte-bancaire.svg?height=36\" alt=\"CB\"\/>\u00a0\u00a0<img decoding=\"async\" src=\"https:\/\/media.ouest-france.fr\/v1\/fonts\/1819d54c599d8afa64539cfba4ac9dde-rib.svg?height=36\" alt=\"RIB\"\/>\u00a0\u00a0<img decoding=\"async\" src=\"https:\/\/media.ouest-france.fr\/v1\/fonts\/065fc80d7b6a03d14a834c224ce723e1-paypal.svg?height=36\" alt=\"PAYPAL\"\/><\/p>\n","protected":false},"excerpt":{"rendered":"Article premium, R\u00e9serv\u00e9 aux\u00a0abonn\u00e9s Depuis vendredi 7\u00a0ao\u00fbt, le pr\u00e9sident ukrainien Volodymyr Zelensky est en visite \u00e0 Belgrade, o\u00f9&hellip;\n","protected":false},"author":2,"featured_media":1115436,"comment_status":"","ping_status":"","sticky":false,"template":"","format":"standard","meta":{"footnotes":"","_share_on_mastodon":"0"},"categories":[1590],"tags":[74853,11,1777,674,12,132,3329,220,96,364,134],"class_list":["post-1115435","post","type-post","status-publish","format-standard","has-post-thumbnail","category-ukraine","tag-actualite-en-continu","tag-actualites","tag-eu","tag-europe","tag-news","tag-russie","tag-serbie","tag-ukraine","tag-une","tag-union-europeenne","tag-volodymyr-zelensky"],"share_on_mastodon":{"url":"","error":""},"_links":{"self":[{"href":"https:\/\/www.europesays.com\/fr\/wp-json\/wp\/v2\/posts\/1115435","targetHints":{"allow":["GET"]}}],"collection":[{"href":"https:\/\/www.europesays.com\/fr\/wp-json\/wp\/v2\/posts"}],"about":[{"href":"https:\/\/www.europesays.com\/fr\/wp-json\/wp\/v2\/types\/post"}],"author":[{"embeddable":true,"href":"https:\/\/www.europesays.com\/fr\/wp-json\/wp\/v2\/users\/2"}],"replies":[{"embeddable":true,"href":"https:\/\/www.europesays.com\/fr\/wp-json\/wp\/v2\/comments?post=1115435"}],"version-history":[{"count":0,"href":"https:\/\/www.europesays.com\/fr\/wp-json\/wp\/v2\/posts\/1115435\/revisions"}],"wp:featuredmedia":[{"embeddable":true,"href":"https:\/\/www.europesays.com\/fr\/wp-json\/wp\/v2\/media\/1115436"}],"wp:attachment":[{"href":"https:\/\/www.europesays.com\/fr\/wp-json\/wp\/v2\/media?parent=1115435"}],"wp:term":[{"taxonomy":"category","embeddable":true,"href":"https:\/\/www.europesays.com\/fr\/wp-json\/wp\/v2\/categories?post=1115435"},{"taxonomy":"post_tag","embeddable":true,"href":"https:\/\/www.europesays.com\/fr\/wp-json\/wp\/v2\/tags?post=1115435"}],"curies":[{"name":"wp","href":"https:\/\/api.w.org\/{rel}","templated":true}]}}