{"id":111547,"date":"2025-05-19T10:48:09","date_gmt":"2025-05-19T10:48:09","guid":{"rendered":"https:\/\/www.europesays.com\/fr\/111547\/"},"modified":"2025-05-19T10:48:09","modified_gmt":"2025-05-19T10:48:09","slug":"loire-une-fuite-de-gaz-a-saint-chamond-perturbe-la-circulation-des-trains","status":"publish","type":"post","link":"https:\/\/www.europesays.com\/fr\/111547\/","title":{"rendered":"Loire. Une fuite de gaz \u00e0 Saint-Chamond perturbe la circulation des trains"},"content":{"rendered":"<p>Le d\u00e9but de semaine a une nouvelle fois \u00e9t\u00e9 mouvement\u00e9 pour de nombreux automobilistes et usagers de la SNCF. Ce lundi, vers 9\u00a0h\u00a030, les sapeurs-pompiers de la Loire sont intervenus rue Georges-Cl\u00e9menceau \u00e0 Saint-Chamond en raison d\u2019une fuite de gaz sur le r\u00e9seau de distribution, provoqu\u00e9e par un engin de chantier.<\/p>\n<p>  Des personnes \u00e9vacu\u00e9es de leur domicile<\/p>\n<p>Selon le Service d\u00e9partemental d\u2019incendie et de secours de la Loire, la fuite a \u00e9t\u00e9 stopp\u00e9e par les agents de GRDF.<\/p>\n<p>Ce contenu est bloqu\u00e9 car vous n&rsquo;avez pas accept\u00e9 les cookies et autres traceurs.<\/p>\n<p>En cliquant sur \u00ab J\u2019accepte \u00bb, les cookies et autres traceurs seront d\u00e9pos\u00e9s et vous pourrez visualiser les contenus  (<a href=\"\" class=\"consentModule_policy\" target=\"_blank\" title=\"Consulter la politique de protection des donn\u00e9es du fournisseur\">plus d&rsquo;informations<\/a>).<\/p>\n<p>En cliquant sur \u00ab J\u2019accepte tous les cookies \u00bb, vous autorisez des d\u00e9p\u00f4ts de cookies et autres traceurs pour le stockage de vos donn\u00e9es sur nos sites et applications \u00e0 des fins de personnalisation et de ciblage publicitaire.<\/p>\n<p class=\"consentModule_secondaryText\">Vous gardez la possibilit\u00e9 de retirer votre consentement \u00e0 tout moment en consultant notre <a href=\"https:\/\/www.leprogres.fr\/protection-des-donnees\" target=\"_blank\" title=\"Consulter notre politique de protection des donn\u00e9es\" rel=\"nofollow noopener\">politique de protection des donn\u00e9es<\/a>. <br \/>&#13;<br \/>\n            <a href=\"https:\/\/www.leprogres.fr\/faits-divers-justice\/2025\/05\/19\/javascript:Didomi.notice.show()\" class=\"consentModule_cmp\" rel=\"nofollow noopener\" target=\"_blank\">G\u00e9rer mes choix<\/a>&#13;\n        <\/p>\n<p>&#13;<br \/>\n                        J&rsquo;accepte&#13;<br \/>\n            J&rsquo;accepte tous les cookies&#13;\n        <\/p>\n<p>Plusieurs voies de circulation ainsi que la ligne ferroviaire entre Saint-\u00c9tienne et Lyon ont d\u00fb \u00eatre coup\u00e9es le temps de l\u2019intervention pour \u00e9viter tout risque.<\/p>\n<p>Deux personnes ont d\u00fb \u00eatre \u00e9vacu\u00e9es de leurs habitations et une autre mise en s\u00e9curit\u00e9.<\/p>\n<p>Les \u00e9quipes sp\u00e9cialis\u00e9es ont proc\u00e9d\u00e9 aux diff\u00e9rents relev\u00e9s sur place, appuy\u00e9es par les \u00e9quipes de GRDF, avant de faire r\u00e9int\u00e9grer les personnes \u00e9vacu\u00e9es et r\u00e9tablir la circulation routi\u00e8re et ferroviaire.<\/p>\n","protected":false},"excerpt":{"rendered":"Le d\u00e9but de semaine a une nouvelle fois \u00e9t\u00e9 mouvement\u00e9 pour de nombreux automobilistes et usagers de la&hellip;\n","protected":false},"author":2,"featured_media":111548,"comment_status":"","ping_status":"","sticky":false,"template":"","format":"standard","meta":{"footnotes":""},"categories":[9653],"tags":[1111,11,2430,7539,1777,674,274,1011,27,3367,12,25,9669,9670,4001,2803],"class_list":{"0":"post-111547","1":"post","2":"type-post","3":"status-publish","4":"format-standard","5":"has-post-thumbnail","7":"category-saint-etienne","8":"tag-actu","9":"tag-actualites","10":"tag-auvergne-rhone-alpes","11":"tag-edition-loire-sud","12":"tag-eu","13":"tag-europe","14":"tag-faits-divers-justice","15":"tag-fr","16":"tag-france","17":"tag-loire","18":"tag-news","19":"tag-republique-francaise","20":"tag-saint-chamond","21":"tag-saint-chamond-ville","22":"tag-saint-etienne","23":"tag-transport"},"share_on_mastodon":{"url":"https:\/\/pubeurope.com\/@fr\/114534108658022772","error":""},"_links":{"self":[{"href":"https:\/\/www.europesays.com\/fr\/wp-json\/wp\/v2\/posts\/111547","targetHints":{"allow":["GET"]}}],"collection":[{"href":"https:\/\/www.europesays.com\/fr\/wp-json\/wp\/v2\/posts"}],"about":[{"href":"https:\/\/www.europesays.com\/fr\/wp-json\/wp\/v2\/types\/post"}],"author":[{"embeddable":true,"href":"https:\/\/www.europesays.com\/fr\/wp-json\/wp\/v2\/users\/2"}],"replies":[{"embeddable":true,"href":"https:\/\/www.europesays.com\/fr\/wp-json\/wp\/v2\/comments?post=111547"}],"version-history":[{"count":0,"href":"https:\/\/www.europesays.com\/fr\/wp-json\/wp\/v2\/posts\/111547\/revisions"}],"wp:featuredmedia":[{"embeddable":true,"href":"https:\/\/www.europesays.com\/fr\/wp-json\/wp\/v2\/media\/111548"}],"wp:attachment":[{"href":"https:\/\/www.europesays.com\/fr\/wp-json\/wp\/v2\/media?parent=111547"}],"wp:term":[{"taxonomy":"category","embeddable":true,"href":"https:\/\/www.europesays.com\/fr\/wp-json\/wp\/v2\/categories?post=111547"},{"taxonomy":"post_tag","embeddable":true,"href":"https:\/\/www.europesays.com\/fr\/wp-json\/wp\/v2\/tags?post=111547"}],"curies":[{"name":"wp","href":"https:\/\/api.w.org\/{rel}","templated":true}]}}