{"id":111549,"date":"2025-05-19T10:49:09","date_gmt":"2025-05-19T10:49:09","guid":{"rendered":"https:\/\/www.europesays.com\/fr\/111549\/"},"modified":"2025-05-19T10:49:09","modified_gmt":"2025-05-19T10:49:09","slug":"les-before-de-couriot-mettent-la-culture-stephanoise-a-lhonneur","status":"publish","type":"post","link":"https:\/\/www.europesays.com\/fr\/111549\/","title":{"rendered":"les Before de Couriot\u00a0mettent la culture st\u00e9phanoise \u00e0 l\u2019honneur"},"content":{"rendered":"<p>\u00ab\u00a0Les Before de Couriot, depuis six ans, c\u2019est une alternative pour passer un bon moment en p\u00e9riode estivale pour les St\u00e9phanois qui ne partent pas en vacances\u00a0\u00bb, explique Marc Chassaub\u00e9n\u00e9, adjoint \u00e0 la culture. Et cet \u00e9v\u00e9nement a l\u2019air de marcher, puisque la Ville et le collectif Cinq Cempotes avouent \u00eatre, chaque ann\u00e9e, \u00ab\u00a0d\u00e9bord\u00e9s par le succ\u00e8s\u00a0\u00bb.<\/p>\n<p>Cette ann\u00e9e, ce succ\u00e8s sera mis \u00e0 disposition des artistes st\u00e9phanois. Car \u00e0 Saint-\u00c9tienne, \u00ab\u00a0on sait mettre en avant des petits artistes locaux\u00a0\u00bb, assure l\u2019adjoint. De fa\u00e7on gratuite pour le public, qui plus est.<\/p>\n<p>  \u00ab\u00a0On vit une ann\u00e9e difficile musicalement parlant\u00a0\u00bb<\/p>\n<p>\u00ab\u00a0On le voit \u00e0 l\u2019\u00e9chelle nationale, mais aussi localement. On vit une ann\u00e9e difficile musicalement parlant. On peut d\u2019ores et d\u00e9j\u00e0 en voir les effets sur les prochains festivals de l\u2019\u00e9t\u00e9\u00a0: les Fran\u00e7ais ont un vrai probl\u00e8me de pouvoir d\u2019achat et pr\u00e9f\u00e8rent aller voir une grande sc\u00e8ne plut\u00f4t que plusieurs plus petites\u2026\u00a0\u00bb<\/p>\n<p>Anthony Navarra, de Cinq Cempotes, acquiesce\u00a0: \u00ab\u00a0On donne beaucoup de place aux artistes \u00e0 forte popularit\u00e9, ce qui met automatiquement en retrait les artistes moins connus. On sait que \u00e7a peut \u00eatre d\u00e9motivant pour les groupes. C\u2019est donc le but des Before de Couriot, donner un moyen d\u2019expression \u00e0 tout le monde, avec une proposition plus qu\u2019\u00e9clectique. Et avec la gratuit\u00e9 des \u00e9v\u00e9nements, on esp\u00e8re que les St\u00e9phanois viendront dans un premier temps pour d\u00e9couvrir, puis deviendront peut-\u00eatre adeptes.\u00a0\u00bb<\/p>\n<p>  Karaok\u00e9 g\u00e9ant, cin\u00e9ma en plein air, p\u00e9tanque\u2026<\/p>\n<p>Avec une cinquantaine d\u2019\u00e9v\u00e9nements, dont les incontournables temps forts des Sons de la Mine et de la F\u00eate de la musique, ce sont des dizaines d\u2019artistes qui seront mis \u00e0 l\u2019honneur. Et des styles vari\u00e9s\u00a0: reggae, rock alternatif, rap, \u00e9lectro\u2026 Chacun pourra trouver au moins un soir qui correspondra \u00e0 ses go\u00fbts musicaux, dans un esprit guinguette avec bi\u00e8re et snack servis jusqu\u2019\u00e0 minuit.<\/p>\n<p>Mais pour les non-adeptes de concerts, les Before de Couriot pensent \u00e0 tous. Un karaok\u00e9 g\u00e9ant, un cin\u00e9ma en plein air qui diffusera le deuxi\u00e8me volet de Retour vers le futur, un concours de p\u00e9tanque, des jeux pour enfants\u2026 Et m\u00eame le bal des pompiers st\u00e9phanois, qui avaient \u00e0 c\u0153ur de participer \u00e0 la f\u00eate.<\/p>\n<p>\u00ab\u00a0Le but, c\u2019est d\u2019alterner animations familiales et programmation sympa. On essaie vraiment de trouver un \u00e9quilibre pour ne pas tomber dans la f\u00eate de mariage et la programmation trop sp\u00e9cifique, qui pourrait ne pas int\u00e9resser le plus grand nombre\u00a0\u00bb, confie Anthony Navarra.<\/p>\n<p>  Le nombre d\u2019agents de s\u00e9curit\u00e9 multipli\u00e9 par deux<\/p>\n<p>Autre d\u00e9fi cette ann\u00e9e\u00a0: faire sourire et danser tout le monde <a href=\"https:\/\/www.leprogres.fr\/economie\/2025\/03\/28\/dix-ans-et-12-millions-d-euros-de-travaux-pour-le-musee-de-la-mine\" target=\"_blank\" rel=\"nofollow noopener\">au milieu des travaux.<\/a> La galerie du mus\u00e9e de la Mine \u00e9tant actuellement en chantier, une nouvelle implantation des sc\u00e8nes et de la guinguette a d\u00fb \u00eatre trouv\u00e9e pour faire les choses avec plus de s\u00e9curit\u00e9 possible.<\/p>\n<p>Tout devrait donc \u00eatre organis\u00e9 sur la partie goudronn\u00e9e du parc, de part et d\u2019autre du chevalement. Mais les animations commen\u00e7ant \u00e0 16 heures, la r\u00e9flexion est \u00e0 l\u2019ombrage. Dans un autre souci de s\u00e9curit\u00e9, des \u00e9clairages suppl\u00e9mentaires seront ajout\u00e9s sur le site, ainsi que des agents de s\u00e9curit\u00e9 pr\u00e9sents chaque jour et dont la pr\u00e9sence sera multipli\u00e9e par deux lors des gros \u00e9v\u00e9nements.<\/p>\n<p class=\"note\">Retrouvez la programmation sur <a href=\"http:\/\/www.saint-etienne.fr\" rel=\"nofollow noopener\" target=\"_blank\">www.saint-etienne.fr<\/a><\/p>\n","protected":false},"excerpt":{"rendered":"\u00ab\u00a0Les Before de Couriot, depuis six ans, c\u2019est une alternative pour passer un bon moment en p\u00e9riode estivale&hellip;\n","protected":false},"author":2,"featured_media":111550,"comment_status":"","ping_status":"","sticky":false,"template":"","format":"standard","meta":{"footnotes":""},"categories":[9653],"tags":[1111,11,2430,1687,7539,1777,674,3326,107,1011,27,3367,12,25,4001,7538],"class_list":{"0":"post-111549","1":"post","2":"type-post","3":"status-publish","4":"format-standard","5":"has-post-thumbnail","7":"category-saint-etienne","8":"tag-actu","9":"tag-actualites","10":"tag-auvergne-rhone-alpes","11":"tag-culture-loisirs","12":"tag-edition-loire-sud","13":"tag-eu","14":"tag-europe","15":"tag-fete-locale","16":"tag-fil-info","17":"tag-fr","18":"tag-france","19":"tag-loire","20":"tag-news","21":"tag-republique-francaise","22":"tag-saint-etienne","23":"tag-saint-etienne-ville"},"share_on_mastodon":{"url":"https:\/\/pubeurope.com\/@fr\/114534112551550113","error":""},"_links":{"self":[{"href":"https:\/\/www.europesays.com\/fr\/wp-json\/wp\/v2\/posts\/111549","targetHints":{"allow":["GET"]}}],"collection":[{"href":"https:\/\/www.europesays.com\/fr\/wp-json\/wp\/v2\/posts"}],"about":[{"href":"https:\/\/www.europesays.com\/fr\/wp-json\/wp\/v2\/types\/post"}],"author":[{"embeddable":true,"href":"https:\/\/www.europesays.com\/fr\/wp-json\/wp\/v2\/users\/2"}],"replies":[{"embeddable":true,"href":"https:\/\/www.europesays.com\/fr\/wp-json\/wp\/v2\/comments?post=111549"}],"version-history":[{"count":0,"href":"https:\/\/www.europesays.com\/fr\/wp-json\/wp\/v2\/posts\/111549\/revisions"}],"wp:featuredmedia":[{"embeddable":true,"href":"https:\/\/www.europesays.com\/fr\/wp-json\/wp\/v2\/media\/111550"}],"wp:attachment":[{"href":"https:\/\/www.europesays.com\/fr\/wp-json\/wp\/v2\/media?parent=111549"}],"wp:term":[{"taxonomy":"category","embeddable":true,"href":"https:\/\/www.europesays.com\/fr\/wp-json\/wp\/v2\/categories?post=111549"},{"taxonomy":"post_tag","embeddable":true,"href":"https:\/\/www.europesays.com\/fr\/wp-json\/wp\/v2\/tags?post=111549"}],"curies":[{"name":"wp","href":"https:\/\/api.w.org\/{rel}","templated":true}]}}