{"id":1115494,"date":"2026-08-08T11:47:18","date_gmt":"2026-08-08T11:47:18","guid":{"rendered":"https:\/\/www.europesays.com\/fr\/1115494\/"},"modified":"2026-08-08T11:47:18","modified_gmt":"2026-08-08T11:47:18","slug":"des-cris-de-cochons-apeures-dans-les-rues-de-montpellier-une-action-coup-de-poing-de-peta","status":"publish","type":"post","link":"https:\/\/www.europesays.com\/fr\/1115494\/","title":{"rendered":"Des cris de cochons apeur\u00e9s dans les rues de Montpellier : une action coup de poing de PETA"},"content":{"rendered":"<p>                    Par<br \/>\n        <strong><br \/>\n            <a href=\"https:\/\/actu.fr\/auteur\/lea-pippinato\" title=\"Consulter tous les articles de L\u00e9a Pippinato\" rel=\"nofollow noopener\" target=\"_blank\">L\u00e9a Pippinato<\/a><br \/>\n                    <\/strong><\/p>\n<p>        Publi\u00e9 le<\/p>\n<p>            8 ao\u00fbt 2026 \u00e0 13h05        <\/p>\n<p><strong>22 \u00e0 23 millions<\/strong>. C\u2019est, selon PETA, le nombre de cochons \u00e9lev\u00e9s, transport\u00e9s et abattus chaque ann\u00e9e en France pour la consommation de viande.<\/p>\n<p class=\" wall-content\"><strong>Ce jeudi 6 ao\u00fbt<\/strong>, l\u2019association de d\u00e9fense des droits des animaux People for the Ethical Treatment of Animals (PETA) a fait circuler son camion \u00ab\u00a0L\u2019Enfer mobile\u00a0\u00bb dans les rues de Montpellier. Cette <strong>reproduction d\u2019un v\u00e9hicule de transport de cochons<\/strong> vers l\u2019abattoir diffusait de v\u00e9ritables enregistrements de leurs cris au moment de leur mise \u00e0 mort, affirme l\u2019organisation, qui entend ainsi exposer une r\u00e9alit\u00e9 rarement visible pour les consommateurs.<\/p>\n<p>Des cris de cochons dans les rues de Montpellier<\/p>\n<p class=\" wall-content\">Avec son camion \u00ab\u00a0L\u2019Enfer mobile\u00a0\u00bb, PETA a choisi un dispositif qui repose autant sur le son que sur l\u2019apparence du v\u00e9hicule. Le camion reproduit ceux qui servent au transport des cochons vers les abattoirs et<strong> parcourt plusieurs villes de France<\/strong> dans le cadre d\u2019une campagne consacr\u00e9e aux conditions de vie et de mise \u00e0 mort de ces animaux.<\/p>\n<p class=\" wall-content\">Lors de son passage \u00e0 Montpellier, le v\u00e9hicule a diffus\u00e9 des enregistrements pr\u00e9sent\u00e9s par l\u2019association comme d\u2019authentiques cris de cochons terroris\u00e9s au moment de leur mise \u00e0 mort. Des militantes et militants \u00e9taient \u00e9galement pr\u00e9sents pour distribuer des tracts et \u00e9changer avec les passants. Leur objectif \u00e9tait de<strong> sensibiliser les Montpelli\u00e9rains au sort r\u00e9serv\u00e9 aux cochons<\/strong> dans l\u2019industrie de la viande, mais aussi de promouvoir une alimentation v\u00e9gane.<\/p>\n<p>    <img   decoding=\"async\" loading=\"lazy\" src=\"https:\/\/www.europesays.com\/fr\/wp-content\/uploads\/2026\/08\/capture-decran-2026-08-08-a-124533-960x640.png\" alt=\"PETA estime qu\u2019environ 22 \u00e0 23 millions de cochons sont \u00e9lev\u00e9s, transport\u00e9s et abattus chaque ann\u00e9e en France pour la consommation de viande.\" width=\"960\" height=\"640\"\/><br \/>\n    PETA estime qu\u2019environ 22 \u00e0 23 millions de cochons sont \u00e9lev\u00e9s, transport\u00e9s et abattus chaque ann\u00e9e en France pour la consommation de viande. (\u00a9PETA)Vid\u00e9os : en ce moment sur Actu\u00ab\u00a0Ils sont trait\u00e9s comme de simples marchandises\u00a0\u00bb<\/p>\n<p class=\" wall-content\">PETA insiste notamment sur la sensibilit\u00e9 des cochons et leur capacit\u00e9 \u00e0 \u00e9prouver diff\u00e9rentes \u00e9motions. L\u2019organisation place cet argument au centre de sa campagne afin de contester la mani\u00e8re dont ces animaux sont consid\u00e9r\u00e9s dans l\u2019industrie de la viande.<\/p>\n<p class=\" wall-content\">\u00ab\u00a0Les cochons sont capables de ressentir la joie, la peur, le stress et la douleur, mais dans l\u2019industrie de la viande, ils sont trait\u00e9s comme de simples marchandises\u00a0\u00bb, d\u00e9clare Mimi Bekhechi, directrice ex\u00e9cutive de PETA.<\/p>\n<blockquote class=\"ac-article-quote wall-content\">\n<p>\u00ab\u00a0Les cochons sont capables de ressentir la joie, la peur, le stress et la douleur, mais dans l\u2019industrie de la viande, ils sont trait\u00e9s comme de simples marchandises\u00a0\u00bb<\/p>\n<p>    <strong>Mimi Bekhechi<\/strong><br \/>\n        Directrice ex\u00e9cutive de PETA    <\/p><\/blockquote>\n<p class=\" wall-content\"><strong>Le chemin vers l\u2019abattoir<\/strong> constitue l\u2019un des principaux sujets de l\u2019op\u00e9ration men\u00e9e \u00e0 Montpellier. \u00ab\u00a0Chaque moment de leur vie (\u2026) est une \u00e9preuve p\u00e9nible pour ces animaux. Ils sont transport\u00e9s dans des camions bond\u00e9s, expos\u00e9s \u00e0 la chaleur, pour subir une fin violente et terrifiante (\u2026)\u00a0\u00bb, poursuit l\u2019association dans le communiqu\u00e9 diffus\u00e9 \u00e0 l\u2019occasion de l\u2019\u00e9tape montpelli\u00e9raine.<\/p>\n<p>De l\u2019\u00e9levage au d\u00e9part pour l\u2019abattoir<\/p>\n<p class=\" wall-content\">Si le camion met directement en sc\u00e8ne le transport des cochons, PETA \u00e9largit son message aux conditions dans lesquelles les animaux sont \u00e9lev\u00e9s avant ce dernier trajet.<\/p>\n<p class=\" wall-content\">Dans son communiqu\u00e9, l\u2019association \u00e9voque <strong>plusieurs pratiques appliqu\u00e9es aux porcelets<\/strong> dans l\u2019industrie. Elle cite notamment la coupe de la queue, le limage des dents et la castration des m\u00e2les, qu\u2019elle indique \u00eatre r\u00e9alis\u00e9s sans traitement antidouleur. L\u2019organisation attire aussi l\u2019attention <strong>sur les accidents de la circulation<\/strong> qui peuvent impliquer des v\u00e9hicules charg\u00e9s d\u2019animaux sur les routes fran\u00e7aises. Dans certains cas, les b\u00eates transport\u00e9es peuvent \u00eatre bless\u00e9es ou tu\u00e9es lors de ces accidents.\u00a0<\/p>\n<p class=\" wall-content\">Pour donner une id\u00e9e de l\u2019ampleur de la fili\u00e8re, PETA avance le chiffre <strong>d\u2019environ 22 \u00e0 23 millions de cochons<\/strong> \u00e9lev\u00e9s, transport\u00e9s et abattus chaque ann\u00e9e en France pour leur viande.<\/p>\n<p class=\" wall-content\">Personnalisez votre actualit\u00e9 en ajoutant vos villes et m\u00e9dias en favori avec <a href=\"https:\/\/moncompte.actu.fr\" title=\"D\u00e9couvez Mon Actu\" rel=\"nofollow noopener\" data-trk=\"{&quot;cta&quot;:{&quot;action&quot;:&quot;https:\\\/\\\/moncompte.actu.fr&quot;,&quot;category&quot;:&quot;mon compte&quot;,&quot;from&quot;:&quot;article footer&quot;,&quot;name&quot;:&quot;Mon actu&quot;,&quot;type&quot;:&quot;cta&quot;}}\" target=\"_blank\">Mon Actu<\/a>.<\/p>\n","protected":false},"excerpt":{"rendered":"Par L\u00e9a Pippinato Publi\u00e9 le 8 ao\u00fbt 2026 \u00e0 13h05 22 \u00e0 23 millions. C\u2019est, selon PETA, le&hellip;\n","protected":false},"author":2,"featured_media":1115495,"comment_status":"","ping_status":"","sticky":false,"template":"","format":"standard","meta":{"footnotes":"","_share_on_mastodon":"0"},"categories":[9599],"tags":[1111,11,258,1867,1777,674,1011,27,6795,2208,12,2680,52,25],"class_list":["post-1115494","post","type-post","status-publish","format-standard","has-post-thumbnail","category-montpellier","tag-actu","tag-actualites","tag-alimentation","tag-animaux","tag-eu","tag-europe","tag-fr","tag-france","tag-maltraitance-animale","tag-montpellier","tag-news","tag-occitanie","tag-planete","tag-republique-francaise"],"share_on_mastodon":{"url":"","error":""},"_links":{"self":[{"href":"https:\/\/www.europesays.com\/fr\/wp-json\/wp\/v2\/posts\/1115494","targetHints":{"allow":["GET"]}}],"collection":[{"href":"https:\/\/www.europesays.com\/fr\/wp-json\/wp\/v2\/posts"}],"about":[{"href":"https:\/\/www.europesays.com\/fr\/wp-json\/wp\/v2\/types\/post"}],"author":[{"embeddable":true,"href":"https:\/\/www.europesays.com\/fr\/wp-json\/wp\/v2\/users\/2"}],"replies":[{"embeddable":true,"href":"https:\/\/www.europesays.com\/fr\/wp-json\/wp\/v2\/comments?post=1115494"}],"version-history":[{"count":0,"href":"https:\/\/www.europesays.com\/fr\/wp-json\/wp\/v2\/posts\/1115494\/revisions"}],"wp:featuredmedia":[{"embeddable":true,"href":"https:\/\/www.europesays.com\/fr\/wp-json\/wp\/v2\/media\/1115495"}],"wp:attachment":[{"href":"https:\/\/www.europesays.com\/fr\/wp-json\/wp\/v2\/media?parent=1115494"}],"wp:term":[{"taxonomy":"category","embeddable":true,"href":"https:\/\/www.europesays.com\/fr\/wp-json\/wp\/v2\/categories?post=1115494"},{"taxonomy":"post_tag","embeddable":true,"href":"https:\/\/www.europesays.com\/fr\/wp-json\/wp\/v2\/tags?post=1115494"}],"curies":[{"name":"wp","href":"https:\/\/api.w.org\/{rel}","templated":true}]}}