{"id":111551,"date":"2025-05-19T10:50:14","date_gmt":"2025-05-19T10:50:14","guid":{"rendered":"https:\/\/www.europesays.com\/fr\/111551\/"},"modified":"2025-05-19T10:50:14","modified_gmt":"2025-05-19T10:50:14","slug":"le-motard-qui-a-percute-un-gendarme-lors-dun-rodeo-urbain-etait-deja-connu-de-la-justice","status":"publish","type":"post","link":"https:\/\/www.europesays.com\/fr\/111551\/","title":{"rendered":"le motard qui a percut\u00e9 un gendarme lors d&rsquo;un rod\u00e9o urbain \u00e9tait d\u00e9j\u00e0 connu de la justice"},"content":{"rendered":"<p>            Par<br \/>\n        <strong><br \/>\n            <a href=\"https:\/\/actu.fr\/auteur\/amandine-mehl\" title=\"Consulter tous les articles de Amandine Mehl\" target=\"_blank\" rel=\"noopener\">Amandine Mehl<\/a><br \/>\n        <\/strong><\/p>\n<p>        Publi\u00e9 le<\/p>\n<p>            19 mai 2025 \u00e0 12h36        <\/p>\n<p>Vendredi 16\u00a0mai 2025, aux alentours de 21h25, un <strong>gendarme<\/strong> \u00e2g\u00e9 de 24\u00a0ans a \u00e9t\u00e9 <a href=\"https:\/\/actu.fr\/grand-est\/neuves-maisons_54397\/un-gendarme-volontairement-percute-par-un-motard-lors-d-un-rodeo-urbain-pres-de-nancy_62650198.html\" target=\"_blank\" rel=\"noopener\">volontairement percut\u00e9<\/a> par le pilote d\u2019une <a href=\"https:\/\/actu.fr\/tag\/moto\" target=\"_blank\" rel=\"noopener\">moto<\/a> de 125 cm\u00b3 qui se livrait \u00e0 du <a href=\"https:\/\/actu.fr\/tag\/rodeos-urbains\" target=\"_blank\" rel=\"noopener\">rod\u00e9o urbain<\/a> au centre de <strong>Neuves-Maisons<\/strong>.<\/p>\n<p class=\" wall-content\">Fran\u00e7ois Capin-Dulhoste, procureur de la R\u00e9publique de Nancy, a communiqu\u00e9 ce jour sur les derni\u00e8res avanc\u00e9es de l\u2019affaire.<\/p>\n<p>Il acc\u00e9l\u00e8re puis percute le gendarme<\/p>\n<p class=\" wall-content\">Comme l\u2019explique M. Capin-Dulhoste, le mis en cause, \u00e2g\u00e9 de <strong>20\u00a0ans<\/strong>, a \u00e9t\u00e9 aper\u00e7u en plein rod\u00e9o urbain \u00e0 Neuves-Maisons. Une patrouille de <a href=\"https:\/\/actu.fr\/tag\/gendarmerie\" target=\"_blank\" rel=\"noopener\">gendarmerie<\/a> a tent\u00e9 de le suivre pour proc\u00e9der \u00e0 son <strong>contr\u00f4le<\/strong>, en vain, avant de revenir sur les lieux pour relever l\u2019identit\u00e9 de t\u00e9moins.<\/p>\n<p class=\" wall-content\">C\u2019est l\u00e0, vers 21h25, que l\u2019individu est revenu et <strong>a acc\u00e9l\u00e9r\u00e9 puis percut\u00e9 le gendarme<\/strong> qui s\u2019\u00e9tait plac\u00e9 au milieu de la route pour tenter de l\u2019arr\u00eater.<\/p>\n<p class=\" wall-content\">Apr\u00e8s avoir chut\u00e9, le suspect a pris la fuite \u00e0 pied. Quant au militaire, il a \u00e9t\u00e9 pris en charge par les pompiers et souffre d\u2019une <strong>fracture du tibia<\/strong>.<\/p>\n<p>Vid\u00e9os : en ce moment sur ActuLe pilote de la moto d\u00e9j\u00e0 connu de la justice<\/p>\n<p class=\" wall-content\">Le mis en cause s\u2019est finalement pr\u00e9sent\u00e9 au commissariat de Nancy, dimanche en fin de matin\u00e9e, et a \u00e9t\u00e9 <strong>plac\u00e9 en garde \u00e0 vue<\/strong>.<\/p>\n<p class=\" wall-content\">Via un communiqu\u00e9 de presse, le procureur de la R\u00e9publique indique qu\u2019il avait <strong>d\u00e9j\u00e0 fait l\u2019objet<\/strong> \u00ab\u2009apr\u00e8s une <strong>mesure \u00e9ducative<\/strong>, d\u2019un<strong> avertissement judiciaire<\/strong> prononc\u00e9 en 2024 par un juge des enfants pour des faits, commis quand il \u00e9tait mineur, de <strong>blessures involontaires ayant entra\u00een\u00e9 une incapacit\u00e9 totale de travail inf\u00e9rieure \u00e0 trois mois par conducteur d\u2019un v\u00e9hicule \u00e0 moteur avec violation manifestement d\u00e9lib\u00e9r\u00e9e d\u2019une obligation de s\u00e9curit\u00e9 ou de prudence<\/strong>\u2009\u00bb.<\/p>\n<p class=\" wall-content\">Une seconde personne, \u00e0 savoir un <strong>mineur de 16\u00a0ans<\/strong>, a \u00e9galement \u00e9t\u00e9 plac\u00e9e en garde \u00e0 vue du chef de soustraction d\u2019un objet relatif \u00e0 un crime ou un d\u00e9lit en vue de faire obstacle \u00e0 la v\u00e9rit\u00e9. L\u2019adolescent est suspect\u00e9 d\u2019avoir r\u00e9cup\u00e9r\u00e9 la moto \u00ab\u2009juste apr\u00e8s la fuite du pilote\u2009\u00bb.<\/p>\n<p>Le pilote et un ado de 16\u00a0ans d\u00e9f\u00e9r\u00e9s au parquet<\/p>\n<p class=\" wall-content\">\u00c0 l\u2019issue de ces deux gardes \u00e0 vue, qui ont \u00e9t\u00e9 prolong\u00e9es, les deux individus ont \u00e9t\u00e9 <strong>d\u00e9f\u00e9r\u00e9s au parquet ce lundi<\/strong>. Le pilote de la moto est poursuivi en comparution imm\u00e9diate pour r\u00e9pondre des <strong>d\u00e9lits suivants<\/strong>\u2009:<\/p>\n<ul class=\" wall-content\">\n<li>refus, par le conducteur d\u2019un v\u00e9hicule, d\u2019obtemp\u00e9rer \u00e0 une sommation de s\u2019arr\u00eater en exposant directement un agent charg\u00e9 de constater les infractions \u00e0 un risque de mort ou d\u2019infirmit\u00e9 permanente\u2009;<\/li>\n<li>violence volontaire ayant entra\u00een\u00e9 une incapacit\u00e9 sup\u00e9rieure \u00e0 8\u00a0jours sur un militaire de la gendarmerie nationale et avec usage d\u2019une arme (la moto, arme par destination)\u2009;<\/li>\n<li>refus, par le conducteur d\u2019un v\u00e9hicule, d\u2019obtemp\u00e9rer \u00e0 une sommation de s\u2019arr\u00eater exposant directement autrui \u00e0 un risque de mort ou d\u2019infirmit\u00e9 permanente\u2009;<\/li>\n<li>circulation avec un v\u00e9hicule terrestre \u00e0 moteur sans assurance.<\/li>\n<\/ul>\n<p class=\" wall-content\">S\u2019agissant du mineur, il sera pr\u00e9sent\u00e9 ce jour en vue d\u2019une convocation devant un juge des enfants pour <strong>modification de l\u2019\u00e9tat des lieux d\u2019un crime ou d\u2019un d\u00e9lit pour faire obstacle \u00e0 la manifestation de la v\u00e9rit\u00e9 et conduite d\u2019un v\u00e9hicule sans permis<\/strong>.<\/p>\n<p class=\" wall-content\">Le procureur de la R\u00e9publique termine en ajoutant qu\u2019un \u00ab<strong>\u2009placement sous contr\u00f4le judiciaire<\/strong> d\u2019ici la date du jugement sera requis \u00e0 son encontre\u2009\u00bb.<\/p>\n<p class=\" wall-content\">Suivez toute l\u2019actualit\u00e9 de vos villes et m\u00e9dias favoris en vous inscrivant \u00e0 <a href=\"https:\/\/moncompte.actu.fr\" title=\"D\u00e9couvez Mon Actu\" rel=\"nofollow noopener\" data-trk=\"{&quot;cta&quot;:{&quot;action&quot;:&quot;https:\\\/\\\/moncompte.actu.fr&quot;,&quot;category&quot;:&quot;mon compte&quot;,&quot;from&quot;:&quot;article footer&quot;,&quot;name&quot;:&quot;Mon actu&quot;,&quot;type&quot;:&quot;cta&quot;}}\" target=\"_blank\">Mon Actu<\/a>.<\/p>\n","protected":false},"excerpt":{"rendered":"Par Amandine Mehl Publi\u00e9 le 19 mai 2025 \u00e0 12h36 Vendredi 16\u00a0mai 2025, aux alentours de 21h25, un&hellip;\n","protected":false},"author":2,"featured_media":111552,"comment_status":"","ping_status":"","sticky":false,"template":"","format":"standard","meta":{"footnotes":""},"categories":[9635],"tags":[1111,11,1777,674,118,1011,27,3381,775,1457,1702,12,25,5575],"class_list":{"0":"post-111551","1":"post","2":"type-post","3":"status-publish","4":"format-standard","5":"has-post-thumbnail","7":"category-nancy","8":"tag-actu","9":"tag-actualites","10":"tag-eu","11":"tag-europe","12":"tag-faits-divers","13":"tag-fr","14":"tag-france","15":"tag-gendarmerie","16":"tag-grand-est","17":"tag-moto","18":"tag-nancy","19":"tag-news","20":"tag-republique-francaise","21":"tag-rodeos-urbains"},"share_on_mastodon":{"url":"https:\/\/pubeurope.com\/@fr\/114534116526496144","error":""},"_links":{"self":[{"href":"https:\/\/www.europesays.com\/fr\/wp-json\/wp\/v2\/posts\/111551","targetHints":{"allow":["GET"]}}],"collection":[{"href":"https:\/\/www.europesays.com\/fr\/wp-json\/wp\/v2\/posts"}],"about":[{"href":"https:\/\/www.europesays.com\/fr\/wp-json\/wp\/v2\/types\/post"}],"author":[{"embeddable":true,"href":"https:\/\/www.europesays.com\/fr\/wp-json\/wp\/v2\/users\/2"}],"replies":[{"embeddable":true,"href":"https:\/\/www.europesays.com\/fr\/wp-json\/wp\/v2\/comments?post=111551"}],"version-history":[{"count":0,"href":"https:\/\/www.europesays.com\/fr\/wp-json\/wp\/v2\/posts\/111551\/revisions"}],"wp:featuredmedia":[{"embeddable":true,"href":"https:\/\/www.europesays.com\/fr\/wp-json\/wp\/v2\/media\/111552"}],"wp:attachment":[{"href":"https:\/\/www.europesays.com\/fr\/wp-json\/wp\/v2\/media?parent=111551"}],"wp:term":[{"taxonomy":"category","embeddable":true,"href":"https:\/\/www.europesays.com\/fr\/wp-json\/wp\/v2\/categories?post=111551"},{"taxonomy":"post_tag","embeddable":true,"href":"https:\/\/www.europesays.com\/fr\/wp-json\/wp\/v2\/tags?post=111551"}],"curies":[{"name":"wp","href":"https:\/\/api.w.org\/{rel}","templated":true}]}}