{"id":111553,"date":"2025-05-19T10:51:12","date_gmt":"2025-05-19T10:51:12","guid":{"rendered":"https:\/\/www.europesays.com\/fr\/111553\/"},"modified":"2025-05-19T10:51:12","modified_gmt":"2025-05-19T10:51:12","slug":"le-retour-denzo-goudou-sinha-dans-les-tuyaux","status":"publish","type":"post","link":"https:\/\/www.europesays.com\/fr\/111553\/","title":{"rendered":"le retour d\u2019Enzo Goudou-Sinha dans les tuyaux"},"content":{"rendered":"<p>Ce lundi, BeBasket a r\u00e9v\u00e9l\u00e9 l\u2019information que le SLUC gardait au chaud : Enzo Goudou-Sinha devrait \u00e0 nouveau porter le maillot de Nancy la saison prochaine. Renseignements pris, le conditionnel n\u2019a m\u00eame plus vraiment lieu d\u2019\u00eatre, sauf improbable retournement de situation, bien entendu. Hasard des trajectoires : le meneur (26 ans ; 1,82m), champion de France espoirs avec le SLUC en 2017, s\u2019appr\u00eate \u00e0 retrouver une place sur le banc \u00e0 Gentilly, au moment o\u00f9 son pote et t\u00e9moin de mariage <a href=\"https:\/\/www.estrepublicain.fr\/sport\/2025\/05\/18\/comme-clement-frisch-(vitoria)-antony-labanca-va-quitter-le-sluc-nancy-pour-rejoindre-bourg-en-bresse\" target=\"_blank\" rel=\"noopener\">Antony Labanca va lib\u00e9rer la sienne<\/a> \u2026<\/p>\n<p>Particuli\u00e8rement appr\u00e9ci\u00e9 par les fans du SLUC, dont il a port\u00e9 les couleurs entre 2014 et 2021, Enzo Goudou-Sinha avait ensuite poursuivi sa carri\u00e8re \u00e0 Ch\u00e2lons-Reims (2021-22), Cholet (2022-24), puis Saint-Quentin (2024-25), avant de prendre la direction d\u2019Andorre (Liga espagnole), o\u00f9 son petit bout de chemin a \u00e9t\u00e9 plus compliqu\u00e9 (2 points ; 5,4 minutes de moyenne).<\/p>\n<p>Ce contenu est bloqu\u00e9 car vous n&rsquo;avez pas accept\u00e9 les cookies et autres traceurs.<\/p>\n<p>En cliquant sur \u00ab J\u2019accepte \u00bb, les cookies et autres traceurs seront d\u00e9pos\u00e9s et vous pourrez visualiser les contenus  (<a href=\"\" class=\"consentModule_policy\" target=\"_blank\" title=\"Consulter la politique de protection des donn\u00e9es du fournisseur\">plus d&rsquo;informations<\/a>).<\/p>\n<p>En cliquant sur \u00ab J\u2019accepte tous les cookies \u00bb, vous autorisez des d\u00e9p\u00f4ts de cookies et autres traceurs pour le stockage de vos donn\u00e9es sur nos sites et applications \u00e0 des fins de personnalisation et de ciblage publicitaire.<\/p>\n<p class=\"consentModule_secondaryText\">Vous gardez la possibilit\u00e9 de retirer votre consentement \u00e0 tout moment en consultant notre <a href=\"https:\/\/www.estrepublicain.fr\/protection-des-donnees\" target=\"_blank\" title=\"Consulter notre politique de protection des donn\u00e9es\" rel=\"noopener\">politique de protection des donn\u00e9es<\/a>. <br \/>&#13;<br \/>\n            <a href=\"https:\/\/www.estrepublicain.fr\/sport\/2025\/05\/19\/javascript:Didomi.notice.show()\" class=\"consentModule_cmp\" target=\"_blank\" rel=\"noopener\">G\u00e9rer mes choix<\/a>&#13;\n        <\/p>\n<p>&#13;<br \/>\n                        J&rsquo;accepte&#13;<br \/>\n            J&rsquo;accepte tous les cookies&#13;\n        <\/p>\n","protected":false},"excerpt":{"rendered":"Ce lundi, BeBasket a r\u00e9v\u00e9l\u00e9 l\u2019information que le SLUC gardait au chaud : Enzo Goudou-Sinha devrait \u00e0 nouveau&hellip;\n","protected":false},"author":2,"featured_media":111554,"comment_status":"","ping_status":"","sticky":false,"template":"","format":"standard","meta":{"footnotes":""},"categories":[9635],"tags":[1111,11,1791,1704,1777,674,107,1701,1795,1011,27,775,1702,1703,12,25,11567,517,1700],"class_list":{"0":"post-111553","1":"post","2":"type-post","3":"status-publish","4":"format-standard","5":"has-post-thumbnail","7":"category-nancy","8":"tag-actu","9":"tag-actualites","10":"tag-basket-ball","11":"tag-edition-nancy-et-agglomeration","12":"tag-eu","13":"tag-europe","14":"tag-fil-info","15":"tag-fil-info-sport","16":"tag-fil-web","17":"tag-fr","18":"tag-france","19":"tag-grand-est","20":"tag-nancy","21":"tag-nancy-ville-54b","22":"tag-news","23":"tag-republique-francaise","24":"tag-sluc","25":"tag-sport","26":"tag-sport-lorrain"},"share_on_mastodon":{"url":"https:\/\/pubeurope.com\/@fr\/114534120350410519","error":""},"_links":{"self":[{"href":"https:\/\/www.europesays.com\/fr\/wp-json\/wp\/v2\/posts\/111553","targetHints":{"allow":["GET"]}}],"collection":[{"href":"https:\/\/www.europesays.com\/fr\/wp-json\/wp\/v2\/posts"}],"about":[{"href":"https:\/\/www.europesays.com\/fr\/wp-json\/wp\/v2\/types\/post"}],"author":[{"embeddable":true,"href":"https:\/\/www.europesays.com\/fr\/wp-json\/wp\/v2\/users\/2"}],"replies":[{"embeddable":true,"href":"https:\/\/www.europesays.com\/fr\/wp-json\/wp\/v2\/comments?post=111553"}],"version-history":[{"count":0,"href":"https:\/\/www.europesays.com\/fr\/wp-json\/wp\/v2\/posts\/111553\/revisions"}],"wp:featuredmedia":[{"embeddable":true,"href":"https:\/\/www.europesays.com\/fr\/wp-json\/wp\/v2\/media\/111554"}],"wp:attachment":[{"href":"https:\/\/www.europesays.com\/fr\/wp-json\/wp\/v2\/media?parent=111553"}],"wp:term":[{"taxonomy":"category","embeddable":true,"href":"https:\/\/www.europesays.com\/fr\/wp-json\/wp\/v2\/categories?post=111553"},{"taxonomy":"post_tag","embeddable":true,"href":"https:\/\/www.europesays.com\/fr\/wp-json\/wp\/v2\/tags?post=111553"}],"curies":[{"name":"wp","href":"https:\/\/api.w.org\/{rel}","templated":true}]}}