{"id":111557,"date":"2025-05-19T10:53:11","date_gmt":"2025-05-19T10:53:11","guid":{"rendered":"https:\/\/www.europesays.com\/fr\/111557\/"},"modified":"2025-05-19T10:53:11","modified_gmt":"2025-05-19T10:53:11","slug":"condamne-pour-un-refus-dobtemperer-un-marseillais-sevade-du-tribunal-de-toulon","status":"publish","type":"post","link":"https:\/\/www.europesays.com\/fr\/111557\/","title":{"rendered":"Condamn\u00e9 pour un refus d\u2019obtemp\u00e9rer, un Marseillais s\u2019\u00e9vade du tribunal de Toulon"},"content":{"rendered":"<p class=\"paragraph text_align_left\">Il n\u2019a pas laiss\u00e9 le temps aux autorit\u00e9s d\u2019appliquer le mandat de d\u00e9p\u00f4t qu\u2019on venait de lui d\u00e9livrer. Un mis en cause de 34 ans, qui venait d\u2019\u00eatre condamn\u00e9 pour un refus d\u2019obtemp\u00e9rer, s\u2019est \u00e9vad\u00e9 vendredi dernier du tribunal judiciaire de Toulon (Var), selon le procureur de la R\u00e9publique Samuel Finielz, confirmant au Parisien une information de <a href=\"https:\/\/www.bfmtv.com\/var\/info-bfm-toulon-var-un-homme-mis-en-examen-pour-tentative-d-homicide-sur-deux-policiers-s-evade-du-tribunal_AN-202505190272.html\" target=\"_blank\" rel=\"noreferrer nofollow noopener\">BFM<\/a>.<\/p>\n<p class=\"paragraph text_align_left\">Le 14 mai dernier, ce Marseillais, d\u00e9j\u00e0 connu de la justice pour des faits similaires, vole un camion frigorifique \u00e0 Fr\u00e9jus, fait l\u2019objet d\u2019une course-poursuite \u00e0 travers le Var et finit \u00e0 Hy\u00e8res, face \u00e0 deux policiers, qu\u2019il charge avec son v\u00e9hicule, rapporte <a href=\"https:\/\/www.varmatin.com\/faits-divers\/la-folle-course-de-frejus-a-hyeres-d-un-camion-frigo-vole--985784?t=1747642825\" target=\"_blank\" rel=\"noreferrer nofollow noopener\">Var Matin<\/a>. Les fonctionnaires \u00e9vitent le choc et le suspect est interpell\u00e9.<\/p>\n<p class=\"paragraph text_align_left\">Vendredi dernier, le trentenaire est jug\u00e9 en comparution imm\u00e9diate au tribunal judiciaire de Toulon pour refus d\u2019obtemp\u00e9rer et mise en danger de la vie de repr\u00e9sentants de l\u2019autorit\u00e9 publique. Il \u00e9cope de quatre ans de prison, dont un an assorti d\u2019un sursis probatoire avec obligation de soin. En avril 2024, il avait \u00e9t\u00e9 condamn\u00e9 pour des faits similaires. Un mandat de d\u00e9p\u00f4t est d\u00e9livr\u00e9.<\/p>\n<p>Sa cellule n\u2019aurait pas \u00e9t\u00e9 verrouill\u00e9e<\/p>\n<p class=\"paragraph text_align_left\">En fin d\u2019apr\u00e8s-midi, le d\u00e9tenu attend son transf\u00e8rement dans une cellule du d\u00e9p\u00f4t du tribunal. Lorsque les forces de l\u2019ordre arrivent pour l\u2019emmener \u00e0 la prison de la Farl\u00e8de o\u00f9 il doit dormir ce soir-l\u00e0, le repris de justice a disparu, sans que l\u2019on sache vraiment dans quelles circonstances. Mais selon Var Matin, sa cellule n\u2019aurait pas \u00e9t\u00e9 verrouill\u00e9e.<\/p>\n<p class=\"lp-card-podcast-highlighting__title  lp-f-subtitle-05\">Affaire Fiona\u00a0: une fillette disparue\u2026 et l\u2019ombre du mensonge<\/p>\n<p class=\"lp-card-podcast-highlighting__description lp-f-ui-05\">Crime story raconte chaque semaine les grandes affaires criminelles.<\/p>\n<p><a class=\"lp-card-podcast-highlighting__call-to-action\" data-page-type=\"HP\" data-block-name=\"podcast-highlight\">\u00c9couter<\/a><\/p>\n<p class=\"paragraph text_align_left\">Une enqu\u00eate a \u00e9t\u00e9 ouverte par le parquet de Toulon et confi\u00e9e \u00e0 la police judiciaire. Les recherches sont toujours en cours ce lundi.<\/p>\n","protected":false},"excerpt":{"rendered":"Il n\u2019a pas laiss\u00e9 le temps aux autorit\u00e9s d\u2019appliquer le mandat de d\u00e9p\u00f4t qu\u2019on venait de lui d\u00e9livrer.&hellip;\n","protected":false},"author":2,"featured_media":111558,"comment_status":"","ping_status":"","sticky":false,"template":"","format":"standard","meta":{"footnotes":""},"categories":[9619],"tags":[1111,11,459,1777,674,118,1011,27,12,882,25,2310],"class_list":{"0":"post-111557","1":"post","2":"type-post","3":"status-publish","4":"format-standard","5":"has-post-thumbnail","7":"category-toulon","8":"tag-actu","9":"tag-actualites","10":"tag-departements-horsidfo","11":"tag-eu","12":"tag-europe","13":"tag-faits-divers","14":"tag-fr","15":"tag-france","16":"tag-news","17":"tag-provence-alpes-cote-dazur","18":"tag-republique-francaise","19":"tag-toulon"},"share_on_mastodon":{"url":"https:\/\/pubeurope.com\/@fr\/114534128368885487","error":""},"_links":{"self":[{"href":"https:\/\/www.europesays.com\/fr\/wp-json\/wp\/v2\/posts\/111557","targetHints":{"allow":["GET"]}}],"collection":[{"href":"https:\/\/www.europesays.com\/fr\/wp-json\/wp\/v2\/posts"}],"about":[{"href":"https:\/\/www.europesays.com\/fr\/wp-json\/wp\/v2\/types\/post"}],"author":[{"embeddable":true,"href":"https:\/\/www.europesays.com\/fr\/wp-json\/wp\/v2\/users\/2"}],"replies":[{"embeddable":true,"href":"https:\/\/www.europesays.com\/fr\/wp-json\/wp\/v2\/comments?post=111557"}],"version-history":[{"count":0,"href":"https:\/\/www.europesays.com\/fr\/wp-json\/wp\/v2\/posts\/111557\/revisions"}],"wp:featuredmedia":[{"embeddable":true,"href":"https:\/\/www.europesays.com\/fr\/wp-json\/wp\/v2\/media\/111558"}],"wp:attachment":[{"href":"https:\/\/www.europesays.com\/fr\/wp-json\/wp\/v2\/media?parent=111557"}],"wp:term":[{"taxonomy":"category","embeddable":true,"href":"https:\/\/www.europesays.com\/fr\/wp-json\/wp\/v2\/categories?post=111557"},{"taxonomy":"post_tag","embeddable":true,"href":"https:\/\/www.europesays.com\/fr\/wp-json\/wp\/v2\/tags?post=111557"}],"curies":[{"name":"wp","href":"https:\/\/api.w.org\/{rel}","templated":true}]}}