{"id":111559,"date":"2025-05-19T10:54:09","date_gmt":"2025-05-19T10:54:09","guid":{"rendered":"https:\/\/www.europesays.com\/fr\/111559\/"},"modified":"2025-05-19T10:54:09","modified_gmt":"2025-05-19T10:54:09","slug":"pourquoi-le-ministre-de-linterieur-bruno-retailleau-a-sejourne-dans-un-hotel","status":"publish","type":"post","link":"https:\/\/www.europesays.com\/fr\/111559\/","title":{"rendered":"pourquoi le ministre de l&rsquo;Int\u00e9rieur Bruno Retailleau a s\u00e9journ\u00e9 dans un h\u00f4tel"},"content":{"rendered":"<p>            Par<br \/>\n        <strong><br \/>\n            <a href=\"https:\/\/actu.fr\/auteur\/jm-aubert\" title=\"Consulter tous les articles de Jean-Marc Aubert\" rel=\"nofollow noopener\" target=\"_blank\">Jean-Marc Aubert<\/a><br \/>\n        <\/strong><\/p>\n<p>        Publi\u00e9 le<\/p>\n<p>            19 mai 2025 \u00e0 8h37<br \/>\n        ; mis \u00e0 jour le 19 mai 2025 \u00e0 10h36    <\/p>\n<p>L\u2019information est rest\u00e9e confidentielle : le ministre de l\u2019Int\u00e9rieur,<strong> Bruno Retailleau<\/strong>, a s\u00e9journ\u00e9 dans un h\u00f4tel proche du centre-ville de <strong>Montpellier<\/strong> dans la nuit de vendredi 16 \u00e0 ce samedi 17 mai 2025, o\u00f9 \u00e9taient discr\u00e8tement pr\u00e9sents les agents du <strong>Service de la protection<\/strong> -SLDP- et de la CRS 1, sp\u00e9cialement affect\u00e9e \u00e0 ses d\u00e9placements.\u00a0<\/p>\n<p class=\" wall-content\">Le cort\u00e8ge est arriv\u00e9 de N\u00eemes vendredi vers 21h45, puis escort\u00e9 depuis le p\u00e9age de l\u2019autoroute A9-A709 de Baillargues par des policiers de la <strong>brigade anticriminalit\u00e9<\/strong> -Bac- du commissariat central de Montpellier jusqu\u2019\u00e0 cet h\u00f4tel, o\u00f9 Bruno Retailleau a certainement peaufin\u00e9 ses projets \u00e0 la t\u00eate du parti Les R\u00e9publicains, dont l\u2019\u00e9lection des militants \u00e9tait organis\u00e9e ce week-end. D\u2019ailleurs, samedi, apr\u00e8s sa nuit paisible pass\u00e9e \u00e0 Montpellier, le premier flic de France a \u00e9t\u00e9 inform\u00e9 des \u00e9v\u00e9nements les plus graves, a rejoint Paris par avion.<\/p>\n<p class=\" wall-content\">Vendredi soir, Bruno Retailleau arrivait de N\u00eemes, o\u00f9 il a pr\u00e9sent\u00e9 les perspectives du plan national <strong>\u00ab\u00a0Ville s\u00e9curit\u00e9 renforc\u00e9e\u00a0\u00bb<\/strong>, succ\u00e9dant aux op\u00e9rations \u00ab\u00a0Place nette\u00a0\u00bb pour lutter contre les <strong>narcotrafiquants<\/strong>, martelant que, \u00ab\u00a0il\u00a0faut \u00e9branler le syst\u00e8me \u00e9conomique de la drogue\u00a0\u00bb, annon\u00e7ant qu\u2019une vingtaine de commerces avaient \u00e9t\u00e9 ferm\u00e9s par le pr\u00e9fet du Gard pour des infractions diverses, notamment de la contrebande de tabac et r\u00e9v\u00e9lant l\u2019arriv\u00e9e prochaine de renforts policiers. En fin d\u2019apr\u00e8s-midi, Bruno Retailleau a pr\u00e9sid\u00e9 un <strong>meeting<\/strong> \u00e0 deux jours du vote des adh\u00e9rents des R\u00e9publicains pour \u00e9lire leur nouveau pr\u00e9sident, auquel assistaient les \u00e9lus de l\u2019H\u00e9rault et du Gard qui ont soutenu sa candidature, avec succ\u00e8s.<\/p>\n<p class=\" wall-content\">En effet, \u00e0 l\u2019issue des votes ce dimanche soir, le s\u00e9nateur de Vend\u00e9e et ministre de l\u2019Int\u00e9rieur depuis septembre dernier a obtenu 74,3\u00a0% des voix face \u00e0 Laurent Wauquiez. Ancien pr\u00e9sident du groupe LR au S\u00e9nat, Bruno Retailleau s\u2019est impos\u00e9 comme figure du \u00ab\u00a0retour \u00e0 l\u2019ordre\u00a0\u00bb, profitant d\u2019une forte notori\u00e9t\u00e9 depuis son entr\u00e9e au gouvernement. Il incarne une ligne d\u2019autorit\u00e9 sur les questions de s\u00e9curit\u00e9 et d\u2019ordre, tout en restant proche du camp pr\u00e9sidentiel. Le\u00a0LR cherche \u00e0 se repositionner face aux partis Renaissance et RN.<\/p>\n<p>Les f\u00e9licitations de St\u00e9phan Rossignol\u00a0<\/p>\n<p class=\" wall-content\">Le maire -LR- de La Grande-Motte, <strong>St\u00e9phan Rossignol<\/strong>, un de ses fervents soutiens dans l\u2019H\u00e9rault a aussit\u00f4t r\u00e9agi, adressant \u00ab\u00a0mes plus since\u0300res fe\u0301licitations a\u0300 Bruno Retailleau, notre ministre de l\u2019Inte\u0301rieur, de\u0301sormais e\u0301lu pre\u0301sident du parti Les Re\u0301publicains. Cette victoire e\u0301clatante, avec plus de 74% des voix, marque un tournant de\u0301cisif pour notre famille politique et plus largement pour la droite re\u0301publicaine.\u00a0Apre\u0300s plusieurs mois d\u2019une campagne de terrain exemplaire, mene\u0301e au gre\u0301 de ses de\u0301placements ministe\u0301riels et de nombreuses rencontres avec les militants, Bruno Retailleau a su incarner un projet clair, rassembleur et profonde\u0301ment ancre\u0301 dans nos valeurs communes\u00a0\u00bb.<\/p>\n<p>Vid\u00e9os : en ce moment sur Actu<\/p>\n<p class=\" wall-content\">St\u00e9phan Rossignol ajoute que, \u00ab\u00a0Bruno Retailleau a re\u0301ussi a\u0300 fe\u0301de\u0301rer largement autour de sa personne et de sa vision, te\u0301moignant de sa capacite\u0301 a\u0300 unir pluto\u0302t qu\u2019a\u0300 diviser. La Grande-Motte avait d\u2019ailleurs donne\u0301 le signal, avec plus de 600 personnes pre\u0301sentes lors de la re\u0301union publique. C\u2019est bien la droite re\u0301publicaine qui en sort renforce\u0301e. Le parti Les Re\u0301publicains a triple\u0301 son nombre d\u2019adhe\u0301rents, devenant ainsi la premie\u0300re force politique de France. Cette progression n\u2019est pas qu\u2019un symbole, c\u2019est une responsabilite\u0301. Bruno Retailleau, fort de son expe\u0301rience, a de\u0301montre\u0301 son efficacite\u0301 de\u0300s ses premie\u0300res semaines a\u0300 la te\u0302te du ministe\u0300re de l\u2019Inte\u0301rieur\u00a0\u00bb.<\/p>\n<p>Quelles missions pour le SDLP ?<\/p>\n<p class=\" wall-content\">On ne parle quasiment jamais du Service de la protection -SDLP- qui op\u00e8re dans l\u2019ombre du Premier ministre et des ministres. Soutenue par des rondes r\u00e9guli\u00e8res de la police nationale de Montpellier, le SDLP a surveill\u00e9 en permanence l\u2019h\u00f4tel de Montpellier o\u00f9 Bruno Retailleau a pass\u00e9 la nuit, assure une mission de protection \u00e0 360\u00b0, gr\u00e2ce \u00e0 son \u00e9tat-major, \u00e0 ses trois sous-directions et \u00e0 ses <strong>1\u00a0471 agents<\/strong> tri\u00e9s sur le\u00a0volet, avec un\u00a0appui op\u00e9rationnel et la coordination g\u00e9n\u00e9rale fonctionnant 24h sur 24 et sept jours sur sept en supervisant le dispositif de s\u00fbret\u00e9 du minist\u00e8re de l\u2019Int\u00e9rieur et des Outre-mer. En charge de l\u2019appui op\u00e9rationnel, l\u2019\u00e9tat-major du SDLP comprend les unit\u00e9s informatique, armurerie et transmissions.<\/p>\n<p class=\" wall-content\">Une unit\u00e9 du SDLP\u00a0assure, sur le territoire fran\u00e7ais et \u00e0 l\u2019\u00e9tranger, la protection rapproch\u00e9e ou l\u2019accompagnement de s\u00e9curit\u00e9 des personnes fran\u00e7aises ou \u00e9trang\u00e8res. Elle comprend sept\u00a0groupes et deux antennes, \u00e0 Strasbourg et en Corse, assurent un maillage sur le territoire national. Comme ce fut le cas le week-end\u00a0dernier\u00a0\u00e0 Montpellier, le SDLP peut recevoir le concours de compagnies r\u00e9publicaines de s\u00e9curit\u00e9, notamment de la CRS n\u00b01 qui est mise \u00e0 sa disposition.<\/p>\n<p class=\" wall-content\">La pr\u00e9sence de Bruno Retailleau est survenue apr\u00e8s la visite officielle dans l\u2019H\u00e9rault, lundi 12 mai, de son bras droit et ministre \u00e0 l\u2019Int\u00e9rieur, Fran\u00e7ois-No\u00ebl Buffet, lors d\u2019un v\u00e9ritable marathon l\u2019ayant men\u00e9 aupr\u00e8s des <strong>gendarmes<\/strong>, des policiers municipaux et des sapeurs-sapeurs-pompiers du <strong>Sdis 34<\/strong> \u00e0 L\u00e9zignan-la-C\u00e8be, Gignac, Pignan, Castelnau-le-Lez et La Grande-Motte.<\/p>\n<p>Bureaux de police \u00e0 la Mosson<\/p>\n<p class=\" wall-content\">Un autre ministre pourrait bien fouler de nouveau notre d\u00e9partement bient\u00f4t pour inaugurer les <strong>bureaux de la police nationale et municipale<\/strong> de Montpellier<strong>,<\/strong> d\u00e9sormais op\u00e9rationnels dans le b\u00e2timent r\u00e9nov\u00e9 de la r\u00e9sidence Uranus, au coeur de la cit\u00e9 de la Mosson, mais lequel ? Curieusement, lundi 12 mai, cette inauguration n\u2019a pas \u00e9t\u00e9 inscrite au programme, il est vrai charg\u00e9, du ministre rattach\u00e9 au ministre de l\u2019Int\u00e9rieur, avec aucune s\u00e9quence \u00e0 la direction interd\u00e9partementale de la police nationale, la DIPN 34. Pr\u00e9sent \u00e0 Montpellier lundi 26 mai prochain, \u00e0 titre priv\u00e9 pour animer une conf\u00e9rence de l\u2019Institut Ma\u00efmonide,<strong> Manuel Valls<\/strong>, ministre des Outre-Mer rattach\u00e9 \u00e0 la place Beauvau, coupera t-il le ruban tricolore de ces deux bureaux de police ?\u00a0<\/p>\n<p class=\" wall-content\">Suivez toute l\u2019actualit\u00e9 de vos villes et m\u00e9dias favoris en vous inscrivant \u00e0 <a href=\"https:\/\/moncompte.actu.fr\" title=\"D\u00e9couvez Mon Actu\" rel=\"nofollow noopener\" data-trk=\"{&quot;cta&quot;:{&quot;action&quot;:&quot;https:\\\/\\\/moncompte.actu.fr&quot;,&quot;category&quot;:&quot;mon compte&quot;,&quot;from&quot;:&quot;article footer&quot;,&quot;name&quot;:&quot;Mon actu&quot;,&quot;type&quot;:&quot;cta&quot;}}\" target=\"_blank\">Mon Actu<\/a>.<\/p>\n","protected":false},"excerpt":{"rendered":"Par Jean-Marc Aubert Publi\u00e9 le 19 mai 2025 \u00e0 8h37 ; mis \u00e0 jour le 19 mai 2025&hellip;\n","protected":false},"author":2,"featured_media":111560,"comment_status":"","ping_status":"","sticky":false,"template":"","format":"standard","meta":{"footnotes":""},"categories":[9599],"tags":[1111,11,1013,1052,1777,674,1011,27,2208,12,2680,1072,25,104],"class_list":{"0":"post-111559","1":"post","2":"type-post","3":"status-publish","4":"format-standard","5":"has-post-thumbnail","7":"category-montpellier","8":"tag-actu","9":"tag-actualites","10":"tag-bruno-retailleau","11":"tag-drogue","12":"tag-eu","13":"tag-europe","14":"tag-fr","15":"tag-france","16":"tag-montpellier","17":"tag-news","18":"tag-occitanie","19":"tag-police","20":"tag-republique-francaise","21":"tag-societe"},"share_on_mastodon":{"url":"https:\/\/pubeurope.com\/@fr\/114534132178611207","error":""},"_links":{"self":[{"href":"https:\/\/www.europesays.com\/fr\/wp-json\/wp\/v2\/posts\/111559","targetHints":{"allow":["GET"]}}],"collection":[{"href":"https:\/\/www.europesays.com\/fr\/wp-json\/wp\/v2\/posts"}],"about":[{"href":"https:\/\/www.europesays.com\/fr\/wp-json\/wp\/v2\/types\/post"}],"author":[{"embeddable":true,"href":"https:\/\/www.europesays.com\/fr\/wp-json\/wp\/v2\/users\/2"}],"replies":[{"embeddable":true,"href":"https:\/\/www.europesays.com\/fr\/wp-json\/wp\/v2\/comments?post=111559"}],"version-history":[{"count":0,"href":"https:\/\/www.europesays.com\/fr\/wp-json\/wp\/v2\/posts\/111559\/revisions"}],"wp:featuredmedia":[{"embeddable":true,"href":"https:\/\/www.europesays.com\/fr\/wp-json\/wp\/v2\/media\/111560"}],"wp:attachment":[{"href":"https:\/\/www.europesays.com\/fr\/wp-json\/wp\/v2\/media?parent=111559"}],"wp:term":[{"taxonomy":"category","embeddable":true,"href":"https:\/\/www.europesays.com\/fr\/wp-json\/wp\/v2\/categories?post=111559"},{"taxonomy":"post_tag","embeddable":true,"href":"https:\/\/www.europesays.com\/fr\/wp-json\/wp\/v2\/tags?post=111559"}],"curies":[{"name":"wp","href":"https:\/\/api.w.org\/{rel}","templated":true}]}}