{"id":111563,"date":"2025-05-19T10:56:08","date_gmt":"2025-05-19T10:56:08","guid":{"rendered":"https:\/\/www.europesays.com\/fr\/111563\/"},"modified":"2025-05-19T10:56:08","modified_gmt":"2025-05-19T10:56:08","slug":"a-rouen-le-comportement-suspect-de-lautomobiliste-alerte-la-police-il-etait-tres-alcoolise","status":"publish","type":"post","link":"https:\/\/www.europesays.com\/fr\/111563\/","title":{"rendered":"\u00c0 Rouen, le comportement suspect de l&rsquo;automobiliste alerte la police : il \u00e9tait tr\u00e8s alcoolis\u00e9"},"content":{"rendered":"<p>            Par<br \/>\n        <strong><br \/>\n            <a href=\"https:\/\/actu.fr\/auteur\/thomas-rideau\" title=\"Consulter tous les articles de Thomas Rideau\" target=\"_blank\" rel=\"noopener\">Thomas Rideau<\/a><br \/>\n        <\/strong><\/p>\n<p>        Publi\u00e9 le<\/p>\n<p>            19 mai 2025 \u00e0 11h55        <\/p>\n<p>Il n\u2019y avait <strong>pas doute<\/strong>. Quand le conducteur a baiss\u00e9 sa vitre, les policiers ont compris \u00e0 quoi ils faisaient face\u2026 Vers 2h50 du matin, lundi 19\u00a0mai 2025, un conducteur, tr\u00e8s alcoolis\u00e9, a \u00e9t\u00e9 contr\u00f4l\u00e9 par la police, \u00e0 <a href=\"https:\/\/actu.fr\/normandie\/rouen_76540\" target=\"_blank\" rel=\"noopener\">Rouen (Seine-Maritime)<\/a>.<\/p>\n<p>Un comportement suspect<\/p>\n<p class=\" wall-content\">En plein c\u0153ur de la nuit, une patrouille de police remarque un automobiliste \u00e0 la conduite suspecte sur l\u2019avenue Jean-Rondeaux. Il change r\u00e9guli\u00e8rement de voie, roule au milieu, \u00e0 tr\u00e8s faible allure. Alors qu\u2019il arrive au feu rouge du<strong> pont Guillaume<\/strong>, la police se porte \u00e0 sa hauteur et le contr\u00f4le.<\/p>\n<p class=\" wall-content\">L\u2019automobiliste coche toutes les cases de <strong>la personne alcoolis\u00e9e<\/strong>. Yeux brillants, propos r\u00e9p\u00e9t\u00e9s, haleine alcoolis\u00e9e\u2026 Sans permis et avec une carte grise non valable, il a \u00e9t\u00e9 emmen\u00e9 au commissariat de Rouen. Sur place, il a souffl\u00e9 \u00e0 2,36\u00a0g\/l de sang.<\/p>\n<p class=\" wall-content\">Suivez toute l\u2019actualit\u00e9 de vos villes et m\u00e9dias favoris en vous inscrivant \u00e0 <a href=\"https:\/\/moncompte.actu.fr\" title=\"D\u00e9couvez Mon Actu\" rel=\"nofollow noopener\" data-trk=\"{&quot;cta&quot;:{&quot;action&quot;:&quot;https:\\\/\\\/moncompte.actu.fr&quot;,&quot;category&quot;:&quot;mon compte&quot;,&quot;from&quot;:&quot;article footer&quot;,&quot;name&quot;:&quot;Mon actu&quot;,&quot;type&quot;:&quot;cta&quot;}}\" target=\"_blank\">Mon Actu<\/a>.<\/p>\n","protected":false},"excerpt":{"rendered":"Par Thomas Rideau Publi\u00e9 le 19 mai 2025 \u00e0 11h55 Il n\u2019y avait pas doute. Quand le conducteur&hellip;\n","protected":false},"author":2,"featured_media":111564,"comment_status":"","ping_status":"","sticky":false,"template":"","format":"standard","meta":{"footnotes":""},"categories":[9587],"tags":[1111,11,5702,646,1777,674,118,1011,27,12,5161,25,9590],"class_list":{"0":"post-111563","1":"post","2":"type-post","3":"status-publish","4":"format-standard","5":"has-post-thumbnail","7":"category-rouen","8":"tag-actu","9":"tag-actualites","10":"tag-alcool","11":"tag-automobile","12":"tag-eu","13":"tag-europe","14":"tag-faits-divers","15":"tag-fr","16":"tag-france","17":"tag-news","18":"tag-normandie","19":"tag-republique-francaise","20":"tag-rouen"},"share_on_mastodon":{"url":"https:\/\/pubeurope.com\/@fr\/114534140015515632","error":""},"_links":{"self":[{"href":"https:\/\/www.europesays.com\/fr\/wp-json\/wp\/v2\/posts\/111563","targetHints":{"allow":["GET"]}}],"collection":[{"href":"https:\/\/www.europesays.com\/fr\/wp-json\/wp\/v2\/posts"}],"about":[{"href":"https:\/\/www.europesays.com\/fr\/wp-json\/wp\/v2\/types\/post"}],"author":[{"embeddable":true,"href":"https:\/\/www.europesays.com\/fr\/wp-json\/wp\/v2\/users\/2"}],"replies":[{"embeddable":true,"href":"https:\/\/www.europesays.com\/fr\/wp-json\/wp\/v2\/comments?post=111563"}],"version-history":[{"count":0,"href":"https:\/\/www.europesays.com\/fr\/wp-json\/wp\/v2\/posts\/111563\/revisions"}],"wp:featuredmedia":[{"embeddable":true,"href":"https:\/\/www.europesays.com\/fr\/wp-json\/wp\/v2\/media\/111564"}],"wp:attachment":[{"href":"https:\/\/www.europesays.com\/fr\/wp-json\/wp\/v2\/media?parent=111563"}],"wp:term":[{"taxonomy":"category","embeddable":true,"href":"https:\/\/www.europesays.com\/fr\/wp-json\/wp\/v2\/categories?post=111563"},{"taxonomy":"post_tag","embeddable":true,"href":"https:\/\/www.europesays.com\/fr\/wp-json\/wp\/v2\/tags?post=111563"}],"curies":[{"name":"wp","href":"https:\/\/api.w.org\/{rel}","templated":true}]}}