{"id":111573,"date":"2025-05-19T11:02:09","date_gmt":"2025-05-19T11:02:09","guid":{"rendered":"https:\/\/www.europesays.com\/fr\/111573\/"},"modified":"2025-05-19T11:02:09","modified_gmt":"2025-05-19T11:02:09","slug":"ostwald-un-nouvel-espace-de-jeu-et-de-fraicheur-inaugure-au-bohrie","status":"publish","type":"post","link":"https:\/\/www.europesays.com\/fr\/111573\/","title":{"rendered":"Ostwald. Un nouvel espace de jeu et de fra\u00eecheur inaugur\u00e9 au Bohrie"},"content":{"rendered":"<p>Si l\u2019aire de jeux <a href=\"https:\/\/www.dna.fr\/economie\/2025\/03\/15\/la-ville-met-5-76-m-sur-la-table-pour-mettre-fin-a-l-urbanisation-du-bohrie\" target=\"_blank\" rel=\"noopener\">du Bohrie<\/a> , \u00e0 Ostwald, est ouverte aux enfants depuis fin 2024, c\u2019est ce mercredi 14\u00a0mai qui a \u00e9t\u00e9 choisi pour la mettre en valeur et l\u2019inaugurer officiellement.<\/p>\n<p>  Un investissement de 35\u00a0000\u00a0euros<\/p>\n<p><a href=\"https:\/\/www.dna.fr\/elections\/2025\/03\/30\/ostwald-fabienne-baas-a-encore-envie-de-s-investir\" target=\"_blank\" rel=\"noopener\">La maire Fabienne Baas<\/a> , entour\u00e9e de ses adjointes Delphine Rideau, en charge de l\u2019enfance et la petite enfance, et Gabrielle Gertz, en charge des actions sociales, de son conseiller municipal Antoine Christoph et de Guy Buttighoffer, d\u00e9l\u00e9gu\u00e9 en charge de l\u2019animation ville et \u00e9v\u00e9nements, a accueilli 23 enfants de l\u2019accueil de loisirs Oasis Le Bohrie.<\/p>\n<p>Ce contenu est bloqu\u00e9 car vous n&rsquo;avez pas accept\u00e9 les cookies et autres traceurs.<\/p>\n<p>En cliquant sur \u00ab J\u2019accepte \u00bb, les cookies et autres traceurs seront d\u00e9pos\u00e9s et vous pourrez visualiser les contenus  (<a href=\"\" class=\"consentModule_policy\" target=\"_blank\" title=\"Consulter la politique de protection des donn\u00e9es du fournisseur\">plus d&rsquo;informations<\/a>).<\/p>\n<p>En cliquant sur \u00ab J\u2019accepte tous les cookies \u00bb, vous autorisez des d\u00e9p\u00f4ts de cookies et autres traceurs pour le stockage de vos donn\u00e9es sur nos sites et applications \u00e0 des fins de personnalisation et de ciblage publicitaire.<\/p>\n<p class=\"consentModule_secondaryText\">Vous gardez la possibilit\u00e9 de retirer votre consentement \u00e0 tout moment en consultant notre <a href=\"https:\/\/www.dna.fr\/protection-des-donnees\" target=\"_blank\" title=\"Consulter notre politique de protection des donn\u00e9es\" rel=\"noopener\">politique de protection des donn\u00e9es<\/a>. <br \/>&#13;<br \/>\n            <a href=\"https:\/\/www.dna.fr\/culture-loisirs\/2025\/05\/19\/javascript:Didomi.notice.show()\" class=\"consentModule_cmp\" target=\"_blank\" rel=\"noopener\">G\u00e9rer mes choix<\/a>&#13;\n        <\/p>\n<p>&#13;<br \/>\n                        J&rsquo;accepte&#13;<br \/>\n            J&rsquo;accepte tous les cookies&#13;\n        <\/p>\n<p>Ces enfants \u00e9taient certes bien plus int\u00e9ress\u00e9s par le go\u00fbter qui les attendait que par le fait que cette aire de jeu repr\u00e9sente un investissement de 35\u00a0000\u00a0euros \u00e0 la charge de leur commune. Ils ont tout de m\u00eame entonn\u00e9 un petit chant, accompagn\u00e9s par les grenouilles de l\u2019\u00e9tang du Bohrie.<\/p>\n<p>  D\u2019autres am\u00e9nagements en vue<\/p>\n<p>\u00ab\u00a0Un second site de jeux verra le jour un peu plus loin d\u2019ici un an, explique Fabienne Baas. Mais nous allons \u00e9galement remplacer d\u00e8s septembre le city stade <a href=\"https:\/\/www.dna.fr\/politique\/2024\/10\/02\/les-actions-pour-le-quartier-prioritaire-du-wihrel-se-precisent\" target=\"_blank\" rel=\"noopener\">du Wihrel<\/a>.\u00a0\u00bb Ces travaux entrent dans un plan de r\u00e9novation des aires de jeux de la ville d\u2019Ostwald pour un montant de 400\u00a0000\u00a0euros.<\/p>\n<p>Camille \u00e9tait venue en voisine \u00e0 cette inauguration avec sa petite Ha\u00efl\u00e9, \u00e2g\u00e9e de huit mois. \u00ab\u00a0Au-del\u00e0 du fait que ce soit juste \u00e0 c\u00f4t\u00e9 de chez moi, j\u2019appr\u00e9cie ici de trouver la fra\u00eecheur des arbres et ne pas \u00eatre en bord de route\u00a0\u00bb, dit-elle.<\/p>\n<p>Sans aucun doute, Ha\u00efl\u00e9 sera ravie d\u2019ici peu de temps de profiter d\u2019un bel emplacement pour jouer.<\/p>\n","protected":false},"excerpt":{"rendered":"Si l\u2019aire de jeux du Bohrie , \u00e0 Ostwald, est ouverte aux enfants depuis fin 2024, c\u2019est ce&hellip;\n","protected":false},"author":2,"featured_media":111574,"comment_status":"","ping_status":"","sticky":false,"template":"","format":"standard","meta":{"footnotes":""},"categories":[2820],"tags":[1111,11,1687,2880,1777,674,107,1011,27,775,12,6611,25,640,3089],"class_list":{"0":"post-111573","1":"post","2":"type-post","3":"status-publish","4":"format-standard","5":"has-post-thumbnail","7":"category-strasbourg","8":"tag-actu","9":"tag-actualites","10":"tag-culture-loisirs","11":"tag-edition-strasbourg","12":"tag-eu","13":"tag-europe","14":"tag-fil-info","15":"tag-fr","16":"tag-france","17":"tag-grand-est","18":"tag-news","19":"tag-ostwald","20":"tag-republique-francaise","21":"tag-strasbourg","22":"tag-strasbourg-sud"},"share_on_mastodon":{"url":"https:\/\/pubeurope.com\/@fr\/114534163674588702","error":""},"_links":{"self":[{"href":"https:\/\/www.europesays.com\/fr\/wp-json\/wp\/v2\/posts\/111573","targetHints":{"allow":["GET"]}}],"collection":[{"href":"https:\/\/www.europesays.com\/fr\/wp-json\/wp\/v2\/posts"}],"about":[{"href":"https:\/\/www.europesays.com\/fr\/wp-json\/wp\/v2\/types\/post"}],"author":[{"embeddable":true,"href":"https:\/\/www.europesays.com\/fr\/wp-json\/wp\/v2\/users\/2"}],"replies":[{"embeddable":true,"href":"https:\/\/www.europesays.com\/fr\/wp-json\/wp\/v2\/comments?post=111573"}],"version-history":[{"count":0,"href":"https:\/\/www.europesays.com\/fr\/wp-json\/wp\/v2\/posts\/111573\/revisions"}],"wp:featuredmedia":[{"embeddable":true,"href":"https:\/\/www.europesays.com\/fr\/wp-json\/wp\/v2\/media\/111574"}],"wp:attachment":[{"href":"https:\/\/www.europesays.com\/fr\/wp-json\/wp\/v2\/media?parent=111573"}],"wp:term":[{"taxonomy":"category","embeddable":true,"href":"https:\/\/www.europesays.com\/fr\/wp-json\/wp\/v2\/categories?post=111573"},{"taxonomy":"post_tag","embeddable":true,"href":"https:\/\/www.europesays.com\/fr\/wp-json\/wp\/v2\/tags?post=111573"}],"curies":[{"name":"wp","href":"https:\/\/api.w.org\/{rel}","templated":true}]}}