{"id":111586,"date":"2025-05-19T11:09:08","date_gmt":"2025-05-19T11:09:08","guid":{"rendered":"https:\/\/www.europesays.com\/fr\/111586\/"},"modified":"2025-05-19T11:09:08","modified_gmt":"2025-05-19T11:09:08","slug":"bordeaux-metropole-sort-le-carton-rouge","status":"publish","type":"post","link":"https:\/\/www.europesays.com\/fr\/111586\/","title":{"rendered":"Bordeaux M\u00e9tropole sort le carton rouge"},"content":{"rendered":"<p>\n\u00ab\u00a0Nous n\u2019avons pas bien r\u00e9ussi notre mariage, mais nous r\u00e9ussissons notre s\u00e9paration\u00a0\u00bb. C\u2019est par cette boutade que Christine Bost, la pr\u00e9sidente de Bordeaux M\u00e9tropole a introduit la conf\u00e9rence de presse sur le <strong>Matmut Atlantique de Bordeaux<\/strong>, vendredi 16\u00a0mai. En juillet, <a href=\"https:\/\/www.lemoniteur.fr\/article\/matmut-renonce-au-naming-du-stade-de-bordeaux-gere-par-une-filiale-de-vinci-et-fayat.2339211\" target=\"_blank\" rel=\"noopener\"><strong>ce dernier sera d\u2019ailleurs rebaptis\u00e9 Stade Bordeaux Atlantique, en raison de la non-reconduction du contrat avec l\u2019assureur<\/strong><\/a>. Il ne s\u2019agit l\u00e0 que d\u2019un des nombreux d\u00e9boires de ce stade construit en\u00a02015, pour l\u2019Euro\u00a02016 gr\u00e2ce \u00e0 la signature, en\u00a02011, d\u2019un <strong>partenariat public priv\u00e9 entre SBA \u2013\u00a0filiale de Vinci et Fayat\u00a0\u2013 et Bordeaux M\u00e9tropole<\/strong> pour sa conception, son financement, sa construction, son exploitation et sa maintenance jusqu\u2019en\u00a02045. <strong>\u00ab\u00a0Il y avait <a href=\"https:\/\/www.lemoniteur.fr\/article\/ppp-a-bordeaux-l-avenir-du-stade-s-inscrit-en-pointille.2333666\" target=\"_blank\" rel=\"noopener\">un d\u00e9s\u00e9quilibre depuis le d\u00e9but dans ce partenariat public priv\u00e9<\/a>\u00a0\u00bb<\/strong>, estime Christine Bost, la pr\u00e9sidente de Bordeaux M\u00e9tropole. <strong>Ce sont rajout\u00e9<\/strong>s un <strong>d\u00e9ficit d\u2019exploitation de 20\u00a0millions d\u2019euros<\/strong>\u00a0(soit 14\u00a0millions d\u2019euros de plus que dans le compte d\u2019exploitation pr\u00e9visionnel du contrat\u2026), la rel\u00e9gation des Girondins de Bordeaux en National\u00a02 en ao\u00fbt\u00a02024, leur difficult\u00e9 \u00e0 payer le loyer, la perte du naming, la menace du d\u00e9p\u00f4t de bilan de SBA\u2026 Et par extension, les <strong>craintes de la collectivit\u00e9 d\u2019accro\u00eetre les d\u00e9ficits et de ne plus pouvoir exploiter correctement un \u00e9quipement qui contribue, malgr\u00e9 tout, \u00e0 l\u2019attractivit\u00e9 du territoire<\/strong>. <strong>L\u2019\u00e9pilogue du feuilleton interviendra le 31\u00a0juillet prochain<\/strong> avec la rupture du contrat, \u00ab\u00a0conclue sans indemnit\u00e9s vers\u00e9es \u00e0 SBA\u00a0\u00bb, pr\u00e9cise Christine Bost. \u00ab\u00a0Les neuf salari\u00e9s seront repris, ainsi que le contrat avec Vinci Facilities qui court encore sur 18 mois\u00a0\u00bb, ajoute-t-elle. <strong>L\u2019\u00e9quipement passera en r\u00e9gie<\/strong>, une d\u00e9cision qui sera vot\u00e9e au conseil communautaire de juillet, lors duquel seront \u00e9tablis les tarifs. La m\u00e9tropole s\u2019engage \u00e0 accueillir des \u00e9v\u00e9nements sportifs, des s\u00e9minaires, ainsi que des manifestations culturelles. <a href=\"https:\/\/www.lemoniteur.fr\/article\/ppp-quelles-consequences-en-cas-de-faillite-de-la-societe-qui-gere-le-stade-de-bordeaux.2340653\" target=\"_blank\" rel=\"noopener\">Elle avait pourtant \u00e9mis un doute en d\u00e9but d\u2019ann\u00e9e sur sa capacit\u00e9 \u00e0 g\u00e9rer l\u2019animation d\u2019un tel \u00e9quipement.<\/a> Elle mise aujourd\u2019hui sur l\u2019attractivit\u00e9 de la ville. L\u2019entretien du stade est une comp\u00e9tence mieux ma\u00eetris\u00e9e et \u00ab\u00a0<strong>il a \u00e9t\u00e9 bien entretenu, reconna\u00eet-elle, il n\u2019y a pas de d\u00e9sordre majeur<\/strong>, cela a \u00e9t\u00e9 constat\u00e9 par un cabinet d\u2019expert tiers \u00e0 l\u2019occasion d\u2019un audit.\u00a0\u00bb<\/p>\n<p>\u00ab\u00a0Il n\u2019est pas imaginable que de l\u2019argent public ne soit pas rembours\u00e9.\u00a0\u00bb<\/p>\n<p>\nC\u00f4t\u00e9 finances, la m\u00e9tropole avait d\u2019ores et d\u00e9j\u00e0 inscrit <strong>82\u00a0millions d\u2019euros<\/strong> \u00e0 ses comptes <strong>pour le remboursement de l\u2019emprunt<\/strong>, qu\u2019elle effectue \u00e0 hauteur de 5\u00a0millions d\u2019euros par an depuis le d\u00e9but du contrat. <strong>\u00ab\u00a0Nous discutons avec les banques pour voir si nous finan\u00e7ons cette dette en un seul bloc ou si nous continuons \u00e0 payer les annuit\u00e9s.\u00a0\u00bb<\/strong> Pour les <strong>19,75\u00a0millions d\u2019euros dus par les Girondins de Bordeaux \u00e0 la collectivit\u00e9<\/strong>, le plan de continuation propos\u00e9 par le pr\u00e9sident du club de foot aupr\u00e8s du tribunal de commerce stipule que <strong>seuls 10\u00a0% de la dette seraient rembours\u00e9s<\/strong>. Une proposition qui devrait \u00eatre valid\u00e9 ou non par le tribunal de commerce le 27\u00a0mai prochain. Christine Bost n\u2019a pas attendu cette date pour r\u00e9agir\u00a0: <strong>\u00ab\u00a0Il n\u2019est pas imaginable que de l\u2019argent public ne soit pas rembours\u00e9.\u00a0\u00bb<\/strong> Elle a d\u2019ailleurs rappel\u00e9 \u00eatre d\u00e9tentrice d\u2019une lettre d\u2019intention r\u00e9dig\u00e9e en\u00a02021 par la soci\u00e9t\u00e9 Jogo Bonito, d\u00e9tenue par G\u00e9rard Lopez, garantissant le paiement du loyer de 4,9\u00a0millions d\u2019euros par an <a href=\"https:\/\/www.sudouest.fr\/gironde\/bordeaux\/girondins-de-bordeaux-la-garantie-de-gerard-lopez-aprement-debattue-mais-votee-4091104.php\" target=\"_blank\" rel=\"noopener\">comme l\u2019indique nos confr\u00e8res de Sud Ouest<\/a>. Un accord devait \u00eatre propos\u00e9 vendredi dernier au pr\u00e9sident des Girondins de Bordeaux, mais la collectivit\u00e9 n\u2019a pas communiqu\u00e9 sur le sujet.<\/p>\n<p>\nPour ouvrir un nouveau chapitre \u00e0 cette histoire, <strong>Christine Bost a \u00e9voqu\u00e9 le lancement d\u2019un appel \u00e0 manifestation d\u2019int\u00e9r\u00eat pour le naming de l\u2019enceinte<\/strong>.<\/p>\n","protected":false},"excerpt":{"rendered":"\u00ab\u00a0Nous n\u2019avons pas bien r\u00e9ussi notre mariage, mais nous r\u00e9ussissons notre s\u00e9paration\u00a0\u00bb. C\u2019est par cette boutade que Christine&hellip;\n","protected":false},"author":2,"featured_media":111587,"comment_status":"","ping_status":"","sticky":false,"template":"","format":"standard","meta":{"footnotes":""},"categories":[2817],"tags":[1111,11,1997,7331,23086,1777,674,1011,27,2905,12,2219,23087,25,2858,2224,7333],"class_list":{"0":"post-111586","1":"post","2":"type-post","3":"status-publish","4":"format-standard","5":"has-post-thumbnail","7":"category-bordeaux","8":"tag-actu","9":"tag-actualites","10":"tag-bordeaux","11":"tag-collectivites-locales","12":"tag-contrat-de-partenariat","13":"tag-eu","14":"tag-europe","15":"tag-fr","16":"tag-france","17":"tag-gironde","18":"tag-news","19":"tag-nouvelle-aquitaine","20":"tag-ppp","21":"tag-republique-francaise","22":"tag-stade","23":"tag-sud-ouest","24":"tag-vie-du-btp"},"share_on_mastodon":{"url":"https:\/\/pubeurope.com\/@fr\/114534191122369623","error":""},"_links":{"self":[{"href":"https:\/\/www.europesays.com\/fr\/wp-json\/wp\/v2\/posts\/111586","targetHints":{"allow":["GET"]}}],"collection":[{"href":"https:\/\/www.europesays.com\/fr\/wp-json\/wp\/v2\/posts"}],"about":[{"href":"https:\/\/www.europesays.com\/fr\/wp-json\/wp\/v2\/types\/post"}],"author":[{"embeddable":true,"href":"https:\/\/www.europesays.com\/fr\/wp-json\/wp\/v2\/users\/2"}],"replies":[{"embeddable":true,"href":"https:\/\/www.europesays.com\/fr\/wp-json\/wp\/v2\/comments?post=111586"}],"version-history":[{"count":0,"href":"https:\/\/www.europesays.com\/fr\/wp-json\/wp\/v2\/posts\/111586\/revisions"}],"wp:featuredmedia":[{"embeddable":true,"href":"https:\/\/www.europesays.com\/fr\/wp-json\/wp\/v2\/media\/111587"}],"wp:attachment":[{"href":"https:\/\/www.europesays.com\/fr\/wp-json\/wp\/v2\/media?parent=111586"}],"wp:term":[{"taxonomy":"category","embeddable":true,"href":"https:\/\/www.europesays.com\/fr\/wp-json\/wp\/v2\/categories?post=111586"},{"taxonomy":"post_tag","embeddable":true,"href":"https:\/\/www.europesays.com\/fr\/wp-json\/wp\/v2\/tags?post=111586"}],"curies":[{"name":"wp","href":"https:\/\/api.w.org\/{rel}","templated":true}]}}