{"id":1115863,"date":"2026-08-08T16:16:18","date_gmt":"2026-08-08T16:16:18","guid":{"rendered":"https:\/\/www.europesays.com\/fr\/1115863\/"},"modified":"2026-08-08T16:16:18","modified_gmt":"2026-08-08T16:16:18","slug":"sostrene-grene-ouvre-un-nouveau-magasin-pres-de-paris","status":"publish","type":"post","link":"https:\/\/www.europesays.com\/fr\/1115863\/","title":{"rendered":"S\u00f8strene Grene ouvre un nouveau magasin pr\u00e8s de Paris"},"content":{"rendered":"<p>Longtemps r\u00e9serv\u00e9 aux initi\u00e9s f\u00e9rus de d\u00e9coration scandinave et<br \/>\nd\u2019objets du quotidien \u00e0 prix doux, S\u00f8strene Grene continue de<br \/>\ns\u00e9duire les Fran\u00e7ais. L\u2019enseigne danoise, connue pour son univers<br \/>\ndoux inspir\u00e9 du hygge, a annonc\u00e9 l\u2019ouverture d\u2019un nouveau magasin<br \/>\npr\u00e8s de Paris, au sein du centre commercial Westfield Parly 2, au<br \/>\nChesnay-Rocquencourt, \u00e0 deux pas de Versailles. Mais cette fois, la<br \/>\nmarque ne se contente pas d\u2019ouvrir une boutique suppl\u00e9mentaire :<br \/>\nelle y d\u00e9ploie un concept immersif in\u00e9dit pens\u00e9 pour solliciter les<br \/>\nsens.<\/p>\n<p>Un nouveau S\u00f8strene Grene pr\u00e8s de Paris avec une exp\u00e9rience<br \/>\nsensorielle in\u00e9dite<\/p>\n<p><a href=\"https:\/\/www.lejournaldelamaison.fr\/le-journal-de-la-maison\/actus-deco\/ancien-gifi-lyon-laisse-place-enseigne-deco-tres-attendue-ouverture-precise-535293.html\" rel=\"nofollow noopener\" target=\"_blank\"><br \/>\nL&rsquo;ouverture<\/a>, qui a eu lieu fin juillet, marque le retour de<br \/>\n<strong>l\u2019enseigne<\/strong> dans le secteur versaillais, o\u00f9 elle<br \/>\navait d\u00e9j\u00e0 \u00e9t\u00e9 implant\u00e9e auparavant. Avec ses <strong>170<br \/>\nm\u00b2,<\/strong> cette nouvelle adresse adopte le format \u00ab\u00a0Lilles\u00f8ster\u00a0\u00bb<br \/>\n&#8211; litt\u00e9ralement petite s\u0153ur en danois- un <strong>concept<\/strong><br \/>\nimagin\u00e9 pour des surfaces plus compactes, sans renoncer \u00e0<br \/>\nl\u2019exp\u00e9rience signature de la marque.<\/p>\n<p><a href=\"https:\/\/www.lejournaldelamaison.fr\/wp-content\/uploads\/sites\/8\/2026\/05\/nouveautes-sostrene-grene-1.jpg\" rel=\"nofollow noopener\" target=\"_blank\"><br \/>\n<img loading=\"lazy\" decoding=\"async\" itemprop=\"thumbnailUrl\" class=\"alignnone size-large wp-image-544778 img-responsive pinit-here\" src=\"https:\/\/www.europesays.com\/fr\/wp-content\/uploads\/2026\/08\/nouveautes-sostrene-grene-1-814x1024.jpg\" alt=\"nouveautes-sostrene-grene 1\" width=\"814\" height=\"1024\" data-pin-media=\"https:\/\/sf2.lejournaldelamaison.fr\/wp-content\/uploads\/sites\/8\/2026\/05\/nouveautes-sostrene-grene-1-736x926.jpg\"\/><\/a><br \/>\n\u00a9 Sostrene<br \/>\nGrene<\/p>\n<p>Les visiteurs y retrouveront les cat\u00e9gories qui ont fait le<br \/>\nsucc\u00e8s de <a href=\"https:\/\/www.lejournaldelamaison.fr\/le-journal-de-la-maison\/nouveautes\/produits\/sostrene-grene-defroisseur-vapeur-500168.html\" rel=\"nofollow noopener\" target=\"_blank\"><br \/>\nS\u00f8strene Grene<\/a> : <strong>objets d\u00e9co, petit mobilier,<br \/>\npapeterie, loisirs cr\u00e9atifs, ustensiles de cuisine, jouets et<br \/>\naccessoires du quotidien.<\/strong> Mais le vrai changement se joue<br \/>\ndans la mise en sc\u00e8ne. L\u2019enseigne y introduit son concept<br \/>\n<strong>\u00ab\u00a0Retail for the Senses\u00a0\u00bb<\/strong>, d\u00e9j\u00e0 test\u00e9 avec succ\u00e8s,<br \/>\nqui transforme la simple vir\u00e9e shopping en exp\u00e9rience immersive.<br \/>\nL\u2019id\u00e9e ? Offrir une parenth\u00e8se apaisante dans un quotidien souvent<br \/>\ntrop rapide. \u00ab\u00a0Nous avons travaill\u00e9 dur sur ce concept avec<br \/>\nl\u2019ambition d\u2019offrir \u00e0 nos clients une petite pause dans un<br \/>\nquotidien souvent tr\u00e9pidant\u00a0\u00bb, explique <strong>Mikkel<br \/>\nGrene<\/strong>, directeur g\u00e9n\u00e9ral du groupe et copropri\u00e9taire de<br \/>\nl\u2019entreprise familiale.<\/p>\n<p><a href=\"https:\/\/www.lejournaldelamaison.fr\/wp-content\/uploads\/sites\/8\/2026\/05\/nouveautes-sostrene-grene-2.jpg\" rel=\"nofollow noopener\" target=\"_blank\"><br \/>\n<img loading=\"lazy\" decoding=\"async\" class=\"alignnone size-large wp-image-544777 img-responsive pinit-here\" src=\"https:\/\/www.europesays.com\/fr\/wp-content\/uploads\/2026\/08\/nouveautes-sostrene-grene-2-812x1024.jpg\" alt=\"&lt;p&gt;nouveautes-sostrene-grene 2&lt;\/p&gt;\" width=\"812\" height=\"1024\" data-pin-media=\"https:\/\/sf2.lejournaldelamaison.fr\/wp-content\/uploads\/sites\/8\/2026\/05\/nouveautes-sostrene-grene-2-736x929.jpg\"\/><\/a><br \/>\n\u00a9 Sostrene<br \/>\nGrene<\/p>\n<p>Un parcours pens\u00e9 comme une petite ville danoise<\/p>\n<p>Fini le parcours rigide et purement fonctionnel. Dans ce nouveau<br \/>\n<a href=\"https:\/\/www.lejournaldelamaison.fr\/le-journal-de-la-maison\/nouveautes\/produits\/vaisselle-linge-maison-bougies-bazar-discount-france-presente-prix-moins-chers-gifi-action-lidl-535301.html\" rel=\"nofollow noopener\" target=\"_blank\"><br \/>\n<strong>concept<\/strong><\/a>, le magasin devient un d\u00e9cor \u00e0<br \/>\nexplorer. Le traditionnel chemin labyrinthique cher \u00e0 S\u00f8strene<br \/>\nGrene \u00e9volue vers une <strong>circulation<\/strong> plus organique,<br \/>\ninspir\u00e9e de l\u2019urbanisme. Les all\u00e9es s\u2019\u00e9largissent comme des<br \/>\nboulevards, puis se resserrent comme de petites ruelles plus<br \/>\nintimistes. Certaines <strong>\u00e9tag\u00e8res<\/strong> verticales \u00e9voquent<br \/>\ndes gratte-ciel miniatures, tandis que d\u2019autres rappellent des<br \/>\nmaisons de ville scandinaves.<\/p>\n<p>De grandes zones ouvertes, pens\u00e9es comme des places publiques,<br \/>\nponctuent le <strong>parcours<\/strong> pour inviter les visiteurs \u00e0<br \/>\nralentir, observer et d\u00e9couvrir les collections \u00e0 leur rythme. Un<br \/>\nconcept qui colle parfaitement \u00e0 l\u2019ADN de l\u2019enseigne, n\u00e9e \u00e0 Aarhus<br \/>\nen <strong>1973<\/strong> et devenue depuis un poids lourd europ\u00e9en<br \/>\navec plus de 400 magasins.<\/p>\n<blockquote class=\"instagram-media\" style=\"background: #ffffff;border: 0;margin: 1px;width: 100%;padding: 0;max-width: 500px;\" data-instgrm-permalink=\"https:\/\/www.instagram.com\/p\/DYcvVIaF3A0\/?hl=fr&amp;img_index=1\" data-instgrm-version=\"14\"\/><p>\nS\u00f8strene Grene : une ouverture festive<br \/>\nau Westfield Parly 2<\/p>\n<p>Pour c\u00e9l\u00e9brer cette arriv\u00e9e au <strong>Westfield Parly<br \/>\n2<\/strong>, <a href=\"https:\/\/www.lejournaldelamaison.fr\/le-journal-de-la-maison\/nouveautes\/produits\/etendoir-bambou-sostrene-grene-pepite-sublimer-deco-lieu-ruiner-498751.html\" rel=\"nofollow noopener\" target=\"_blank\"><br \/>\nS\u00f8strene Grene<\/a> a offert une inauguration en grande pompe. Les<br \/>\nvisiteurs ont d\u00e9couvert le magasin lors d\u2019un \u00e9v\u00e9nement sp\u00e9cial avec<br \/>\ntapis rouge, musique classique jou\u00e9e en direct et distribution de<br \/>\ncadeaux. \u00ab\u00a0Nous mettons tout en \u0153uvre pour faire de cette<br \/>\njourn\u00e9e d\u2019ouverture un moment festif et m\u00e9morable\u00a0\u00bb, assure<br \/>\n<strong>Mogens Link Schmidt,<\/strong> partenaire de S\u00f8strene Grene,<br \/>\n\u00e0 l\u2019origine de plus de 25 boutiques fran\u00e7aises. Cette ouverture est<br \/>\nla quatri\u00e8me de l\u2019enseigne en France en 2026, apr\u00e8s<br \/>\n<strong>Montpellier, Nancy et Bordeaux,<\/strong> confirmant<br \/>\nl\u2019app\u00e9tit du groupe pour le march\u00e9 fran\u00e7ais.<\/p>\n<p><script async src=\"\/\/www.instagram.com\/embed.js\"><\/script><\/p>\n","protected":false},"excerpt":{"rendered":"Longtemps r\u00e9serv\u00e9 aux initi\u00e9s f\u00e9rus de d\u00e9coration scandinave et d\u2019objets du quotidien \u00e0 prix doux, S\u00f8strene Grene continue&hellip;\n","protected":false},"author":2,"featured_media":1115864,"comment_status":"","ping_status":"","sticky":false,"template":"","format":"standard","meta":{"footnotes":"","_share_on_mastodon":"0"},"categories":[1888],"tags":[11,1777,674,1011,27,12,626,25,6055],"class_list":["post-1115863","post","type-post","status-publish","format-standard","has-post-thumbnail","category-paris","tag-actualites","tag-eu","tag-europe","tag-fr","tag-france","tag-news","tag-paris","tag-republique-francaise","tag-republishing"],"share_on_mastodon":{"url":"","error":""},"_links":{"self":[{"href":"https:\/\/www.europesays.com\/fr\/wp-json\/wp\/v2\/posts\/1115863","targetHints":{"allow":["GET"]}}],"collection":[{"href":"https:\/\/www.europesays.com\/fr\/wp-json\/wp\/v2\/posts"}],"about":[{"href":"https:\/\/www.europesays.com\/fr\/wp-json\/wp\/v2\/types\/post"}],"author":[{"embeddable":true,"href":"https:\/\/www.europesays.com\/fr\/wp-json\/wp\/v2\/users\/2"}],"replies":[{"embeddable":true,"href":"https:\/\/www.europesays.com\/fr\/wp-json\/wp\/v2\/comments?post=1115863"}],"version-history":[{"count":0,"href":"https:\/\/www.europesays.com\/fr\/wp-json\/wp\/v2\/posts\/1115863\/revisions"}],"wp:featuredmedia":[{"embeddable":true,"href":"https:\/\/www.europesays.com\/fr\/wp-json\/wp\/v2\/media\/1115864"}],"wp:attachment":[{"href":"https:\/\/www.europesays.com\/fr\/wp-json\/wp\/v2\/media?parent=1115863"}],"wp:term":[{"taxonomy":"category","embeddable":true,"href":"https:\/\/www.europesays.com\/fr\/wp-json\/wp\/v2\/categories?post=1115863"},{"taxonomy":"post_tag","embeddable":true,"href":"https:\/\/www.europesays.com\/fr\/wp-json\/wp\/v2\/tags?post=1115863"}],"curies":[{"name":"wp","href":"https:\/\/api.w.org\/{rel}","templated":true}]}}