{"id":111592,"date":"2025-05-19T11:12:25","date_gmt":"2025-05-19T11:12:25","guid":{"rendered":"https:\/\/www.europesays.com\/fr\/111592\/"},"modified":"2025-05-19T11:12:25","modified_gmt":"2025-05-19T11:12:25","slug":"plantes-gourmandises-et-zero-dechet-revivez-le-marche-de-printemps-2025","status":"publish","type":"post","link":"https:\/\/www.europesays.com\/fr\/111592\/","title":{"rendered":"Plantes, gourmandises et z\u00e9ro d\u00e9chet : revivez le March\u00e9 de Printemps 2025 !"},"content":{"rendered":"<p data-sourcepos=\"5:1-5:105\">Cr\u00e9dit Photos : Anais Gadeau, service Communication, ville de Roubaix<\/p>\n<p class=\"\" data-start=\"1065\" data-end=\"1386\">Le soleil \u00e9tait au rendez-vous ce dimanche 4 mai 2025 pour accueillir le grand retour du <strong data-start=\"1154\" data-end=\"1185\">March\u00e9 de Printemps Roubaix<\/strong> sur la Grand Place. Organis\u00e9 dans le cadre de la <strong data-start=\"1235\" data-end=\"1252\">Semaine Verte<\/strong>, cet \u00e9v\u00e9nement a une nouvelle fois mis la nature, le local et le z\u00e9ro d\u00e9chet \u00e0 l\u2019honneur, dans une ambiance chaleureuse et familiale.<\/p>\n<p>\ud83c\udf3f Des plantes pour tous les go\u00fbts<\/p>\n<p class=\"\" data-start=\"1428\" data-end=\"1704\">Plus d\u2019une quinzaine de <strong data-start=\"1452\" data-end=\"1496\">fleuristes, horticulteurs, p\u00e9pini\u00e9ristes<\/strong> et producteurs locaux ont propos\u00e9 une large gamme de plantes : fleurs en pots, arbustes, plantes aromatiques, semis, plants potagers\u2026 L\u2019occasion id\u00e9ale pour embellir balcons, jardins ou rebords de fen\u00eatres !<\/p>\n<p>\u267b\ufe0f Un march\u00e9 \u00e9co-responsable<\/p>\n<p class=\"\" data-start=\"1967\" data-end=\"2256\">Fid\u00e8le \u00e0 ses valeurs, le March\u00e9 de Printemps s\u2019est voulu <strong data-start=\"2024\" data-end=\"2069\">durable et respectueux de l\u2019environnement<\/strong>. De nombreux visiteurs sont venus avec leurs contenants r\u00e9utilisables pour transporter leurs trouvailles v\u00e9g\u00e9tales ou gourmandes. Une belle mani\u00e8re de promouvoir les gestes z\u00e9ro d\u00e9chet !<\/p>\n<p class=\"\" data-start=\"2258\" data-end=\"2528\">Du c\u00f4t\u00e9 des artisans, le public a pu d\u00e9couvrir des cr\u00e9ations locales et engag\u00e9es : vannerie en osier, savons naturels, objets en tissus recycl\u00e9s, champignons au crochet ou cache-pots upcycl\u00e9s propos\u00e9s par <strong data-start=\"2463\" data-end=\"2475\">Toupouss<\/strong>, tr\u00e8s appr\u00e9ci\u00e9s des amoureux de plantes d\u2019int\u00e9rieur.<\/p>\n<p>\ud83c\udf3b Ateliers et animations tout au long de la journ\u00e9e<\/p>\n<p class=\"\" data-start=\"2588\" data-end=\"2878\">Pour compl\u00e9ter la balade entre les stands, de nombreux <strong data-start=\"2643\" data-end=\"2664\">ateliers gratuits<\/strong> \u00e9taient propos\u00e9s aux petits comme aux grands. Semis bios, h\u00f4tels \u00e0 insectes, d\u00e9couverte de la permaculture, r\u00e9paration de v\u00e9los ou encore DIY cr\u00e9atifs\u2026 Le v\u00e9g\u00e9tal s\u2019est invit\u00e9 jusque dans les activit\u00e9s manuelles !<\/p>\n<p class=\"\" data-start=\"2880\" data-end=\"3199\">C\u00f4t\u00e9 ambiance, le public a pu applaudir <strong data-start=\"2920\" data-end=\"2933\">BACKSTAGE<\/strong>, le groupe de musique des agents de la Ville de Roubaix, qui a anim\u00e9 la Grand Place \u00e0 12h30 avec des reprises engag\u00e9es de la chanson fran\u00e7aise. Une <strong data-start=\"3082\" data-end=\"3103\">ferme p\u00e9dagogique<\/strong>, avec moutons, lapins et m\u00eame un \u00e2ne, a fait le bonheur des enfants tout au long de la journ\u00e9e.<\/p>\n<p>\ud83c\udf54 Un village gourmand et local<\/p>\n<p class=\"\" data-start=\"3238\" data-end=\"3603\">Paninis, burgers, limonades maison, cookies et gaufres li\u00e9geoises\u2026 Le <strong data-start=\"3308\" data-end=\"3328\">village gourmand<\/strong> a ravi les papilles avec une s\u00e9lection de produits savoureux. Parmi les stands remarqu\u00e9s : les bi\u00e8res artisanales de <strong data-start=\"3446\" data-end=\"3458\">Brewbaix<\/strong> et <strong data-start=\"3462\" data-end=\"3482\">\u00c9l\u00e9ments Brewing<\/strong>, les l\u00e9gumes de <strong data-start=\"3499\" data-end=\"3513\">El Cagette<\/strong>, ou encore les douceurs sucr\u00e9es propos\u00e9es par <strong data-start=\"3560\" data-end=\"3573\">M\u00e9l\u00e9fique<\/strong> et la <strong data-start=\"3580\" data-end=\"3602\">Coop\u00e9rative Baraka<\/strong>.<\/p>\n","protected":false},"excerpt":{"rendered":"Cr\u00e9dit Photos : Anais Gadeau, service Communication, ville de Roubaix Le soleil \u00e9tait au rendez-vous ce dimanche 4&hellip;\n","protected":false},"author":2,"featured_media":111593,"comment_status":"","ping_status":"","sticky":false,"template":"","format":"standard","meta":{"footnotes":""},"categories":[2815],"tags":[1111,11,1777,674,1011,27,10012,811,1307,13542,12,25,7940,9739,23088],"class_list":{"0":"post-111592","1":"post","2":"type-post","3":"status-publish","4":"format-standard","5":"has-post-thumbnail","7":"category-lille","8":"tag-actu","9":"tag-actualites","10":"tag-eu","11":"tag-europe","12":"tag-fr","13":"tag-france","14":"tag-grand-place","15":"tag-hauts-de-france","16":"tag-lille","17":"tag-marche-de-printemps","18":"tag-news","19":"tag-republique-francaise","20":"tag-roubaix","21":"tag-semaine-verte","22":"tag-zero-dechet"},"share_on_mastodon":{"url":"https:\/\/pubeurope.com\/@fr\/114534203338948416","error":""},"_links":{"self":[{"href":"https:\/\/www.europesays.com\/fr\/wp-json\/wp\/v2\/posts\/111592","targetHints":{"allow":["GET"]}}],"collection":[{"href":"https:\/\/www.europesays.com\/fr\/wp-json\/wp\/v2\/posts"}],"about":[{"href":"https:\/\/www.europesays.com\/fr\/wp-json\/wp\/v2\/types\/post"}],"author":[{"embeddable":true,"href":"https:\/\/www.europesays.com\/fr\/wp-json\/wp\/v2\/users\/2"}],"replies":[{"embeddable":true,"href":"https:\/\/www.europesays.com\/fr\/wp-json\/wp\/v2\/comments?post=111592"}],"version-history":[{"count":0,"href":"https:\/\/www.europesays.com\/fr\/wp-json\/wp\/v2\/posts\/111592\/revisions"}],"wp:featuredmedia":[{"embeddable":true,"href":"https:\/\/www.europesays.com\/fr\/wp-json\/wp\/v2\/media\/111593"}],"wp:attachment":[{"href":"https:\/\/www.europesays.com\/fr\/wp-json\/wp\/v2\/media?parent=111592"}],"wp:term":[{"taxonomy":"category","embeddable":true,"href":"https:\/\/www.europesays.com\/fr\/wp-json\/wp\/v2\/categories?post=111592"},{"taxonomy":"post_tag","embeddable":true,"href":"https:\/\/www.europesays.com\/fr\/wp-json\/wp\/v2\/tags?post=111592"}],"curies":[{"name":"wp","href":"https:\/\/api.w.org\/{rel}","templated":true}]}}