{"id":1115944,"date":"2026-08-08T17:13:16","date_gmt":"2026-08-08T17:13:16","guid":{"rendered":"https:\/\/www.europesays.com\/fr\/1115944\/"},"modified":"2026-08-08T17:13:16","modified_gmt":"2026-08-08T17:13:16","slug":"hebergement-durgence-letat-condamne-a-verser-pres-de-540-000-euros-a-la-ville-de-strasbourg","status":"publish","type":"post","link":"https:\/\/www.europesays.com\/fr\/1115944\/","title":{"rendered":"H\u00e9bergement d&rsquo;urgence : l&rsquo;\u00c9tat condamn\u00e9 \u00e0 verser pr\u00e8s de 540.000 euros \u00e0 la ville de Strasbourg"},"content":{"rendered":"<p>\n    La justice administrative a estim\u00e9 que l\u2019\u00c9tat devait rembourser des frais avanc\u00e9s par la ville de Strasbourg pour l\u2019h\u00e9bergement de plusieurs personnes sans abri dans un gymnase municipal.<\/p>\n<p class=\"fig-paragraph\">La justice administrative a condamn\u00e9 l&rsquo;\u00c9tat \u00e0 indemniser \u00e0 hauteur de plus de 500.000 euros la ville de\u00a0<a href=\"http:\/\/www.lefigaro.fr\/politique\/on-s-autorise-a-etre-plus-sympa-les-uns-avec-les-autres-dans-le-tgv-paris-strasbourg-les-eurodeputes-au-dela-des-clivages-20260805\" target=\"_blank\" data-fig-type=\"Article\" rel=\"noopener nofollow\" data-gtm-custom-categorie=\"navigation\" data-gtm-custom-action=\"crossclick\" data-gtm-custom-label=\"Contextuel\" data-gtm-event=\"customEventSPE\" data-fig-domain=\"LEFIGARO\">Strasbourg<\/a>, qui le poursuivait avec quatre autres grandes municipalit\u00e9s pour \u00abcarence\u00bb en mati\u00e8re d&rsquo;h\u00e9bergement d&rsquo;urgence.<\/p>\n<p class=\"fig-paragraph\">L&rsquo;\u00c9tat est condamn\u00e9 \u00e0 verser 242.284 euros \u00e0 la commune ainsi que 294.669 au Centre communal d&rsquo;action sociale (CCAS) de la ville, auxquels s&rsquo;ajoutent 3000 euros pour frais de proc\u00e8s, indique le tribunal administratif de Strasbourg dans sa d\u00e9cision dat\u00e9e du 28 juillet que l&rsquo;AFP a pu consulter samedi, confirmant une information du m\u00e9dia\u00a0<a href=\"https:\/\/www.rue89strasbourg.com\/hebergement-urgence-strasbourg-etat-condamnation-carence-394439\" target=\"_blank\" rel=\"nofollow noopener\" data-gtm-custom-categorie=\"navigation\" data-gtm-custom-action=\"crossclick\" data-gtm-custom-label=\"Contextuel\" data-gtm-event=\"customEventSPE\">Rue89 Strasbourg<\/a> .<\/p>\n<p>                                            <a class=\"fig-a11y-skip\" href=\"#fig-a11y-skip-main-inarticle\" is=\"fig-a11y-skip\" data-trigger-mode=\"visible-once\"><br \/>\n    Passer la publicit\u00e9<br \/>\n<\/a>            <\/p>\n<p class=\"fig-paragraph\">Ces sommes, qui repr\u00e9sentent au total pr\u00e8s de 540.000 euros, correspondent aux frais d&rsquo;h\u00e9bergement dans un gymnase municipal de plusieurs personnes sans abri, \u00e0 la suite notamment des \u00e9vacuations successives d&rsquo;un campement du centre de la ville, entre 2022 et 2023.<\/p>\n<p>                                            Un h\u00e9bergement \u00ab\u00e0 la hauteur des besoins\u00bb<\/p>\n<p class=\"fig-paragraph\">La ville de Strasbourg, qui soutenait que \u00abla carence de l&rsquo;\u00c9tat \u00e0 exercer sa comp\u00e9tence\u00bb en mati\u00e8re d&rsquo;h\u00e9bergement d&rsquo;urgence \u00e9tait \u00abfautive\u00bb, est \u00abfond\u00e9e \u00e0 demander \u00e0 l&rsquo;\u00c9tat\u00bb un remboursement de la majorit\u00e9 des frais avanc\u00e9s, a estim\u00e9 le tribunal dans son jugement.<\/p>\n<p class=\"fig-paragraph\">\u00abLa d\u00e9cision est claire\u00a0: l&rsquo;\u00c9tat n&rsquo;a pas respect\u00e9 ses obligations l\u00e9gales en laissant des familles enti\u00e8res \u00e0 la rue et en refusant de financer l&rsquo;h\u00e9bergement d&rsquo;urgence \u00e0 la hauteur des besoins\u00bb, a r\u00e9agi dans un communiqu\u00e9 l&rsquo;ancienne maire \u00e9cologiste de Strasbourg,\u00a0<a href=\"http:\/\/www.lefigaro.fr\/elections\/municipales\/municipales-a-strasbourg-la-verte-sortante-jeanne-barseghian-face-au-retour-de-l-ancienne-maire-catherine-trautmann-20260316\" target=\"_blank\" data-fig-type=\"Article\" rel=\"noopener nofollow\" data-gtm-custom-categorie=\"navigation\" data-gtm-custom-action=\"crossclick\" data-gtm-custom-label=\"Contextuel\" data-gtm-event=\"customEventSPE\" data-fig-domain=\"LEFIGARO\">Jeanne Barseghian<\/a>, qui avait initi\u00e9 le recours pendant son mandat.<\/p>\n<p>                                            Syst\u00e8me jug\u00e9 \u00ab\u00e0 bout de souffle\u00bb<\/p>\n<p class=\"fig-paragraph\">\u00abAlors qu&rsquo;aujourd&rsquo;hui des enfants, des femmes, des hommes dorment \u00e0 la rue par centaines\u00bb, ce jugement doit \u00abpousser la ville \u00e0 les mettre \u00e0 l&rsquo;abri imm\u00e9diatement, et \u00e0 demander le remboursement de ces h\u00e9bergements \u00e0 l&rsquo;\u00c9tat\u00bb, a de son c\u00f4t\u00e9 soulign\u00e9 son ancienne adjointe aux solidarit\u00e9s, Floriane Varieras.<\/p>\n<p class=\"fig-paragraph\">Quatre mairies \u00e9cologistes (Grenoble, Lyon, Bordeaux et Strasbourg) et une socialiste (Rennes) avaient lanc\u00e9 une\u00a0<a href=\"http:\/\/www.lefigaro.fr\/cinq-grandes-villes-poursuivent-l-etat-pour-sa-gestion-de-l-hebergement-d-urgence-20240215\" target=\"_blank\" data-fig-type=\"NewsFlash\" rel=\"noopener nofollow\" data-gtm-custom-categorie=\"navigation\" data-gtm-custom-action=\"crossclick\" data-gtm-custom-label=\"Contextuel\" data-gtm-event=\"customEventSPE\" data-fig-domain=\"LEFIGARO\">action en justice contre l&rsquo;\u00c9tat en f\u00e9vrier 2024<\/a>\u00a0afin de r\u00e9clamer la \u00abrefonte\u00bb d&rsquo;un syst\u00e8me jug\u00e9 \u00ab\u00e0 bout de souffle\u00bb. En mars et novembre 2025, l&rsquo;\u00c9tat avait d\u00e9j\u00e0 \u00e9t\u00e9 condamn\u00e9 pour \u00abcarence fautive\u00bb \u00e0 indemniser les villes de Grenoble et Bordeaux.<\/p>\n","protected":false},"excerpt":{"rendered":"La justice administrative a estim\u00e9 que l\u2019\u00c9tat devait rembourser des frais avanc\u00e9s par la ville de Strasbourg pour&hellip;\n","protected":false},"author":2,"featured_media":1115945,"comment_status":"","ping_status":"","sticky":false,"template":"","format":"standard","meta":{"footnotes":"","_share_on_mastodon":"0"},"categories":[2820],"tags":[1111,11,1777,674,1011,27,775,5222,12,25,640],"class_list":["post-1115944","post","type-post","status-publish","format-standard","has-post-thumbnail","category-strasbourg","tag-actu","tag-actualites","tag-eu","tag-europe","tag-fr","tag-france","tag-grand-est","tag-hebergement","tag-news","tag-republique-francaise","tag-strasbourg"],"share_on_mastodon":{"url":"https:\/\/pubeurope.com\/@fr\/117061013286446964","error":""},"_links":{"self":[{"href":"https:\/\/www.europesays.com\/fr\/wp-json\/wp\/v2\/posts\/1115944","targetHints":{"allow":["GET"]}}],"collection":[{"href":"https:\/\/www.europesays.com\/fr\/wp-json\/wp\/v2\/posts"}],"about":[{"href":"https:\/\/www.europesays.com\/fr\/wp-json\/wp\/v2\/types\/post"}],"author":[{"embeddable":true,"href":"https:\/\/www.europesays.com\/fr\/wp-json\/wp\/v2\/users\/2"}],"replies":[{"embeddable":true,"href":"https:\/\/www.europesays.com\/fr\/wp-json\/wp\/v2\/comments?post=1115944"}],"version-history":[{"count":0,"href":"https:\/\/www.europesays.com\/fr\/wp-json\/wp\/v2\/posts\/1115944\/revisions"}],"wp:featuredmedia":[{"embeddable":true,"href":"https:\/\/www.europesays.com\/fr\/wp-json\/wp\/v2\/media\/1115945"}],"wp:attachment":[{"href":"https:\/\/www.europesays.com\/fr\/wp-json\/wp\/v2\/media?parent=1115944"}],"wp:term":[{"taxonomy":"category","embeddable":true,"href":"https:\/\/www.europesays.com\/fr\/wp-json\/wp\/v2\/categories?post=1115944"},{"taxonomy":"post_tag","embeddable":true,"href":"https:\/\/www.europesays.com\/fr\/wp-json\/wp\/v2\/tags?post=1115944"}],"curies":[{"name":"wp","href":"https:\/\/api.w.org\/{rel}","templated":true}]}}