{"id":111596,"date":"2025-05-19T11:14:08","date_gmt":"2025-05-19T11:14:08","guid":{"rendered":"https:\/\/www.europesays.com\/fr\/111596\/"},"modified":"2025-05-19T11:14:08","modified_gmt":"2025-05-19T11:14:08","slug":"une-enseignante-du-lycee-saint-exupery-percutee-par-une-audi-rs6-apres-un-rodeo","status":"publish","type":"post","link":"https:\/\/www.europesays.com\/fr\/111596\/","title":{"rendered":"Une enseignante du lyc\u00e9e Saint-Exup\u00e9ry percut\u00e9e par une Audi RS6 apr\u00e8s un rod\u00e9o"},"content":{"rendered":"<p>La puissance Audi blanche immatricul\u00e9e en Allemagne avait \u00e9t\u00e9 rep\u00e9r\u00e9e d\u00e8s 8h, ce matin du lundi 19 mai, alors qu&rsquo;elle effectuait <a href=\"https:\/\/www.laprovence.com\/article\/faits-divers-justice\/4383693442659714\/un-gendarme-volontairement-percute-par-un-motard-lors-dun-rodeo-urbain-pres-de-nancy\" target=\"_blank\" rel=\"noopener\">des rod\u00e9os dans les quartiers nord de Marseille<\/a>. Cette RS6 au comportement toujours dangereux est finalement r\u00e9apparue chemin de la Madrague-Ville vers 11h, o\u00f9 elle a fini par renverser une jeune femme qui traversait la route devant le lyc\u00e9e Saint-Exup\u00e9ry, dans le 15e arrondissement.<\/p>\n<p>Le conducteur de la berline s&rsquo;est aussit\u00f4t arr\u00eat\u00e9, tandis que les marins-pompiers \u00e9taient appel\u00e9s au secours de la victime, une enseignante du lyc\u00e9e, bless\u00e9e \u00e0 la cheville.<\/p>\n<p>La berline dispara\u00eet avant l&rsquo;arriv\u00e9e de la police<\/p>\n<p>Mais avant que la police n&rsquo;ait le temps d&rsquo;arriver sur les lieux de l&rsquo;accident, plusieurs personnes ont rejoint le conducteur afin de r\u00e9cup\u00e9rer la voiture en cause. La berline, dont l&rsquo;aile et le capot avaient \u00e9t\u00e9 endommag\u00e9s par l&rsquo;impact avec la jeune femme, est repartie sans son conducteur, qui a attendu la police et devait faire l&rsquo;objet d&rsquo;une convocation ult\u00e9rieure.<\/p>\n<p>Dans le m\u00eame temps, un \u00e9quipage de la police municipale est parti \u00e0 la recherche de l&rsquo;Audi. <a href=\"https:\/\/www.laprovence.com\/article\/politique\/1750171471229815\/rodeos-urbains-bruno-retailleau-veut-une-generalisation-des-prises-en-chasse-des-contrevenants\" target=\"_blank\" rel=\"noopener\">Gr\u00e2ce \u00e0 des t\u00e9moins, les agents ont fini par retrouver la voiture<\/a>, dissimul\u00e9e dans la cit\u00e9 de Campagne L\u00e9v\u00eaque, \u00e0 500 m\u00e8tres de l&rsquo;\u00e9tablissement scolaire. La RS6 a \u00e9t\u00e9 saisie et emmen\u00e9e sous escorte par la fourri\u00e8re.<\/p>\n<p>La victime, \u00e2g\u00e9e de 30 ans, a \u00e9t\u00e9 transport\u00e9e \u00e0 l&rsquo;h\u00f4pital par les marins-pompiers.<\/p>\n","protected":false},"excerpt":{"rendered":"La puissance Audi blanche immatricul\u00e9e en Allemagne avait \u00e9t\u00e9 rep\u00e9r\u00e9e d\u00e8s 8h, ce matin du lundi 19 mai,&hellip;\n","protected":false},"author":2,"featured_media":111597,"comment_status":"","ping_status":"","sticky":false,"template":"","format":"standard","meta":{"footnotes":""},"categories":[2814],"tags":[17,1111,11,10147,1777,674,274,1011,27,2633,884,12,5912,18691,882,25,7056,96],"class_list":{"0":"post-111596","1":"post","2":"type-post","3":"status-publish","4":"format-standard","5":"has-post-thumbnail","7":"category-marseille","8":"tag-17","9":"tag-actu","10":"tag-actualites","11":"tag-enseignante","12":"tag-eu","13":"tag-europe","14":"tag-faits-divers-justice","15":"tag-fr","16":"tag-france","17":"tag-lycee","18":"tag-marseille","19":"tag-news","20":"tag-par","21":"tag-percutee","22":"tag-provence-alpes-cote-dazur","23":"tag-republique-francaise","24":"tag-saint-exupery","25":"tag-une"},"share_on_mastodon":{"url":"https:\/\/pubeurope.com\/@fr\/114534211016643510","error":""},"_links":{"self":[{"href":"https:\/\/www.europesays.com\/fr\/wp-json\/wp\/v2\/posts\/111596","targetHints":{"allow":["GET"]}}],"collection":[{"href":"https:\/\/www.europesays.com\/fr\/wp-json\/wp\/v2\/posts"}],"about":[{"href":"https:\/\/www.europesays.com\/fr\/wp-json\/wp\/v2\/types\/post"}],"author":[{"embeddable":true,"href":"https:\/\/www.europesays.com\/fr\/wp-json\/wp\/v2\/users\/2"}],"replies":[{"embeddable":true,"href":"https:\/\/www.europesays.com\/fr\/wp-json\/wp\/v2\/comments?post=111596"}],"version-history":[{"count":0,"href":"https:\/\/www.europesays.com\/fr\/wp-json\/wp\/v2\/posts\/111596\/revisions"}],"wp:featuredmedia":[{"embeddable":true,"href":"https:\/\/www.europesays.com\/fr\/wp-json\/wp\/v2\/media\/111597"}],"wp:attachment":[{"href":"https:\/\/www.europesays.com\/fr\/wp-json\/wp\/v2\/media?parent=111596"}],"wp:term":[{"taxonomy":"category","embeddable":true,"href":"https:\/\/www.europesays.com\/fr\/wp-json\/wp\/v2\/categories?post=111596"},{"taxonomy":"post_tag","embeddable":true,"href":"https:\/\/www.europesays.com\/fr\/wp-json\/wp\/v2\/tags?post=111596"}],"curies":[{"name":"wp","href":"https:\/\/api.w.org\/{rel}","templated":true}]}}