{"id":1115968,"date":"2026-08-08T17:26:14","date_gmt":"2026-08-08T17:26:14","guid":{"rendered":"https:\/\/www.europesays.com\/fr\/1115968\/"},"modified":"2026-08-08T17:26:14","modified_gmt":"2026-08-08T17:26:14","slug":"pres-de-lyon-les-vins-guigal-font-rayonner-le-cote-rotie-dans-plus-dune-centaine-de-pays","status":"publish","type":"post","link":"https:\/\/www.europesays.com\/fr\/1115968\/","title":{"rendered":"Pr\u00e8s de Lyon, les vins Guigal font rayonner le C\u00f4te-R\u00f4tie dans plus d&rsquo;une centaine de pays"},"content":{"rendered":"<p>Une r\u00e9ussite familiale, fruit du travail de trois g\u00e9n\u00e9rations, depuis sa cr\u00e9ation en 1946 par Etienne Guigal. Un petit empire dirig\u00e9 aujourd\u2019hui par Marcel et Philippe, fils et petit-fils, depuis le ch\u00e2teau d\u2019Ampuis, au sud de Vienne, berceau de l\u2019appellation C\u00f4te-R\u00f4tie.<\/p>\n<p>                                CP<br \/>\n                                                                                                                Par <a href=\"https:\/\/www.valeursactuelles.com\/auteur\/caroline-perrot\" rel=\"nofollow noopener\" target=\"_blank\">Caroline Perrot<\/a><\/p>\n<p>                                        Publi\u00e9 le 8 ao\u00fbt 2026 \u00e0 18h00                                    <\/p>\n<p>                                    2 min \u00b7 lecture<\/p>\n<p>                                        \u00c9couter                                    <\/p>\n<p>\u00ab Un mill\u00e9sime solaire qui se pr\u00e9sente sous ses meilleurs auspices \u00bb, affirme \u00e0 Valeurs Actuelles Philippe Guigal, codirigeant, avec son p\u00e8re, Marcel, de la Maison \u00e9ponyme. Des vendanges qui s\u2019annoncent pr\u00e9coces cette ann\u00e9e en raison de la s\u00e9cheresse, mais qui n\u2019affectent pas l\u2019optimisme du vigneron n\u00e9gociant hyperactif. Car il en faut de l\u2019\u00e9nergie quand <a href=\"https:\/\/www.valeursactuelles.com\/clubvaleurs\/economie\/le-vin-francais-trinque-face-aux-crises\" target=\"_blank\" rel=\"noopener nofollow\">les ventes \u00e0 l\u2019\u00e9tranger<\/a> repr\u00e9sentent 55 % des volumes et sont pr\u00e9sents dans 137 pays. Des vins de la vall\u00e9e du Rh\u00f4ne qui s\u00e9duisent Am\u00e9ricains, Canadiens, Anglais et m\u00eame Indiens. \u00ab Nous sommes pr\u00e9sents depuis longtemps en Inde et ce malgr\u00e9 une taxe de 400% qui devrait peu \u00e0 peu baisser durant les dix prochaines ann\u00e9es \u00bb, selon lui. M\u00eame la baisse mondiale de la consommation de vin n\u2019affecte pas un moral d\u2019acier et une volont\u00e9 propre \u00e0 l\u2019ADN familial.<\/p>\n<p><a href=\"https:\/\/www.valeursactuelles.com\/clubvaleurs\/regions\/provence-alpes-cote-dazur\/bouches-du-rhone\/na\/art-de-vivre\/a-cassis-le-gout-du-vin-de-terroir-mele-aux-traditions-provencales\" class=\"va-alire\" rel=\"nofollow noopener\" target=\"_blank\">\u00c0 lireA Cassis, le go\u00fbt du vin de terroir m\u00eal\u00e9 aux traditions proven\u00e7ales<\/a><\/p>\n<p>Car aujourd\u2019hui au ch\u00e2teau d\u2019Ampuis, au c\u0153ur des vignes des r\u00e9put\u00e9s C\u00f4te-R\u00f4tie, Philippe et son \u00e9pouse Eve repr\u00e9sentent la troisi\u00e8me g\u00e9n\u00e9ration de la maison de n\u00e9goce et d\u2019\u00e9levage des vins, qui s\u2019\u00e9tendent sur la quasi-totalit\u00e9 de la vall\u00e9e du Rh\u00f4ne. C\u00f4tes du Rh\u00f4ne, <a href=\"https:\/\/www.valeursactuelles.com\/societe\/les-climats-la-petite-bourgogne\" target=\"_blank\" rel=\"noopener nofollow\">Crozes-Hermitage<\/a>, Saint-Joseph, Gigondas, <a href=\"https:\/\/www.valeursactuelles.com\/economie\/un-vignoble-sous-forme-de-parts\" target=\"_blank\" rel=\"noopener nofollow\">Ch\u00e2teauneuf-du-Pape<\/a>, Hermitage, Condrieu\u2026 et C\u00f4te-R\u00f4tie brune et blonde. Avec un fleuron, la fameuse trilogie : La Turque, la Mouline et la Landonne. Aujourd\u2019hui, l\u2019heure est la c\u00e9l\u00e9bration de l\u2019arriv\u00e9e de la petite derni\u00e8re pour former la quadrilogie : la Reynarde. \u00ab La premi\u00e8re r\u00e9colte remonte \u00e0 2022 et elle est commercialis\u00e9e depuis f\u00e9vrier dernier \u00bb, explique le vigneron.<\/p>\n<p>L\u2019arriv\u00e9e de la Reynarde prend tout son sens avec la pr\u00e9sence imminente de la quatri\u00e8me g\u00e9n\u00e9ration. En effet, parents de jumeaux, encore adolescents, ces derniers vouent d\u00e9j\u00e0 une app\u00e9tence particuli\u00e8re pour les vignobles familiaux. Et son d\u00e9veloppement r\u00e9current avec encore une acquisition r\u00e9cente : le domaine Tavel. \u00ab Nous constatons une lassitude des ros\u00e9s de soif au profit des ros\u00e9s terroir \u00bb, confie Philippe Guigal, par ailleurs pr\u00e9sident de l\u2019association internationale des ros\u00e9s de terroirs. Un vin empreint d\u2019une nouvelle tendance qui devrait aussi s\u2019exporter ais\u00e9ment. Que de chemin parcouru depuis la naissance de la Maison, en 1946 par Etienne Guigal, au c\u0153ur des r\u00e9put\u00e9s C\u00f4te-R\u00f4tie.<\/p>\n<p><a href=\"https:\/\/www.valeursactuelles.com\/regions\/nouvelle-aquitaine\/gironde\/na\/art-de-vivre\/chateau-haut-brion-lexception-historique-des-grands-vins-de-bordeaux\" class=\"va-alire\" rel=\"nofollow noopener\" target=\"_blank\">\u00c0 lireCh\u00e2teau Haut-Brion : l\u2019exception historique des grands vins de Bordeaux<\/a>                                                    <\/p>\n","protected":false},"excerpt":{"rendered":"Une r\u00e9ussite familiale, fruit du travail de trois g\u00e9n\u00e9rations, depuis sa cr\u00e9ation en 1946 par Etienne Guigal. Un&hellip;\n","protected":false},"author":2,"featured_media":1115969,"comment_status":"","ping_status":"","sticky":false,"template":"","format":"standard","meta":{"footnotes":"","_share_on_mastodon":"0"},"categories":[1889],"tags":[1111,11,327,2430,1777,674,1011,27,2428,12,25,81091,1662,114668],"class_list":["post-1115968","post","type-post","status-publish","format-standard","has-post-thumbnail","category-lyon","tag-actu","tag-actualites","tag-agriculture","tag-auvergne-rhone-alpes","tag-eu","tag-europe","tag-fr","tag-france","tag-lyon","tag-news","tag-republique-francaise","tag-vignobles","tag-vin","tag-viticulteur"],"share_on_mastodon":{"url":"https:\/\/pubeurope.com\/@fr\/117061064338401867","error":""},"_links":{"self":[{"href":"https:\/\/www.europesays.com\/fr\/wp-json\/wp\/v2\/posts\/1115968","targetHints":{"allow":["GET"]}}],"collection":[{"href":"https:\/\/www.europesays.com\/fr\/wp-json\/wp\/v2\/posts"}],"about":[{"href":"https:\/\/www.europesays.com\/fr\/wp-json\/wp\/v2\/types\/post"}],"author":[{"embeddable":true,"href":"https:\/\/www.europesays.com\/fr\/wp-json\/wp\/v2\/users\/2"}],"replies":[{"embeddable":true,"href":"https:\/\/www.europesays.com\/fr\/wp-json\/wp\/v2\/comments?post=1115968"}],"version-history":[{"count":0,"href":"https:\/\/www.europesays.com\/fr\/wp-json\/wp\/v2\/posts\/1115968\/revisions"}],"wp:featuredmedia":[{"embeddable":true,"href":"https:\/\/www.europesays.com\/fr\/wp-json\/wp\/v2\/media\/1115969"}],"wp:attachment":[{"href":"https:\/\/www.europesays.com\/fr\/wp-json\/wp\/v2\/media?parent=1115968"}],"wp:term":[{"taxonomy":"category","embeddable":true,"href":"https:\/\/www.europesays.com\/fr\/wp-json\/wp\/v2\/categories?post=1115968"},{"taxonomy":"post_tag","embeddable":true,"href":"https:\/\/www.europesays.com\/fr\/wp-json\/wp\/v2\/tags?post=1115968"}],"curies":[{"name":"wp","href":"https:\/\/api.w.org\/{rel}","templated":true}]}}