{"id":111598,"date":"2025-05-19T11:15:09","date_gmt":"2025-05-19T11:15:09","guid":{"rendered":"https:\/\/www.europesays.com\/fr\/111598\/"},"modified":"2025-05-19T11:15:09","modified_gmt":"2025-05-19T11:15:09","slug":"vol-et-recel-de-vol-le-procureur-de-marseille-aneantit-la-defense-de-delogu-et-des-lfi","status":"publish","type":"post","link":"https:\/\/www.europesays.com\/fr\/111598\/","title":{"rendered":"Vol et recel de vol : le procureur de Marseille an\u00e9antit la d\u00e9fense de Delogu et des LFI"},"content":{"rendered":"<p>                                            Politique\n                                                                            <\/p>\n<p>\n                                            Le d\u00e9put\u00e9 S\u00e9bastien Delogu fait l\u2019objet d\u2019une enqu\u00eate pr\u00e9liminaire des chefs de \u00ab vol, recel de vol, harc\u00e8lement moral et mise en danger par r\u00e9v\u00e9lation d\u2019informations relatives \u00e0 la vie priv\u00e9e \u00bb, a annonc\u00e9 le parquet de Marseille.                                        <\/p>\n<p>                                                Publi\u00e9 le 19 mai 2025 \u00e0 12h52                                                                                            <\/p>\n<p>                                            <img loading=\"lazy\" width=\"1024\" height=\"681\" src=\"https:\/\/www.europesays.com\/fr\/wp-content\/uploads\/2025\/05\/SIPA_01205201_0000011.jpg\" class=\"attachment-post-thumbnail size-post-thumbnail wp-post-image lazy\" alt=\"S\u00e9bastien Delogu est au c\u0153ur de deux enqu\u00eates pr\u00e9liminaires men\u00e9es par le parquet de Marseille. PHOTO \u00a9 NICOLAS MESSYASZ\/SIPA\" decoding=\"async\"  data-\/><\/p>\n<p>                                            S\u00e9bastien Delogu est au c\u0153ur de deux enqu\u00eates pr\u00e9liminaires men\u00e9es par le parquet de Marseille. PHOTO \u00a9 NICOLAS MESSYASZ\/SIPA<\/p>\n<p>La France insoumise s\u2019est scandalis\u00e9e d\u2019une \u00ab <a href=\"https:\/\/www.valeursactuelles.com\/regions\/provence-alpes-cote-dazur\/bouches-du-rhone\/marseille\/faits-divers\/vol-recel-de-vol-et-mise-en-danger-le-depute-lfi-sebastien-delogu-perquisitionne\" target=\"_blank\" rel=\"noopener sponsored\">campagne d\u2019intimidation<\/a> \u00bb contre le d\u00e9put\u00e9 marseillais, <a href=\"https:\/\/www.valeursactuelles.com\/clubvaleurs\/politique\/generation-lfi-les-heritiers-du-chaos\" target=\"_blank\" rel=\"noopener sponsored\">S\u00e9bastien Delogu<\/a>, apr\u00e8s la perquisition de son domicile et de sa permanence. Une d\u00e9fense mise \u00e0 bas par un communiqu\u00e9 de presse du procureur de Marseille, diffus\u00e9 ce lundi. Celui-ci annonce que, contrairement \u00e0 ce qu\u2019a proclam\u00e9 le d\u00e9put\u00e9, celui-ci est poursuivi dans le cadre d\u2019une enqu\u00eate pr\u00e9liminaire pour \u00ab vol, recel de vol, harc\u00e8lement moral par utilisation d\u2019un service de communication en ligne, mise en danger par r\u00e9v\u00e9lation d\u2019informations relatives \u00e0 la vie priv\u00e9e par voie de communication en ligne, atteinte au secret des correspondances \u00bb.<\/p>\n<p><a href=\"https:\/\/www.valeursactuelles.com\/politique\/eurovision-le-depute-lfi-aymeric-caron-provoque-une-polemique-en-accusant-les-propagandistes-disrael-davoir-truque-le-concours\" class=\"h-flex h-align-items-center h-border-tb h-ptb-15\" target=\"_blank\" rel=\"noopener\">A\u00a0LIRE\u00a0Eurovision : le d\u00e9put\u00e9 LFI Aymeric Caron provoque une pol\u00e9mique en accusant \u00ab les propagandistes d\u2019Isra\u00ebl \u00bb d\u2019avoir truqu\u00e9 le concours<\/a><\/p>\n<p>L\u2019enqu\u00eate a \u00e9t\u00e9 ouverte suite \u00e0 la plainte d\u2019Isidore Aragones, avocat et ex-pr\u00e9sident du CRIF, qui accuse S\u00e9bastien Delogu d\u2019avoir diffus\u00e9 sur Instagram \u00ab une grande partie des documents d\u00e9rob\u00e9s, en \u00e9voquant ses liens avec l\u2019\u00c9tat d\u2019Isra\u00ebl, ainsi que ses projets financiers personnels, et en pr\u00e9cisant que des gens bienveillants les leur avaient transmis \u00bb. Ces documents ayant trait \u00e0 la vie priv\u00e9e d\u2019Isidore Aragones ont \u00e9t\u00e9 vol\u00e9s dans les locaux de la soci\u00e9t\u00e9 Laser Propr\u00e9t\u00e9 qu\u2019il a bri\u00e8vement dirig\u00e9e du 12 septembre au 2 octobre 2024, apr\u00e8s qu\u2019une centaine de salari\u00e9s en gr\u00e8ve ont envahi les locaux.<\/p>\n<\/p>\n<p>Une deuxi\u00e8me enqu\u00eate est en cours<\/p>\n<p>Au cours de la perquisition au domicile et \u00e0 la permanence de S\u00e9bastien Delogu, survenue jeudi 15 mai, deux documents vol\u00e9s ont \u00e9t\u00e9 retrouv\u00e9s par les enqu\u00eateurs, a r\u00e9v\u00e9l\u00e9 <a href=\"https:\/\/www.lecanardenchaine.fr\/police-justice\/50879-des-documents-voles-decouverts-par-la-police-chez-le-depute-sebastien-delogu\" target=\"_blank\" rel=\"nofollow noopener\">le Canard encha\u00een\u00e9<\/a>, dimanche 18 mai.<\/p>\n<p>Ainsi, contrairement \u00e0 ce qu\u2019a clam\u00e9 le d\u00e9put\u00e9 insoumis, les perquisitions men\u00e9es n\u2019avaient aucun lien avec l\u2019article 40 du Code p\u00e9nal qui ordonne \u00e0 \u00ab tout officier public ou fonctionnaire qui, dans l\u2019exercice de ses fonctions, acquiert la connaissance d\u2019un crime ou d\u2019un d\u00e9lit est tenu d\u2019en donner avis sans d\u00e9lai au procureur de la R\u00e9publique \u00bb. Le parquet de Marseille pr\u00e9cise qu\u2019une autre enqu\u00eate sur les documents transmis dans ce cadre est toujours en cours. Elle porte sur des soup\u00e7ons de \u00ab faux et usage de faux, abus de biens sociaux, escroqueries aux organismes sociaux et travail dissimul\u00e9 \u00bb de la part des dirigeants de la soci\u00e9t\u00e9 Laser Propret\u00e9.<\/p>\n","protected":false},"excerpt":{"rendered":"Politique Le d\u00e9put\u00e9 S\u00e9bastien Delogu fait l\u2019objet d\u2019une enqu\u00eate pr\u00e9liminaire des chefs de \u00ab vol, recel de vol,&hellip;\n","protected":false},"author":2,"featured_media":111599,"comment_status":"","ping_status":"","sticky":false,"template":"","format":"standard","meta":{"footnotes":""},"categories":[2814],"tags":[1111,11,1067,1777,674,1011,27,2338,884,12,15860,2402,882,25,10338,1175],"class_list":{"0":"post-111598","1":"post","2":"type-post","3":"status-publish","4":"format-standard","5":"has-post-thumbnail","7":"category-marseille","8":"tag-actu","9":"tag-actualites","10":"tag-enquete","11":"tag-eu","12":"tag-europe","13":"tag-fr","14":"tag-france","15":"tag-la-france-insoumise","16":"tag-marseille","17":"tag-news","18":"tag-parquet","19":"tag-perquisition","20":"tag-provence-alpes-cote-dazur","21":"tag-republique-francaise","22":"tag-sebastien-delogu","23":"tag-vol"},"share_on_mastodon":{"url":"https:\/\/pubeurope.com\/@fr\/114534214833728276","error":""},"_links":{"self":[{"href":"https:\/\/www.europesays.com\/fr\/wp-json\/wp\/v2\/posts\/111598","targetHints":{"allow":["GET"]}}],"collection":[{"href":"https:\/\/www.europesays.com\/fr\/wp-json\/wp\/v2\/posts"}],"about":[{"href":"https:\/\/www.europesays.com\/fr\/wp-json\/wp\/v2\/types\/post"}],"author":[{"embeddable":true,"href":"https:\/\/www.europesays.com\/fr\/wp-json\/wp\/v2\/users\/2"}],"replies":[{"embeddable":true,"href":"https:\/\/www.europesays.com\/fr\/wp-json\/wp\/v2\/comments?post=111598"}],"version-history":[{"count":0,"href":"https:\/\/www.europesays.com\/fr\/wp-json\/wp\/v2\/posts\/111598\/revisions"}],"wp:featuredmedia":[{"embeddable":true,"href":"https:\/\/www.europesays.com\/fr\/wp-json\/wp\/v2\/media\/111599"}],"wp:attachment":[{"href":"https:\/\/www.europesays.com\/fr\/wp-json\/wp\/v2\/media?parent=111598"}],"wp:term":[{"taxonomy":"category","embeddable":true,"href":"https:\/\/www.europesays.com\/fr\/wp-json\/wp\/v2\/categories?post=111598"},{"taxonomy":"post_tag","embeddable":true,"href":"https:\/\/www.europesays.com\/fr\/wp-json\/wp\/v2\/tags?post=111598"}],"curies":[{"name":"wp","href":"https:\/\/api.w.org\/{rel}","templated":true}]}}