{"id":111602,"date":"2025-05-19T11:17:10","date_gmt":"2025-05-19T11:17:10","guid":{"rendered":"https:\/\/www.europesays.com\/fr\/111602\/"},"modified":"2025-05-19T11:17:10","modified_gmt":"2025-05-19T11:17:10","slug":"tc-lyon-fait-un-pas-vers-le-maintien","status":"publish","type":"post","link":"https:\/\/www.europesays.com\/fr\/111602\/","title":{"rendered":"TC Lyon fait un pas vers le maintien"},"content":{"rendered":"<p>Vainqueur \u00e0 Maisons-Alfort (5-1), ce dimanche, le TC Lyon, avec deux rencontres gagn\u00e9es, a fait un bon pas vers le maintien en Nationale 2 masculine selon son capitaine, Alexandre Piquemal.<\/p>\n<p>Le retour dans l\u2019\u00e9quipe de Joshua Dous-Karpenshif (-4\/6, ex -15) est un renfort appr\u00e9ciable pour le TCL. Il a tr\u00e8s bien jou\u00e9 en championnat universitaire am\u00e9ricain NCAA 1&#8230;<\/p>\n","protected":false},"excerpt":{"rendered":"Vainqueur \u00e0 Maisons-Alfort (5-1), ce dimanche, le TC Lyon, avec deux rencontres gagn\u00e9es, a fait un bon pas&hellip;\n","protected":false},"author":2,"featured_media":111603,"comment_status":"","ping_status":"","sticky":false,"template":"","format":"standard","meta":{"footnotes":""},"categories":[1889],"tags":[1111,11,2430,1777,674,1011,27,2428,2756,12,25,517,1467],"class_list":{"0":"post-111602","1":"post","2":"type-post","3":"status-publish","4":"format-standard","5":"has-post-thumbnail","7":"category-lyon","8":"tag-actu","9":"tag-actualites","10":"tag-auvergne-rhone-alpes","11":"tag-eu","12":"tag-europe","13":"tag-fr","14":"tag-france","15":"tag-lyon","16":"tag-lyon-bassin","17":"tag-news","18":"tag-republique-francaise","19":"tag-sport","20":"tag-tennis"},"share_on_mastodon":{"url":"https:\/\/pubeurope.com\/@fr\/114534222641615898","error":""},"_links":{"self":[{"href":"https:\/\/www.europesays.com\/fr\/wp-json\/wp\/v2\/posts\/111602","targetHints":{"allow":["GET"]}}],"collection":[{"href":"https:\/\/www.europesays.com\/fr\/wp-json\/wp\/v2\/posts"}],"about":[{"href":"https:\/\/www.europesays.com\/fr\/wp-json\/wp\/v2\/types\/post"}],"author":[{"embeddable":true,"href":"https:\/\/www.europesays.com\/fr\/wp-json\/wp\/v2\/users\/2"}],"replies":[{"embeddable":true,"href":"https:\/\/www.europesays.com\/fr\/wp-json\/wp\/v2\/comments?post=111602"}],"version-history":[{"count":0,"href":"https:\/\/www.europesays.com\/fr\/wp-json\/wp\/v2\/posts\/111602\/revisions"}],"wp:featuredmedia":[{"embeddable":true,"href":"https:\/\/www.europesays.com\/fr\/wp-json\/wp\/v2\/media\/111603"}],"wp:attachment":[{"href":"https:\/\/www.europesays.com\/fr\/wp-json\/wp\/v2\/media?parent=111602"}],"wp:term":[{"taxonomy":"category","embeddable":true,"href":"https:\/\/www.europesays.com\/fr\/wp-json\/wp\/v2\/categories?post=111602"},{"taxonomy":"post_tag","embeddable":true,"href":"https:\/\/www.europesays.com\/fr\/wp-json\/wp\/v2\/tags?post=111602"}],"curies":[{"name":"wp","href":"https:\/\/api.w.org\/{rel}","templated":true}]}}