{"id":1116021,"date":"2026-08-08T18:02:20","date_gmt":"2026-08-08T18:02:20","guid":{"rendered":"https:\/\/www.europesays.com\/fr\/1116021\/"},"modified":"2026-08-08T18:02:20","modified_gmt":"2026-08-08T18:02:20","slug":"adieu-les-cremes-cheres-cette-astuce-de-grand-mere-avec-des-feuilles-de-laurier-transforme-la-peau","status":"publish","type":"post","link":"https:\/\/www.europesays.com\/fr\/1116021\/","title":{"rendered":"Adieu les cr\u00e8mes ch\u00e8res, cette astuce de grand-m\u00e8re avec des feuilles de laurier transforme la peau"},"content":{"rendered":"<p>Entre les cr\u00e8mes anti-\u00e2ge \u00e0 150 \u20ac et les s\u00e9rums \u00ab\u00a0miracle\u00a0\u00bb,<br \/>\ndifficile de ne pas se laisser tenter. La dermatologue am\u00e9ricaine<br \/>\nFayne L. Frey le r\u00e9p\u00e8te depuis des ann\u00e9es : le prix d\u2019un soin ne<br \/>\ngarantit pas son efficacit\u00e9. Face \u00e0 ce constat, une astuce toute<br \/>\nsimple refait surface : le <strong>bain de vapeur au<br \/>\nlaurier<\/strong>.<\/p>\n<p>Ce sauna facial maison promet une peau visiblement plus nette<br \/>\npour quelques centimes, en utilisant de simples feuilles de laurier<br \/>\nnoble de la cuisine. Effet purifiant, teint plus frais, meilleure<br \/>\nabsorption de la cr\u00e8me hydratante\u2026 sans promesse de miracle<br \/>\nanti-rides. Reste \u00e0 savoir comment l\u2019utiliser sans ab\u00eemer sa peau,<br \/>\nni tomber dans les exc\u00e8s.<\/p>\n<p>Bain de vapeur au laurier : ce que \u00e7a change vraiment pour la<br \/>\npeau<\/p>\n<p>Un <strong>bain de vapeur au laurier<\/strong>, ou sauna facial,<br \/>\ncombine la chaleur de l\u2019eau et les compos\u00e9s aromatiques des<br \/>\nfeuilles de Laurus nobilis. La vapeur ramollit les cellules mortes<br \/>\nen surface, fluidifie le s\u00e9bum et aide \u00e0 d\u00e9loger les impuret\u00e9s<br \/>\ncoinc\u00e9es dans les pores. R\u00e9sultat : la peau para\u00eet plus souple, les<br \/>\npoints noirs sont plus faciles \u00e0 extraire ensuite.<\/p>\n<p>La chaleur stimule aussi la microcirculation, ce qui donne ce<br \/>\nfameux \u00ab\u00a0teint bonne mine\u00a0\u00bb apr\u00e8s la s\u00e9ance. En revanche, aucune<br \/>\n\u00e9tude ne montre que la vapeur ou le laurier effacent les rides.<br \/>\nFayne L. Frey rappelle qu\u2019\u00a0\u00bbil n\u2019y a aucune corr\u00e9lation entre le<br \/>\nprix d\u00e9pens\u00e9 et le r\u00e9sultat obtenu. Aucune.\u00a0\u00bb, et qu\u2019aucun<br \/>\ningr\u00e9dient ne renverse le vieillissement.<\/p>\n<p>Recette pas \u00e0 pas : r\u00e9ussir son sauna facial au laurier \u00e0 la<br \/>\nmaison<\/p>\n<p>Pour profiter de cette <strong><a href=\"https:\/\/www.mariefrance.fr\/beaute\/beaute-apres-50-ans-ces-8-secrets-de-grand-mere-valides-par-les-dermatos-avant-de-depenser-en-serums-1241065.html\" rel=\"nofollow noopener\" target=\"_blank\"><br \/>\nastuce de grand-m\u00e8re<\/a><\/strong>, il suffit d\u2019un litre d\u2019eau et de<br \/>\nquelques feuilles de laurier noble s\u00e9ch\u00e9. Utilisez uniquement du<br \/>\nlaurier-sauce destin\u00e9 \u00e0 l\u2019alimentation, jamais de laurier-rose ou<br \/>\nde laurier-cerise, qui sont toxiques. Installez-vous dans une pi\u00e8ce<br \/>\ncalme, cheveux attach\u00e9s et visage d\u00e9maquill\u00e9 ou simplement<br \/>\nnettoy\u00e9.<\/p>\n<ul>\n<li>Faites bouillir 1 litre d\u2019eau et versez-le dans un bol.<\/li>\n<li>Ajoutez 6 feuilles de laurier et laissez infuser 2<br \/>\nminutes.<\/li>\n<li>Placez votre visage au-dessus du bol, \u00e0 25 cm, une serviette<br \/>\nsur la t\u00eate, pendant 5 \u00e0 10 minutes.<\/li>\n<\/ul>\n<p>Une s\u00e9ance par semaine suffit largement pour les peaux normales,<br \/>\nmixtes ou grasses. Les peaux avec couperose, rosac\u00e9e ou tr\u00e8s<br \/>\nr\u00e9actives doivent \u00e9viter totalement ce type de chaleur, qui dilate<br \/>\nles vaisseaux et peut aggraver les rougeurs. Surveillez toujours la<br \/>\ntemp\u00e9rature : si la vapeur br\u00fble ou picote, \u00e9loignez-vous<br \/>\nimm\u00e9diatement du bol.<\/p>\n<p>O\u00f9 placer le laurier dans une routine<br \/>\nbeaut\u00e9 sans se ruiner<\/p>\n<p>Ce rituel au laurier ne remplace pas les bases d\u2019une bonne<br \/>\nroutine, il les pr\u00e9pare. Fayne L. Frey, autrice de The Skincare<br \/>\nHoax, conseille un hydratant simple pour soutenir la barri\u00e8re<br \/>\ncutan\u00e9e, et un <strong><a href=\"https:\/\/www.mariefrance.fr\/beaute\/les-dermatologues-sont-formels-apres-50-ans-cette-creme-solaire-hydratante-la-roche-posay-est-la-meilleure-pour-les-peaux-matures-1285715.html\" rel=\"nofollow noopener\" target=\"_blank\"><br \/>\n\u00e9cran solaire<\/a><\/strong> chaque matin : \u00ab\u00a0\u00c0 ce jour, la seule<br \/>\ncr\u00e8me dont le pouvoir de pr\u00e9venir l\u2019apparition des rides et taches<br \/>\nait \u00e9t\u00e9 d\u00e9montr\u00e9, \u00e9tude apr\u00e8s \u00e9tude.\u00a0\u00bb<\/p>\n<p>Les cr\u00e8mes de luxe restent un plaisir si on les aime, ce bain de<br \/>\nvapeur ne les rend pas interdites. Pour celles qui veulent tout de<br \/>\nm\u00eame un \u00e9quivalent moins cher \u00e0 leur soin pr\u00e9f\u00e9r\u00e9, des sites comme<br \/>\nSkinskool comparent les listes INCI et d\u00e9nichent des dupes, sans<br \/>\ntoutefois indiquer les concentrations ni la qualit\u00e9 des<br \/>\ningr\u00e9dients.<\/p>\n","protected":false},"excerpt":{"rendered":"Entre les cr\u00e8mes anti-\u00e2ge \u00e0 150 \u20ac et les s\u00e9rums \u00ab\u00a0miracle\u00a0\u00bb, difficile de ne pas se laisser tenter.&hellip;\n","protected":false},"author":2,"featured_media":1116022,"comment_status":"","ping_status":"","sticky":false,"template":"","format":"standard","meta":{"footnotes":"","_share_on_mastodon":"0"},"categories":[10],"tags":[10108,77272,2424,1011,27,72,71,47189,76919],"class_list":["post-1116021","post","type-post","status-publish","format-standard","has-post-thumbnail","category-sante","tag-anti-age","tag-astuce-beaute","tag-beaute","tag-fr","tag-france","tag-health","tag-sante","tag-soin-de-la-peau","tag-soin-du-visage"],"share_on_mastodon":{"url":"https:\/\/pubeurope.com\/@fr\/117061205656443637","error":""},"_links":{"self":[{"href":"https:\/\/www.europesays.com\/fr\/wp-json\/wp\/v2\/posts\/1116021","targetHints":{"allow":["GET"]}}],"collection":[{"href":"https:\/\/www.europesays.com\/fr\/wp-json\/wp\/v2\/posts"}],"about":[{"href":"https:\/\/www.europesays.com\/fr\/wp-json\/wp\/v2\/types\/post"}],"author":[{"embeddable":true,"href":"https:\/\/www.europesays.com\/fr\/wp-json\/wp\/v2\/users\/2"}],"replies":[{"embeddable":true,"href":"https:\/\/www.europesays.com\/fr\/wp-json\/wp\/v2\/comments?post=1116021"}],"version-history":[{"count":0,"href":"https:\/\/www.europesays.com\/fr\/wp-json\/wp\/v2\/posts\/1116021\/revisions"}],"wp:featuredmedia":[{"embeddable":true,"href":"https:\/\/www.europesays.com\/fr\/wp-json\/wp\/v2\/media\/1116022"}],"wp:attachment":[{"href":"https:\/\/www.europesays.com\/fr\/wp-json\/wp\/v2\/media?parent=1116021"}],"wp:term":[{"taxonomy":"category","embeddable":true,"href":"https:\/\/www.europesays.com\/fr\/wp-json\/wp\/v2\/categories?post=1116021"},{"taxonomy":"post_tag","embeddable":true,"href":"https:\/\/www.europesays.com\/fr\/wp-json\/wp\/v2\/tags?post=1116021"}],"curies":[{"name":"wp","href":"https:\/\/api.w.org\/{rel}","templated":true}]}}