{"id":111604,"date":"2025-05-19T11:18:08","date_gmt":"2025-05-19T11:18:08","guid":{"rendered":"https:\/\/www.europesays.com\/fr\/111604\/"},"modified":"2025-05-19T11:18:08","modified_gmt":"2025-05-19T11:18:08","slug":"pollution-en-ile-de-france-les-motards-ont-manifeste-contre-la-zfe","status":"publish","type":"post","link":"https:\/\/www.europesays.com\/fr\/111604\/","title":{"rendered":"Pollution en Ile-de-France\u00a0: les motards ont manifest\u00e9 contre la ZFE"},"content":{"rendered":"\n<p>Accus\u00e9es par des \u00e9lus de tous bords de p\u00e9naliser les m\u00e9nages modestes, les ZFE sont sur la sellette depuis le vote d\u2019un amendement les supprimant, adopt\u00e9 fin mars par des d\u00e9put\u00e9s lors des travaux pr\u00e9paratoires au projet de loi sur la simplification de la vie \u00e9conomique.<\/p>\n<p>Actuellement, elles limitent la circulation des v\u00e9hicules Crit\u2019Air 3, des voitures diesel immatricul\u00e9es avant 2011 et voitures \u00e0 essence immatricul\u00e9es avant 2006, dans quelques villes dont la capitale, dans le but de limiter la pollution de l\u2019air.<\/p>\n<p>\u201cFaire vivre des classes populaires sous d\u00e9rogation pour se d\u00e9placer chez les riches, c\u2019est inadmissible\u201d, a lanc\u00e9 devant l\u2019H\u00f4tel de ville de Paris l\u2019\u00e9crivain Alexandre Jardin, qui avec son collectif Les#Gueux avait aussi appel\u00e9 \u00e0 manifester, aux c\u00f4t\u00e9s de forains et de maires engag\u00e9s contre l\u2019installation d\u2019\u00e9oliennes.<\/p>\n<p>\u201cCe qu\u2019ils esp\u00e8rent c\u2019est qu\u2019on se lasse et qu\u2019on arrive apr\u00e8s les \u00e9lections municipales (de 2026), pour nous le balancer dans les dents\u201d, a poursuivi Alexandre Jardin au micro.<\/p>\n<p>Les motos sont impact\u00e9es \u201cencore plus injustement que les voitures\u201d alors que les deux-roues polluent \u201cmoins\u201d et \u201cprennent moins de place\u201d, a d\u00e9clar\u00e9 \u00e0 l\u2019AFP Jean-Marc Belotti, coordinateur de la FFMC Paris\u00a0et Petite Couronne.<\/p>\n<p>Initi\u00e9es en 2019 et \u00e9tendues en 2021, les ZFE entendent limiter les \u00e9missions de particules fines \u2013 responsables de maladies respiratoires et de 40 000 d\u00e9c\u00e8s pr\u00e9matur\u00e9s par an, selon l\u2019organisme Sant\u00e9 publique France \u2013 en excluant de leur p\u00e9rim\u00e8tre certains v\u00e9hicules tr\u00e8s anciens et polluants, identifi\u00e9s par les vignettes Crit\u2019Air.<\/p>\n<p>Les d\u00e9bats sont cens\u00e9s reprendre le 30 mai dans l\u2019h\u00e9micycle et le gouvernement a annonc\u00e9 qu\u2019il pr\u00e9voyait un amendement pour r\u00e9tablir les ZFE.<\/p>\n<p>\u201cOn se bat contre les ZFE depuis trois ans, on pr\u00eachait dans le d\u00e9sert. On est contents qu\u2019il y ait du monde maintenant\u201d,\u00a0a soulign\u00e9 le d\u00e9put\u00e9 RN du Gard, Pierre Meurin.<\/p>\n<p>\u201cIl ne faut pas mettre la charrue avant les boeufs. Tant que le RER sera ce qu\u2019il est, les gens n\u2019auront pas d\u2019autres moyens (que leur v\u00e9hicule) de rentrer en ville\u201d, a soulign\u00e9 \u00e0 ses c\u00f4t\u00e9s le d\u00e9put\u00e9 europ\u00e9en RN Alexandre Varaut.<\/p>\n<p>Selon eux, le renouvellement \u201cnaturel\u201d du parc automobile suffira \u00e0 faire baisser la pollution.<\/p>\n<p> Lire aussi :<\/p><\/p>\n","protected":false},"excerpt":{"rendered":"Accus\u00e9es par des \u00e9lus de tous bords de p\u00e9naliser les m\u00e9nages modestes, les ZFE sont sur la sellette&hellip;\n","protected":false},"author":2,"featured_media":111605,"comment_status":"","ping_status":"","sticky":false,"template":"","format":"standard","meta":{"footnotes":""},"categories":[1592],"tags":[1111,11,646,3542,1292,1777,674,1011,27,23089,662,3914,3814,1457,12,626,23090,1800,25,71,5699,12109,13167,3888,23091],"class_list":{"0":"post-111604","1":"post","2":"type-post","3":"status-publish","4":"format-standard","5":"has-post-thumbnail","7":"category-ile-de-france","8":"tag-actu","9":"tag-actualites","10":"tag-automobile","11":"tag-circulation","12":"tag-debat","13":"tag-eu","14":"tag-europe","15":"tag-fr","16":"tag-france","17":"tag-hotel-de-ville","18":"tag-ile-de-france","19":"tag-motard","20":"tag-motards-en-colere","21":"tag-moto","22":"tag-news","23":"tag-paris","24":"tag-petite-couronne","25":"tag-pollution","26":"tag-republique-francaise","27":"tag-sante","28":"tag-sante-publique","29":"tag-vehicule","30":"tag-ville-de-paris","31":"tag-voitures","32":"tag-zone-a-faible-emission-zfe-dans-le-grand-paris"},"share_on_mastodon":{"url":"https:\/\/pubeurope.com\/@fr\/114534226574100771","error":""},"_links":{"self":[{"href":"https:\/\/www.europesays.com\/fr\/wp-json\/wp\/v2\/posts\/111604","targetHints":{"allow":["GET"]}}],"collection":[{"href":"https:\/\/www.europesays.com\/fr\/wp-json\/wp\/v2\/posts"}],"about":[{"href":"https:\/\/www.europesays.com\/fr\/wp-json\/wp\/v2\/types\/post"}],"author":[{"embeddable":true,"href":"https:\/\/www.europesays.com\/fr\/wp-json\/wp\/v2\/users\/2"}],"replies":[{"embeddable":true,"href":"https:\/\/www.europesays.com\/fr\/wp-json\/wp\/v2\/comments?post=111604"}],"version-history":[{"count":0,"href":"https:\/\/www.europesays.com\/fr\/wp-json\/wp\/v2\/posts\/111604\/revisions"}],"wp:featuredmedia":[{"embeddable":true,"href":"https:\/\/www.europesays.com\/fr\/wp-json\/wp\/v2\/media\/111605"}],"wp:attachment":[{"href":"https:\/\/www.europesays.com\/fr\/wp-json\/wp\/v2\/media?parent=111604"}],"wp:term":[{"taxonomy":"category","embeddable":true,"href":"https:\/\/www.europesays.com\/fr\/wp-json\/wp\/v2\/categories?post=111604"},{"taxonomy":"post_tag","embeddable":true,"href":"https:\/\/www.europesays.com\/fr\/wp-json\/wp\/v2\/tags?post=111604"}],"curies":[{"name":"wp","href":"https:\/\/api.w.org\/{rel}","templated":true}]}}