{"id":111608,"date":"2025-05-19T11:20:08","date_gmt":"2025-05-19T11:20:08","guid":{"rendered":"https:\/\/www.europesays.com\/fr\/111608\/"},"modified":"2025-05-19T11:20:08","modified_gmt":"2025-05-19T11:20:08","slug":"un-enfant-de-3-ans-entre-la-vie-et-la-mort-apres-une-collision-entre-deux-voitures","status":"publish","type":"post","link":"https:\/\/www.europesays.com\/fr\/111608\/","title":{"rendered":"un enfant de 3 ans entre la vie et la mort apr\u00e8s une collision entre deux voitures"},"content":{"rendered":"<p>            Par<br \/>\n        <strong><br \/>\n            <a href=\"https:\/\/actu.fr\/auteur\/antoine-blanchet\" title=\"Consulter tous les articles de Antoine Blanchet\" rel=\"nofollow noopener\" target=\"_blank\">Antoine Blanchet<\/a><br \/>\n        <\/strong><\/p>\n<p>        Publi\u00e9 le<\/p>\n<p>            19 mai 2025 \u00e0 11h56        <\/p>\n<p>Drame en plein centre-ville de <a href=\"https:\/\/actu.fr\/ile-de-france\/drancy_93029\" rel=\"nofollow noopener\" target=\"_blank\">Drancy<\/a> (<a href=\"https:\/\/actu.fr\/ile-de-france\/seine-saint-denis_93\" rel=\"nofollow noopener\" target=\"_blank\">Seine-Saint-Denis<\/a>). Samedi 17\u00a0mai 2025, une voiture en percut\u00e9 violemment une autre. Au total, <strong>cinq personnes ont \u00e9t\u00e9 transport\u00e9es \u00e0 l\u2019h\u00f4pital<\/strong> apr\u00e8s l\u2019accident, dont un enfant \u00e2g\u00e9 de trois ans. Le pronostic vital de ce dernier est toujours engag\u00e9 ce lundi, nous pr\u00e9cise le parquet de <a href=\"https:\/\/actu.fr\/ile-de-france\/bobigny_93008\" rel=\"nofollow noopener\" target=\"_blank\">Bobigny<\/a>.<\/p>\n<p>\u00c9ject\u00e9 du pare-brise arri\u00e8re<\/p>\n<p class=\" wall-content\">La collision s\u2019est produite au niveau de la<strong> rue Charles-de-Gaulle<\/strong> vers 21\u00a0heures, pr\u00e9cisent nos confr\u00e8res du <a href=\"https:\/\/www.leparisien.fr\/seine-saint-denis-93\/drancy-une-voiture-percutee-par-un-chauffard-en-plein-centre-ville-un-enfant-grievement-blesse-18-05-2025-XXVPGDRJEVCCDK6VLHYJH2DJR4.php\" rel=\"nofollow noopener\" target=\"_blank\">Parisien<\/a>. Le conducteur, qui roulait \u00e0 vive allure, a percut\u00e9 un autre v\u00e9hicule dans lequel se trouvaient cinq personnes. Parmi elles, un enfant de 3 ans, qui a \u00e9t\u00e9 \u00e9ject\u00e9 du v\u00e9hicule par le pare-brise arri\u00e8re. Il a \u00e9t\u00e9 hospitalis\u00e9 \u00e0 <a href=\"https:\/\/actu.fr\/ile-de-france\/bondy_93010\" rel=\"nofollow noopener\" target=\"_blank\">Bondy<\/a> avec un pronostic vital engag\u00e9.<\/p>\n<p>Les deux gardes \u00e0 vue lev\u00e9es<\/p>\n<p class=\" wall-content\">Apr\u00e8s l\u2019accident, le conducteur de la premi\u00e8re voiture a pris la fuite avant d\u2019\u00eatre interpell\u00e9 quelque temps apr\u00e8s. Son passager a aussi \u00e9t\u00e9 appr\u00e9hend\u00e9 dans la foul\u00e9e. \u00ab\u2009Les deux gardes \u00e0 vue ont \u00e9t\u00e9 lev\u00e9es pour l\u2019instant et l\u2019enqu\u00eate se poursuit en pr\u00e9liminaire\u2009\u00bb, nous indique le parquet.<\/p>\n<p class=\" wall-content\">Suivez toute l\u2019actualit\u00e9 de vos villes et m\u00e9dias favoris en vous inscrivant \u00e0 <a href=\"https:\/\/moncompte.actu.fr\" title=\"D\u00e9couvez Mon Actu\" rel=\"nofollow noopener\" data-trk=\"{&quot;cta&quot;:{&quot;action&quot;:&quot;https:\\\/\\\/moncompte.actu.fr&quot;,&quot;category&quot;:&quot;mon compte&quot;,&quot;from&quot;:&quot;article footer&quot;,&quot;name&quot;:&quot;Mon actu&quot;,&quot;type&quot;:&quot;cta&quot;}}\" target=\"_blank\">Mon Actu<\/a>.<\/p>\n","protected":false},"excerpt":{"rendered":"Par Antoine Blanchet Publi\u00e9 le 19 mai 2025 \u00e0 11h56 Drame en plein centre-ville de Drancy (Seine-Saint-Denis). Samedi&hellip;\n","protected":false},"author":2,"featured_media":111609,"comment_status":"","ping_status":"","sticky":false,"template":"","format":"standard","meta":{"footnotes":""},"categories":[1888],"tags":[119,1111,1928,11,1927,1777,674,118,1011,27,12,1926,626,1925,25],"class_list":{"0":"post-111608","1":"post","2":"type-post","3":"status-publish","4":"format-standard","5":"has-post-thumbnail","7":"category-paris","8":"tag-accident","9":"tag-actu","10":"tag-actu-paris","11":"tag-actualites","12":"tag-actualites-paris","13":"tag-eu","14":"tag-europe","15":"tag-faits-divers","16":"tag-fr","17":"tag-france","18":"tag-news","19":"tag-news-paris","20":"tag-paris","21":"tag-paris-news","22":"tag-republique-francaise"},"share_on_mastodon":{"url":"https:\/\/pubeurope.com\/@fr\/114534234469790055","error":""},"_links":{"self":[{"href":"https:\/\/www.europesays.com\/fr\/wp-json\/wp\/v2\/posts\/111608","targetHints":{"allow":["GET"]}}],"collection":[{"href":"https:\/\/www.europesays.com\/fr\/wp-json\/wp\/v2\/posts"}],"about":[{"href":"https:\/\/www.europesays.com\/fr\/wp-json\/wp\/v2\/types\/post"}],"author":[{"embeddable":true,"href":"https:\/\/www.europesays.com\/fr\/wp-json\/wp\/v2\/users\/2"}],"replies":[{"embeddable":true,"href":"https:\/\/www.europesays.com\/fr\/wp-json\/wp\/v2\/comments?post=111608"}],"version-history":[{"count":0,"href":"https:\/\/www.europesays.com\/fr\/wp-json\/wp\/v2\/posts\/111608\/revisions"}],"wp:featuredmedia":[{"embeddable":true,"href":"https:\/\/www.europesays.com\/fr\/wp-json\/wp\/v2\/media\/111609"}],"wp:attachment":[{"href":"https:\/\/www.europesays.com\/fr\/wp-json\/wp\/v2\/media?parent=111608"}],"wp:term":[{"taxonomy":"category","embeddable":true,"href":"https:\/\/www.europesays.com\/fr\/wp-json\/wp\/v2\/categories?post=111608"},{"taxonomy":"post_tag","embeddable":true,"href":"https:\/\/www.europesays.com\/fr\/wp-json\/wp\/v2\/tags?post=111608"}],"curies":[{"name":"wp","href":"https:\/\/api.w.org\/{rel}","templated":true}]}}