{"id":111610,"date":"2025-05-19T11:21:09","date_gmt":"2025-05-19T11:21:09","guid":{"rendered":"https:\/\/www.europesays.com\/fr\/111610\/"},"modified":"2025-05-19T11:21:09","modified_gmt":"2025-05-19T11:21:09","slug":"celimene-daudet-a-la-philharmonie-de-paris-portrait-dhaiti-au-piano","status":"publish","type":"post","link":"https:\/\/www.europesays.com\/fr\/111610\/","title":{"rendered":"C\u00e9lim\u00e8ne Daudet \u00e0 la Philharmonie de Paris: portrait d\u2019Ha\u00efti au piano"},"content":{"rendered":"<p>Juste avant le bouillonnant concert de Kassav\u2019, ce 18 mai en cl\u00f4ture d\u2019un week-end carib\u00e9en \u00e0 la Philharmonie \u00e0 Paris, la pianiste internationale C\u00e9lim\u00e8ne Daudet donnait un r\u00e9cital intimiste autour des compositeurs classiques d\u2019Ha\u00efti. Un r\u00e9pertoire passionnant qui m\u00eale avec une grande d\u00e9licatesse les influences occidentales et vaudou.<\/p>\n<p>Ce dimanche 18 mai, r\u00e8gne une \u00e9bullition f\u00e9brile dans les coulisses de la Philharmonie de Paris. Toutes les Antilles semblent s\u2019\u00eatre donn\u00e9 rendez-vous dans ses couloirs labyrinthiques, dans ses loges, sur ses plateaux, et d\u00e9j\u00e0 le zouk fr\u00e9mit&#8230; Ce soir, les ind\u00e9tr\u00f4nables <strong><a href=\"https:\/\/www.rfi.fr\/fr\/tag\/kassav\/\" rel=\"nofollow noopener\" target=\"_blank\" data-ylk=\"slk:Kassav\u2019;elm:context_link;itc:0;sec:content-canvas\" class=\"link \">Kassav\u2019<\/a> <\/strong>jouent dans la grande salle Pierre-Boulez, pour clore un week-end carib\u00e9en luxuriant. Mais peu avant ce bouquet final, en apoth\u00e9ose, c\u2019est un tout autre r\u00e9cital qui se joue, \u00e0 16h00, dans l\u2019intimit\u00e9 du Studio de 200 places.<\/p>\n<p>Devant une salle comble, une femme face \u00e0 un Steinway fait surgir sous ses doigts une musique classique foisonnante, d\u2019allures romantiques aux accents chaloup\u00e9s. On reconna\u00eet dans son jeu le lyrisme d\u2019un Chopin m\u00eal\u00e9 aux rythmes afro-carib\u00e9ens, que vient caresser l\u2019aura d\u2019une po\u00e9sie et d\u2019une tendresse immenses.<\/p>\n<p>Il s\u2019agit de C\u00e9lim\u00e8ne Daudet, pianiste de stature internationale, dont le talent a d\u00e9j\u00e0 ravi le Carnegie Hall de New York, le Konzerthaus de Vienne\u2026 Apr\u00e8s avoir plong\u00e9 \u00e2me et c\u0153ur dans Bach, Messiaen, Liszt, Debussy ou Scriabine, la virtuose explore depuis quelques ann\u00e9es les musiques \u00ab classiques \u00bb du <a href=\"https:\/\/www.rfi.fr\/fr\/tag\/ha\u00efti\/\" rel=\"nofollow noopener\" target=\"_blank\" data-ylk=\"slk:pays de sa m\u00e8re : Ha\u00efti;elm:context_link;itc:0;sec:content-canvas\" class=\"link \"><strong>pays de sa m\u00e8re : Ha\u00efti<\/strong><\/a>.<\/p>\n<p><strong><a href=\"http:\/\/www.instagram.com\/celimenedaudet\" rel=\"nofollow noopener\" target=\"_blank\" data-ylk=\"slk:Instagram;elm:context_link;itc:0;sec:content-canvas\" class=\"link \">Instagram<\/a> \/ <a href=\"https:\/\/www.youtube.com\/@cdaudet\" rel=\"nofollow noopener\" target=\"_blank\" data-ylk=\"slk:YouTube;elm:context_link;itc:0;sec:content-canvas\" class=\"link \">YouTube<\/a><\/strong><\/p>\n<p><a href=\"https:\/\/www.rfi.fr\/fr\/musique\/20250519-c%C3%A9lim%C3%A8ne-daudet-%C3%A0-la-philharmonie-de-paris-portrait-d-ha%C3%AFti-au-piano\" rel=\"nofollow noopener\" target=\"_blank\" data-ylk=\"slk:Lire la suite sur RFI;elm:context_link;itc:0;sec:content-canvas\" class=\"link \">Lire la suite sur RFI<\/a><\/p>\n<p><script async src=\"\/\/www.instagram.com\/embed.js\"><\/script><\/p>\n","protected":false},"excerpt":{"rendered":"Juste avant le bouillonnant concert de Kassav\u2019, ce 18 mai en cl\u00f4ture d\u2019un week-end carib\u00e9en \u00e0 la Philharmonie&hellip;\n","protected":false},"author":2,"featured_media":111611,"comment_status":"","ping_status":"","sticky":false,"template":"","format":"standard","meta":{"footnotes":""},"categories":[1888],"tags":[1111,1928,11,1927,23095,23093,1777,674,1011,27,23094,23092,12,1926,626,1925,23096,25],"class_list":{"0":"post-111610","1":"post","2":"type-post","3":"status-publish","4":"format-standard","5":"has-post-thumbnail","7":"category-paris","8":"tag-actu","9":"tag-actu-paris","10":"tag-actualites","11":"tag-actualites-paris","12":"tag-celimene","13":"tag-celimene-daudet","14":"tag-eu","15":"tag-europe","16":"tag-fr","17":"tag-france","18":"tag-konzerthaus-de-vienne","19":"tag-la-philharmonie-de-paris","20":"tag-news","21":"tag-news-paris","22":"tag-paris","23":"tag-paris-news","24":"tag-philharmonie","25":"tag-republique-francaise"},"share_on_mastodon":{"url":"https:\/\/pubeurope.com\/@fr\/114534238383889050","error":""},"_links":{"self":[{"href":"https:\/\/www.europesays.com\/fr\/wp-json\/wp\/v2\/posts\/111610","targetHints":{"allow":["GET"]}}],"collection":[{"href":"https:\/\/www.europesays.com\/fr\/wp-json\/wp\/v2\/posts"}],"about":[{"href":"https:\/\/www.europesays.com\/fr\/wp-json\/wp\/v2\/types\/post"}],"author":[{"embeddable":true,"href":"https:\/\/www.europesays.com\/fr\/wp-json\/wp\/v2\/users\/2"}],"replies":[{"embeddable":true,"href":"https:\/\/www.europesays.com\/fr\/wp-json\/wp\/v2\/comments?post=111610"}],"version-history":[{"count":0,"href":"https:\/\/www.europesays.com\/fr\/wp-json\/wp\/v2\/posts\/111610\/revisions"}],"wp:featuredmedia":[{"embeddable":true,"href":"https:\/\/www.europesays.com\/fr\/wp-json\/wp\/v2\/media\/111611"}],"wp:attachment":[{"href":"https:\/\/www.europesays.com\/fr\/wp-json\/wp\/v2\/media?parent=111610"}],"wp:term":[{"taxonomy":"category","embeddable":true,"href":"https:\/\/www.europesays.com\/fr\/wp-json\/wp\/v2\/categories?post=111610"},{"taxonomy":"post_tag","embeddable":true,"href":"https:\/\/www.europesays.com\/fr\/wp-json\/wp\/v2\/tags?post=111610"}],"curies":[{"name":"wp","href":"https:\/\/api.w.org\/{rel}","templated":true}]}}