{"id":111612,"date":"2025-05-19T11:22:12","date_gmt":"2025-05-19T11:22:12","guid":{"rendered":"https:\/\/www.europesays.com\/fr\/111612\/"},"modified":"2025-05-19T11:22:12","modified_gmt":"2025-05-19T11:22:12","slug":"les-deux-concerts-du-chanteur-genocidaire-israelien-eyal-golan-a-paris-places-sous-haute-surveillance","status":"publish","type":"post","link":"https:\/\/www.europesays.com\/fr\/111612\/","title":{"rendered":"Les deux concerts du \u00ab\u00a0chanteur g\u00e9nocidaire\u00a0\u00bb isra\u00e9lien Eyal Golan \u00e0 Paris plac\u00e9s sous haute surveillance"},"content":{"rendered":"<p>            Par<br \/>\n        <strong><br \/>\n            <a href=\"https:\/\/actu.fr\/auteur\/julie-bossart-actu-fr\" title=\"Consulter tous les articles de Julie Bossart\" target=\"_blank\" rel=\"noopener\">Julie Bossart<\/a><br \/>\n        <\/strong><\/p>\n<p>        Publi\u00e9 le<\/p>\n<p>            19 mai 2025 \u00e0 12h42        <\/p>\n<p>Le <strong>chanteur isra\u00e9lien Eyal Golan<\/strong> doit se produire ce lundi 19\u00a0mai et mardi 20\u00a0mai 2025 au D\u00f4me de <a href=\"https:\/\/actu.fr\/paris\/dernieres-actus\" target=\"_blank\" rel=\"noopener\">Paris<\/a>, dans le 15e arrondissement. Une venue qui ne pla\u00eet pas \u00e0 tout le monde. Elle est notamment d\u00e9nonc\u00e9e par des collectifs comme CAPJPO-EuroPalestine ou <a href=\"https:\/\/x.com\/TSDKcollectif\/status\/1921990072183755226\">Tsedek<\/a>, soutenus par des d\u00e9put\u00e9s <a href=\"https:\/\/actu.fr\/tag\/la-france-insoumise-lfi\" target=\"_blank\" rel=\"noopener\">insoumis<\/a>.<\/p>\n<p>\u00ab\u00a0Gaza doit br\u00fbler\u00a0\u00bb<\/p>\n<p class=\" wall-content\">Jeudi dernier, un rassemblement s\u2019\u00e9tait tenu devant le minist\u00e8re de la Culture pour demander l\u2019interdiction de l\u2019\u00e9v\u00e9nement, qualifiant l\u2019artiste de 54\u00a0ans de \u00ab\u2009chanteur g\u00e9nocidaire\u2009\u00bb.<\/p>\n<p class=\" wall-content\">\n<p class=\" wall-content\">Avant cela, le 23\u00a0avril, le groupe LFI \u00e0 l\u2019Assembl\u00e9e nationale avait fait de m\u00eame aupr\u00e8s de la <a href=\"https:\/\/actu.fr\/tag\/prefecture-de-police-de-paris\" target=\"_blank\" rel=\"noopener\">pr\u00e9fecture de Police de Paris<\/a>.<\/p>\n<p class=\" wall-content\">\n<p class=\" wall-content\">Eyal Golan est une personnalit\u00e9 controvers\u00e9e dans son propre pays depuis une dizaine d\u2019ann\u00e9es. En 2013, il a \u00e9t\u00e9 \u00e0 la fois condamn\u00e9 pour \u00e9vasion fiscale et inqui\u00e9t\u00e9 dans une affaire d\u2019abus sexuels sur mineures. Si les charges ont \u00e9t\u00e9 abandonn\u00e9es contre lui, son p\u00e8re a \u00e9t\u00e9 condamn\u00e9 pour avoir organis\u00e9 des rencontres entre son fils et de jeunes fans. Outre ces ennuis judiciaires, ce sont surtout les propos qu\u2019il a tenus dans la foul\u00e9e de l\u2019attaque du Hamas contre Isra\u00ebl qui ont d\u00e9clench\u00e9 une vague hostile \u00e0 son encontre.<\/p>\n<p class=\" wall-content\">Le 7 octobre 2023, dans un post Instagram, Eyal Golan avait lanc\u00e9 que toute l\u2019enclave palestinienne \u00e9tait \u00ab\u2009une seule grande cible\u2009\u00bb et que \u00ab\u2009Gaza [devait] br\u00fbler\u2009\u00bb. Il a appel\u00e9 \u00e0 \u00ab\u2009l\u2019extermination du peuple palestinien, d\u00e9clarant sur une cha\u00eene publique qu\u2019il fallait \u00e9liminer Gaza et ne pas y laisser \u00e2me qui vive\u2009\u00bb, a vilipend\u00e9 le groupe LFI. Peu apr\u00e8s, en Isra\u00ebl, le procureur de l\u2019\u00c9tat indiquait ouvrir une enqu\u00eate criminelle pour incitation \u00e0 la violence, relayait <a href=\"https:\/\/fr.timesofisrael.com\/gaza-le-procureur-de-letat-souhaite-enqueter-sur-des-propos-du-chanteur-eyal-golan\/\" target=\"_blank\" rel=\"noopener\">The Times of Israel<\/a>. Le ministre isra\u00e9lien de la S\u00e9curit\u00e9 nationale et chef du parti Force juive lui avait toutefois apport\u00e9 son soutien.<\/p>\n<p>Vid\u00e9os : en ce moment sur Actu<\/p>\n<p class=\" wall-content\">\u00c0 Paris, alors que son premier concert doit se tenir dans quelques heures, LFI enfonce le clou et vient de diffuser sur X \u00e0 un appel \u00e0 manifester pour exiger l\u2019interdiction des concerts d\u2019Eyal Golan. \u00ab\u2009Pas de sc\u00e8ne pour l\u2019apologie du g\u00e9nocide \u00e0 Gaza\u2009\u00bb, mart\u00e8le le groupe.<\/p>\n<p class=\" wall-content\">\n<p>Deux arr\u00eat\u00e9s de la pr\u00e9fecture<\/p>\n<p class=\" wall-content\">Vendredi, la pr\u00e9fecture de Police nous affirmait qu\u2019il n\u2019y avait pas lieu d\u2019interdire l\u2019\u00e9v\u00e9nement, \u00ab\u2009les concerts organis\u00e9s par l\u2019artiste Eyal Golan se jouant dans une salle ferm\u00e9e. S\u2019agissant d\u2019un spectacle d\u2019un artiste, et non d\u2019une manifestation revendicative organis\u00e9e sur la voie publique, les conditions d\u2019appr\u00e9ciation pour une interdiction venant limiter la libert\u00e9 d\u2019expression d\u2019un artiste sont restrictives et ne permettent pas, en l\u2019\u00e9tat, de l\u2019envisager.\u2009\u00bb La manifestation envisag\u00e9e par LFI pourrait-elle changer la donne\u2009?<\/p>\n<p class=\" wall-content\">Difficile \u00e0 dire, mais, une chose est s\u00fbre, la pr\u00e9fecture a \u00e9mis d\u00e8s samedi deux arr\u00eat\u00e9s. Le premier souligne qu\u2019il y a \u00ab\u2009un risque s\u00e9rieux que des rassemblements non d\u00e9clar\u00e9s de nature \u00e0 troubler l\u2019ordre public aient lieu \u00e0 l\u2019occasion\u2009\u00bb des deux concerts d\u2019Eyal Golan, et interdit donc tout rassemblement non d\u00e9clar\u00e9 dans un vaste p\u00e9rim\u00e8tre autour du D\u00f4me de Paris ce lundi et demain, d\u00e8s 16\u00a0heures et jusqu\u2019\u00e0 2\u00a0heures.<\/p>\n<p class=\" wall-content\">Le second arr\u00eat\u00e9, lui, autorise la captation, l\u2019enregistrement et la diffusion d\u2019images par la direction de l\u2019ordre public dans ce secteur, qui concerne \u00e9galement les Hauts-de-Seine.<\/p>\n<p class=\" wall-content\">Suivez toute l\u2019actualit\u00e9 de vos villes et m\u00e9dias favoris en vous inscrivant \u00e0 <a href=\"https:\/\/moncompte.actu.fr\" title=\"D\u00e9couvez Mon Actu\" rel=\"nofollow noopener\" data-trk=\"{&quot;cta&quot;:{&quot;action&quot;:&quot;https:\\\/\\\/moncompte.actu.fr&quot;,&quot;category&quot;:&quot;mon compte&quot;,&quot;from&quot;:&quot;article footer&quot;,&quot;name&quot;:&quot;Mon actu&quot;,&quot;type&quot;:&quot;cta&quot;}}\" target=\"_blank\">Mon Actu<\/a>.<\/p>\n","protected":false},"excerpt":{"rendered":"Par Julie Bossart Publi\u00e9 le 19 mai 2025 \u00e0 12h42 Le chanteur isra\u00e9lien Eyal Golan doit se produire&hellip;\n","protected":false},"author":2,"featured_media":111613,"comment_status":"","ping_status":"","sticky":false,"template":"","format":"standard","meta":{"footnotes":""},"categories":[1888],"tags":[11,1697,1777,674,118,1011,27,5643,12,626,1931,25],"class_list":{"0":"post-111612","1":"post","2":"type-post","3":"status-publish","4":"format-standard","5":"has-post-thumbnail","7":"category-paris","8":"tag-actualites","9":"tag-concert","10":"tag-eu","11":"tag-europe","12":"tag-faits-divers","13":"tag-fr","14":"tag-france","15":"tag-guerre-israel-hamas","16":"tag-news","17":"tag-paris","18":"tag-prefecture-de-police-de-paris","19":"tag-republique-francaise"},"share_on_mastodon":{"url":"https:\/\/pubeurope.com\/@fr\/114534242287852068","error":""},"_links":{"self":[{"href":"https:\/\/www.europesays.com\/fr\/wp-json\/wp\/v2\/posts\/111612","targetHints":{"allow":["GET"]}}],"collection":[{"href":"https:\/\/www.europesays.com\/fr\/wp-json\/wp\/v2\/posts"}],"about":[{"href":"https:\/\/www.europesays.com\/fr\/wp-json\/wp\/v2\/types\/post"}],"author":[{"embeddable":true,"href":"https:\/\/www.europesays.com\/fr\/wp-json\/wp\/v2\/users\/2"}],"replies":[{"embeddable":true,"href":"https:\/\/www.europesays.com\/fr\/wp-json\/wp\/v2\/comments?post=111612"}],"version-history":[{"count":0,"href":"https:\/\/www.europesays.com\/fr\/wp-json\/wp\/v2\/posts\/111612\/revisions"}],"wp:featuredmedia":[{"embeddable":true,"href":"https:\/\/www.europesays.com\/fr\/wp-json\/wp\/v2\/media\/111613"}],"wp:attachment":[{"href":"https:\/\/www.europesays.com\/fr\/wp-json\/wp\/v2\/media?parent=111612"}],"wp:term":[{"taxonomy":"category","embeddable":true,"href":"https:\/\/www.europesays.com\/fr\/wp-json\/wp\/v2\/categories?post=111612"},{"taxonomy":"post_tag","embeddable":true,"href":"https:\/\/www.europesays.com\/fr\/wp-json\/wp\/v2\/tags?post=111612"}],"curies":[{"name":"wp","href":"https:\/\/api.w.org\/{rel}","templated":true}]}}