{"id":111614,"date":"2025-05-19T11:23:08","date_gmt":"2025-05-19T11:23:08","guid":{"rendered":"https:\/\/www.europesays.com\/fr\/111614\/"},"modified":"2025-05-19T11:23:08","modified_gmt":"2025-05-19T11:23:08","slug":"le-producteur-du-rappeur-met-en-garde-contre-de-fausses-cagnottes","status":"publish","type":"post","link":"https:\/\/www.europesays.com\/fr\/111614\/","title":{"rendered":"le producteur du rappeur met en garde contre \u00ab\u00a0de fausses cagnottes\u00a0\u00bb"},"content":{"rendered":"<p>            Par<br \/>\n        <strong><br \/>\n            <a href=\"https:\/\/actu.fr\/auteur\/redaction-paris\" title=\"Consulter tous les articles de R\u00e9daction Paris\" target=\"_blank\" rel=\"noopener\">R\u00e9daction Paris<\/a><br \/>\n        <\/strong><\/p>\n<p>        Publi\u00e9 le<\/p>\n<p>            19 mai 2025 \u00e0 13h02        <\/p>\n<p>Pendant que les proches et les fans de Werenoi pleurent toujours sa disparition, d\u2019autres en profitent pour tenter de gagner de l\u2019argent. Ce lundi 19\u00a0mai 2025, deux jours apr\u00e8s <a href=\"https:\/\/actu.fr\/societe\/mort-du-rappeur-werenoi-a-paris-ce-que-l-on-sait-du-deces-de-l-artiste-de-31-ans_62650767.html\" target=\"_blank\" rel=\"noopener\">le d\u00e9c\u00e8s du rappeur<\/a>, <strong>Babs<\/strong>, son producteur, a publi\u00e9 un message sur ses r\u00e9seaux sociaux mettant en garde contre des tentatives d\u2019arnaques.<\/p>\n<p>\u00ab\u2009Des gens mal intentionn\u00e9s, inhumains\u2009\u00bb<\/p>\n<p class=\" wall-content\">Sur X, celui qui collaborait de pr\u00e8s avec <strong>J\u00e9r\u00e9my Bana Owona<\/strong> (le vrai nom de Werenoi), a donc mis en garde contre de \u00ab\u2009fausses cagnottes\u2009\u00bb lanc\u00e9s en ligne. \u00ab\u2009Il n\u2019y en a aucune qui a \u00e9t\u00e9 mise en place par ses proches\u2009\u00bb, rectifie le producteur qui d\u00e9nonce les tentatives de \u00ab\u2009gens mal intentionn\u00e9s, inhumains, pr\u00eats \u00e0 tout pour r\u00e9cup\u00e9rer une poign\u00e9e d\u2019euros\u2009\u00bb.<\/p>\n<p class=\" wall-content\">\n<p class=\" wall-content\">L\u2019annonce du d\u00e9c\u00e8s de Werenoi, <strong>num\u00e9ro un des ventes<\/strong> d\u2019albums en France en\u00a02023 et\u00a02024, a \u00e9t\u00e9 faite samedi 17\u00a0mai 2025 dans la matin\u00e9e par l\u2019influenceur Aquababe. \u00ab\u2009Repose en paix mon fr\u00e8re, je t\u2019aime\u2009\u00bb, avait \u00e9crit sur X Babs quelques instants plus tard.<\/p>\n<p class=\" wall-content\">Peu d\u2019informations sur les <strong>circonstances de sa mort<\/strong> ont \u00e9t\u00e9 communiqu\u00e9es mais il semblerait que l\u2019artiste de 31\u00a0ans ait succomb\u00e9 des suites de d\u00e9faillances cardiaques. Werenoi n\u2019avait pas pu se rendre \u00e0 la <a href=\"https:\/\/actu.fr\/loisirs-culture\/tiakola-sdm-les-rappeurs-de-seine-saint-denis-et-des-hauts-de-seine-sacres-lors-des-flammes-2025_62632297.html\" target=\"_blank\" rel=\"noopener\">c\u00e9r\u00e9monie des Flammes<\/a> o\u00f9 il a re\u00e7u la Flamme Spotify du meilleur album de l\u2019ann\u00e9e. Le jour de son d\u00e9c\u00e8s, sa pr\u00e9sence lors d\u2019un showcase \u00e0 Lyon avait \u00e9t\u00e9 annul\u00e9e en raison d\u2019un \u00ab\u2009incident tr\u00e8s grave\u2009\u00bb.<\/p>\n<p class=\" wall-content\">Suivez toute l\u2019actualit\u00e9 de vos villes et m\u00e9dias favoris en vous inscrivant \u00e0 <a href=\"https:\/\/moncompte.actu.fr\" title=\"D\u00e9couvez Mon Actu\" rel=\"nofollow noopener\" data-trk=\"{&quot;cta&quot;:{&quot;action&quot;:&quot;https:\\\/\\\/moncompte.actu.fr&quot;,&quot;category&quot;:&quot;mon compte&quot;,&quot;from&quot;:&quot;article footer&quot;,&quot;name&quot;:&quot;Mon actu&quot;,&quot;type&quot;:&quot;cta&quot;}}\" target=\"_blank\">Mon Actu<\/a>.<\/p>\n","protected":false},"excerpt":{"rendered":"Par R\u00e9daction Paris Publi\u00e9 le 19 mai 2025 \u00e0 13h02 Pendant que les proches et les fans de&hellip;\n","protected":false},"author":2,"featured_media":111615,"comment_status":"","ping_status":"","sticky":false,"template":"","format":"standard","meta":{"footnotes":""},"categories":[1888],"tags":[11,1777,674,1011,27,12,626,3616,25,104],"class_list":{"0":"post-111614","1":"post","2":"type-post","3":"status-publish","4":"format-standard","5":"has-post-thumbnail","7":"category-paris","8":"tag-actualites","9":"tag-eu","10":"tag-europe","11":"tag-fr","12":"tag-france","13":"tag-news","14":"tag-paris","15":"tag-rap","16":"tag-republique-francaise","17":"tag-societe"},"share_on_mastodon":{"url":"https:\/\/pubeurope.com\/@fr\/114534246222515990","error":""},"_links":{"self":[{"href":"https:\/\/www.europesays.com\/fr\/wp-json\/wp\/v2\/posts\/111614","targetHints":{"allow":["GET"]}}],"collection":[{"href":"https:\/\/www.europesays.com\/fr\/wp-json\/wp\/v2\/posts"}],"about":[{"href":"https:\/\/www.europesays.com\/fr\/wp-json\/wp\/v2\/types\/post"}],"author":[{"embeddable":true,"href":"https:\/\/www.europesays.com\/fr\/wp-json\/wp\/v2\/users\/2"}],"replies":[{"embeddable":true,"href":"https:\/\/www.europesays.com\/fr\/wp-json\/wp\/v2\/comments?post=111614"}],"version-history":[{"count":0,"href":"https:\/\/www.europesays.com\/fr\/wp-json\/wp\/v2\/posts\/111614\/revisions"}],"wp:featuredmedia":[{"embeddable":true,"href":"https:\/\/www.europesays.com\/fr\/wp-json\/wp\/v2\/media\/111615"}],"wp:attachment":[{"href":"https:\/\/www.europesays.com\/fr\/wp-json\/wp\/v2\/media?parent=111614"}],"wp:term":[{"taxonomy":"category","embeddable":true,"href":"https:\/\/www.europesays.com\/fr\/wp-json\/wp\/v2\/categories?post=111614"},{"taxonomy":"post_tag","embeddable":true,"href":"https:\/\/www.europesays.com\/fr\/wp-json\/wp\/v2\/tags?post=111614"}],"curies":[{"name":"wp","href":"https:\/\/api.w.org\/{rel}","templated":true}]}}