{"id":1116312,"date":"2026-08-08T21:46:38","date_gmt":"2026-08-08T21:46:38","guid":{"rendered":"https:\/\/www.europesays.com\/fr\/1116312\/"},"modified":"2026-08-08T21:46:38","modified_gmt":"2026-08-08T21:46:38","slug":"comment-lukraine-reprend-la-main-sur-la-guerre-face-a-la-russie","status":"publish","type":"post","link":"https:\/\/www.europesays.com\/fr\/1116312\/","title":{"rendered":"Comment l&rsquo;Ukraine reprend la main sur la guerre face \u00e0 la Russie"},"content":{"rendered":"<p>Il y a un an, l\u2019Ukraine semblait condamn\u00e9e \u00e0 subir les choix de Washington et les exigences de Moscou. Ses succ\u00e8s sur le front, ses frappes en Russie et son avance dans la guerre des drones lui ont redonn\u00e9 l\u2019avantage, et chang\u00e9 le regard des \u00c9tats-Unis.<\/p>\n<p>Une image qui r\u00e9sumait le rapport de force. \u00c0 Anchorage, en Alaska, le 15\u00a0ao\u00fbt 2025, Vladimir Poutine \u00e9tait accueilli sur un tapis rouge par Donald Trump. Sourires, accolade\u00a0: apr\u00e8s trois ann\u00e9es de quasi-isolement occidental, le pr\u00e9sident russe redevenait l\u2019interlocuteur privil\u00e9gi\u00e9 de Washington.<\/p>\n<p>\u00c0 Kyiv, la sc\u00e8ne avait glac\u00e9. Six mois plus t\u00f4t, le 28\u00a0f\u00e9vrier 2025, Volodymyr Zelensky avait subi dans le Bureau ovale une <a href=\"https:\/\/latribune.fr\/economie\/international\/vous-jouez-avec-la-troisieme-guerre-mondiale-passe-d-armes-a-la-maison-blanche-entre-trump-et-zelensky-1019465.html\" target=\"_self\" article-id=\"3172277943603714\" rel=\"nofollow noopener\">humiliation publique<\/a>, Trump lui reprochant de ne pas avoir \u00ab\u00a0les cartes en main\u00a0\u00bb. Quelques jours plus tard, les \u00c9tats-Unis suspendaient le partage de renseignements avec l\u2019Ukraine.<\/p>\n<p><a target=\"_self\" href=\"https:\/\/www.latribune.fr\/la-tribune-dimanche\/dans-le-monde\/rencontre-entre-trump-et-poutine-pour-les-ukrainiens-la-montagne-d-alaska-a-accouche-d-une-souris-1031214.html\" rel=\"nofollow noopener\"><\/p>\n<p class=\"text-[12px] mb-[12px] font-bold ltd:leading-[16px]\">A LIRE AUSSI<\/p>\n<p class=\"text-[20px] ac:text-[18px] leading-[120%] ac:leading-[130%] text-lt-primary-dark ac:text-ac-primary font-slab font-bold ltd:font-semibold ltd:tracking-[-0.4px] ac:font-ac-slab ltd:font-ltd-slab\">Rencontre entre Trump et Poutine : pour les Ukrainiens, \u00ab la montagne d\u2019Alaska a accouch\u00e9 d\u2019une souris \u00bb<\/p>\n<p><\/a><\/p>\n<p>Anchorage avait cristallis\u00e9 les craintes ukrainiennes. Poutine proposait de geler une partie du front en \u00e9change du retrait ukrainien des zones de Donetsk et Louhansk encore contr\u00f4l\u00e9es par Kyiv, exigeait l\u2019abandon de toute perspective d\u2019adh\u00e9sion \u00e0 l\u2019Otan et refusait le d\u00e9ploiement de troupes occidentales.<\/p>\n<p>Trump pressait Zelensky d\u2019accepter, rappelant que \u00ab\u00a0la Russie est une tr\u00e8s grande puissance\u00a0\u00bb et l\u2019Ukraine non. \u00c0 l\u2019automne, la fuite d\u2019une conversation de <a href=\"https:\/\/www.latribune.fr\/article\/la-tribune-dimanche\/dans-le-monde\/1789946682957414\/la-catastrophe-witkoff-la-chronique-de-francois-clemenceau\" target=\"_self\" article-id=\"1789946682957414\" rel=\"nofollow noopener\">Steve Witkoff<\/a>, dans laquelle l\u2019\u00e9missaire am\u00e9ricain conseillait au Kremlin comment convaincre Trump, avait encore nourri la d\u00e9fiance.<\/p>\n<p>Vers la normalisation&#13;\n<\/p>\n<p>Un an plus tard, tout a chang\u00e9. La relation entre Trump et Zelensky s\u2019est normalis\u00e9e, la pression am\u00e9ricaine s\u2019est desserr\u00e9e et le partage de renseignements est revenu \u00e0 son niveau initial. Surtout, l\u2019Ukraine d\u00e9pend moins de Washington pour porter la guerre en Russie. Ses drones frappent presque quotidiennement raffineries, d\u00e9p\u00f4ts et infrastructures militaires \u00e0 des centaines, parfois plus de 1\u00a0000\u00a0kilom\u00e8tres de la fronti\u00e8re.<\/p>\n<p>NewsletterLa Tribune Dimanche<\/p>\n<p class=\"text-2xl mb-[16px]\">Chaque dimanche, l\u2019essentiel de l\u2019actualit\u00e9 \u00e9conomique, politique et soci\u00e9tale.<\/p>\n<p>S&rsquo;inscrireS&rsquo;inscrireS&rsquo;inscrire<img alt=\"Illustration de la newsletter La Tribune Dimanche\" loading=\"lazy\" decoding=\"async\" data-nimg=\"fill\" class=\"relative! rounded-xl\" style=\"position:absolute;height:100%;width:100%;left:0;top:0;right:0;bottom:0;object-fit:cover;color:transparent\"   src=\"https:\/\/www.europesays.com\/fr\/wp-content\/uploads\/2026\/04\/la-tribune-dimanche.png\"\/><\/p>\n","protected":false},"excerpt":{"rendered":"Il y a un an, l\u2019Ukraine semblait condamn\u00e9e \u00e0 subir les choix de Washington et les exigences de&hellip;\n","protected":false},"author":2,"featured_media":1116313,"comment_status":"","ping_status":"","sticky":false,"template":"","format":"standard","meta":{"footnotes":"","_share_on_mastodon":"0"},"categories":[1591],"tags":[5734,11,114677,1887,3102,12,1885,1886,132],"class_list":["post-1116312","post","type-post","status-publish","format-standard","has-post-thumbnail","category-russie","tag-5734","tag-actualites","tag-comment-lukraine-reprend-la-main-sur-la-guerre-face-a-la-russie","tag-federation-de-russie","tag-la-tribune-dimanche","tag-news","tag-russia","tag-russian-federation","tag-russie"],"share_on_mastodon":{"url":"https:\/\/pubeurope.com\/@fr\/117062088322390876","error":""},"_links":{"self":[{"href":"https:\/\/www.europesays.com\/fr\/wp-json\/wp\/v2\/posts\/1116312","targetHints":{"allow":["GET"]}}],"collection":[{"href":"https:\/\/www.europesays.com\/fr\/wp-json\/wp\/v2\/posts"}],"about":[{"href":"https:\/\/www.europesays.com\/fr\/wp-json\/wp\/v2\/types\/post"}],"author":[{"embeddable":true,"href":"https:\/\/www.europesays.com\/fr\/wp-json\/wp\/v2\/users\/2"}],"replies":[{"embeddable":true,"href":"https:\/\/www.europesays.com\/fr\/wp-json\/wp\/v2\/comments?post=1116312"}],"version-history":[{"count":0,"href":"https:\/\/www.europesays.com\/fr\/wp-json\/wp\/v2\/posts\/1116312\/revisions"}],"wp:featuredmedia":[{"embeddable":true,"href":"https:\/\/www.europesays.com\/fr\/wp-json\/wp\/v2\/media\/1116313"}],"wp:attachment":[{"href":"https:\/\/www.europesays.com\/fr\/wp-json\/wp\/v2\/media?parent=1116312"}],"wp:term":[{"taxonomy":"category","embeddable":true,"href":"https:\/\/www.europesays.com\/fr\/wp-json\/wp\/v2\/categories?post=1116312"},{"taxonomy":"post_tag","embeddable":true,"href":"https:\/\/www.europesays.com\/fr\/wp-json\/wp\/v2\/tags?post=1116312"}],"curies":[{"name":"wp","href":"https:\/\/api.w.org\/{rel}","templated":true}]}}