{"id":111638,"date":"2025-05-19T11:39:10","date_gmt":"2025-05-19T11:39:10","guid":{"rendered":"https:\/\/www.europesays.com\/fr\/111638\/"},"modified":"2025-05-19T11:39:10","modified_gmt":"2025-05-19T11:39:10","slug":"je-ne-cours-pas-pour-largent-mais-pour-etre-heureux","status":"publish","type":"post","link":"https:\/\/www.europesays.com\/fr\/111638\/","title":{"rendered":"Je ne cours pas pour l&rsquo;argent, mais pour \u00eatre heureux"},"content":{"rendered":"<p>Dixi\u00e8me du championnat avec seulement 15 points \u00e0 son compteur, <a href=\"https:\/\/fr.motorsport.com\/driver\/raul-fernandez\/443094\/\" target=\"_blank\" rel=\"noopener\">Ra\u00fal Fern\u00e1ndez<\/a> peine \u00e0 s&rsquo;en sortir, cette ann\u00e9e, au guidon de l&rsquo;Aprilia. Bien que sous contrat jusqu&rsquo;\u00e0 la fin de la saison prochaine avec l&rsquo;\u00e9quipe Trackhouse, celui qui dispute sa troisi\u00e8me campagne sur la machine italienne s&rsquo;est vu remettre en question et n&rsquo;a pas cach\u00e9 avoir lui-m\u00eame <a href=\"https:\/\/fr.motorsport.com\/motogp\/news\/raul-fernandez-quete-plaisir-perdu\/10716167\/\" target=\"_self\" rel=\"noopener\">pris un coup au moral<\/a>.<\/p>\n<p>Il faut dire que ce jeune pilote de 24 ans a tr\u00e8s t\u00f4t d\u00e9montr\u00e9 son talent, particuli\u00e8rement lors de son unique ann\u00e9e dans la cat\u00e9gorie Moto2 o\u00f9 il s&rsquo;est battu pour le titre jusqu&rsquo;\u00e0 la derni\u00e8re course et a remport\u00e9 huit victoires sur un total de 12 podiums, ainsi que sept pole positions. Pass\u00e9 en MotoGP, Fern\u00e1ndez est apparu \u00e0 la peine sur la KTM avant d&rsquo;int\u00e9grer le clan Aprilia. Or, bien qu&rsquo;\u00e9tant cette ann\u00e9e dot\u00e9 de la m\u00eame spec que l&rsquo;\u00e9quipe d&rsquo;usine et \u00e9tant le seul du quatuor de pilotes \u00e0 d\u00e9j\u00e0 conna\u00eetre la RS-GP, il n&rsquo;a pas r\u00e9ussi pour le moment \u00e0 sortir du lot.<\/p>\n<p>Alors qu&rsquo;il n&rsquo;avait pu marquer que six points lors des cinq premiers Grands Prix, de premi\u00e8res rumeurs sur l&rsquo;avenir du Madril\u00e8ne ont commenc\u00e9 \u00e0 circuler. Trackhouse a pourtant assur\u00e9 que l&rsquo;accord qui les lie serait respect\u00e9. \u00ab\u00a0Ra\u00fal a un contrat, et nous allons absolument le respecter\u00a0\u00bb, a affirm\u00e9 le team principal Davide Brivio, niant l&rsquo;existence d&rsquo;une \u00e9ventuelle date limite pour rompre l&rsquo;accord sur la base de mauvais r\u00e9sultats : \u00ab\u00a0Il n&rsquo;y a ni \u00e9ch\u00e9ance ni ultimatum, mais il est \u00e9vident que Ra\u00fal doit r\u00e9agir, et il en a besoin, pour lui-m\u00eame.\u00a0\u00bb<\/p>\n<p>\u00c0 la veille du Grand Prix de France, <strong>Motorsport.com<\/strong> a interrog\u00e9 Ra\u00fal Fern\u00e1ndez \u00e0 propos de cette suppos\u00e9e p\u00e9riode de trois mois qui lui aurait \u00e9t\u00e9 donn\u00e9e pour r\u00e9agir. \u00ab\u00a0Je crois que c&rsquo;est quelque chose que j&rsquo;ai moi-m\u00eame abord\u00e9 avec l&rsquo;\u00e9quipe. Je ne veux pas penser en termes de d\u00e9lais, je ne veux pas vivre une situation comme \u00e7a\u00a0\u00bb, nous a-t-il r\u00e9pondu.<\/p>\n<p>\u00ab\u00a0J&rsquo;ai une tr\u00e8s bonne \u00e9quipe, une excellente usine, mais j&rsquo;ai aussi besoin d&rsquo;\u00eatre heureux, et de trouver quelque chose qui me permette de prendre du plaisir et de descendre de la moto en ayant le sourire.\u00a0\u00bb<\/p>\n<p>   <img decoding=\"async\" draggable=\"false\" src=\"https:\/\/www.europesays.com\/fr\/wp-content\/uploads\/2025\/05\/raul-fernandez-trackhouse-raci.jpg\" alt=\"Ra\u00fal Fern\u00e1ndez, Trackhouse Racing\" width=\"1200\" height=\"800\" loading=\"lazy\"\/> <\/p>\n<p class=\"title\">Ra\u00fal Fern\u00e1ndez veut plus que tout retrouver le plaisir de piloter.<\/p>\n<p class=\"photographer\">Photo de: Gold and Goose Photography \/ LAT Images \/ via Getty Images<\/p>\n<p>L&rsquo;Espagnol assure qu&rsquo;il ne pense ni \u00e0 son contrat ni \u00e0 l&rsquo;argent, et qu&rsquo;il veut simplement \u00eatre comp\u00e9titif et retrouver en lui ce qui avait tant impressionn\u00e9 lorsqu&rsquo;il courait en Moto2 et avait vu les portes du MotoGP s&rsquo;ouvrir en grand.<\/p>\n<p>\u00ab\u00a0Avec tout mon respect, je ne cours pas seulement pour l&rsquo;argent, je cours parce que \u00e7a me rend heureux. C&rsquo;est quelque chose que je fais depuis l&rsquo;\u00e2ge de cinq ans et les circonstances de la vie m&rsquo;ont fait gravir les \u00e9chelons jusqu&rsquo;\u00e0 arriver en MotoGP.\u00a0\u00bb<\/p>\n<p>Ra\u00fal Fern\u00e1ndez se fait confiance pour rebondir, mais il compte aussi beaucoup sur la direction de Davide Brivio. \u00ab\u00a0C&rsquo;est ce que je lui ai dit aussi, je ne viens pas courir pour l&rsquo;argent, c&rsquo;est juste une cons\u00e9quence. Je viens pour prendre du plaisir et la premi\u00e8re chose dont j&rsquo;ai besoin, c&rsquo;est d&rsquo;\u00eatre heureux\u00a0\u00bb, a-t-il insist\u00e9.<\/p>\n<p>\u00ab\u00a0On n&rsquo;a pas trouv\u00e9 la fa\u00e7on d&rsquo;\u00eatre comp\u00e9titifs. Ce n&rsquo;est pas que l&rsquo;\u00e9quipe ou Aprilia ne nous aide pas, mais les circonstances ne s&rsquo;y sont pas pr\u00eat\u00e9es\u00a0\u00bb, a-t-il ajout\u00e9. Fern\u00e1ndez a toutefois per\u00e7u une lueur d&rsquo;espoir lors du test officiel de Jerez, le 28 avril\u00a0:\u00a0\u00ab\u00a0J&rsquo;ai voulu repartir de z\u00e9ro, il y a eu un bon changement.\u00a0\u00bb<\/p>\n<p>\u00ab\u00a0On est ici pour travailler. Ce qui est dommage, c&rsquo;est que deux ann\u00e9es de suite, je me suis bless\u00e9 pendant la pr\u00e9-saison, et on n&rsquo;a pas pu construire de base. L&rsquo;ann\u00e9e derni\u00e8re, c&rsquo;\u00e9tait un peu mieux parce qu&rsquo;on avait fait un test en novembre avec cette moto, mais cette ann\u00e9e, on n&rsquo;a rien pu construire. L\u00e0, on a eu un test, on va voir si on peut progresser \u00e0 partir de l\u00e0.\u00a0\u00bb<\/p>\n<p>Dans la foul\u00e9e, Ra\u00fal Fern\u00e1ndez a r\u00e9alis\u00e9 au Mans son meilleur week-end de la saison, du moins en termes de r\u00e9sultats puisqu&rsquo;il a marqu\u00e9 neuf points en se classant septi\u00e8me le dimanche. La veille, il \u00e9tait d\u00e9j\u00e0 dans le top 10 au sprint, mais sans r\u00e9compense. Compte tenu de la tournure \u00e9pique prise par le Grand Prix, il lui faut esp\u00e9rer de confirmer ces r\u00e9sultats dans des conditions plus stables pour v\u00e9ritablement s&rsquo;assurer que les changements op\u00e9r\u00e9s ont port\u00e9 leurs fruits.<\/p>\n<p>Lire aussi :<\/p>\n<p>Dans cet article<\/p>\n<p>    Germ\u00e1n Garcia Casanova\n<\/p>\n<p>    MotoGP\n<\/p>\n<p>    Ra\u00fal Fern\u00e1ndez\n<\/p>\n<p>    Trackhouse Racing Team\n<\/p>\n<p>Soyez le premier inform\u00e9 et souscrivez aux alertes mails pour recevoir les infos en temps r\u00e9el<\/p>\n<p>    S&rsquo;abonner aux alertes de news<\/p>\n","protected":false},"excerpt":{"rendered":"Dixi\u00e8me du championnat avec seulement 15 points \u00e0 son compteur, Ra\u00fal Fern\u00e1ndez peine \u00e0 s&rsquo;en sortir, cette ann\u00e9e,&hellip;\n","protected":false},"author":2,"featured_media":111639,"comment_status":"","ping_status":"","sticky":false,"template":"","format":"standard","meta":{"footnotes":""},"categories":[1413],"tags":[1011,27,1457,1456,1458,13596,60,4084],"class_list":{"0":"post-111638","1":"post","2":"type-post","3":"status-publish","4":"format-standard","5":"has-post-thumbnail","7":"category-moto","8":"tag-fr","9":"tag-france","10":"tag-moto","11":"tag-motocycle","12":"tag-motogp","13":"tag-rau00fal-fernu00e1ndez","14":"tag-sports","15":"tag-trackhouse-racing-team"},"share_on_mastodon":{"url":"https:\/\/pubeurope.com\/@fr\/114534309093338573","error":""},"_links":{"self":[{"href":"https:\/\/www.europesays.com\/fr\/wp-json\/wp\/v2\/posts\/111638","targetHints":{"allow":["GET"]}}],"collection":[{"href":"https:\/\/www.europesays.com\/fr\/wp-json\/wp\/v2\/posts"}],"about":[{"href":"https:\/\/www.europesays.com\/fr\/wp-json\/wp\/v2\/types\/post"}],"author":[{"embeddable":true,"href":"https:\/\/www.europesays.com\/fr\/wp-json\/wp\/v2\/users\/2"}],"replies":[{"embeddable":true,"href":"https:\/\/www.europesays.com\/fr\/wp-json\/wp\/v2\/comments?post=111638"}],"version-history":[{"count":0,"href":"https:\/\/www.europesays.com\/fr\/wp-json\/wp\/v2\/posts\/111638\/revisions"}],"wp:featuredmedia":[{"embeddable":true,"href":"https:\/\/www.europesays.com\/fr\/wp-json\/wp\/v2\/media\/111639"}],"wp:attachment":[{"href":"https:\/\/www.europesays.com\/fr\/wp-json\/wp\/v2\/media?parent=111638"}],"wp:term":[{"taxonomy":"category","embeddable":true,"href":"https:\/\/www.europesays.com\/fr\/wp-json\/wp\/v2\/categories?post=111638"},{"taxonomy":"post_tag","embeddable":true,"href":"https:\/\/www.europesays.com\/fr\/wp-json\/wp\/v2\/tags?post=111638"}],"curies":[{"name":"wp","href":"https:\/\/api.w.org\/{rel}","templated":true}]}}