{"id":111642,"date":"2025-05-19T11:41:07","date_gmt":"2025-05-19T11:41:07","guid":{"rendered":"https:\/\/www.europesays.com\/fr\/111642\/"},"modified":"2025-05-19T11:41:07","modified_gmt":"2025-05-19T11:41:07","slug":"cyclisme-route-enric-mas-prolonge-jusquen-2029-avec-la-movistar","status":"publish","type":"post","link":"https:\/\/www.europesays.com\/fr\/111642\/","title":{"rendered":"Cyclisme. Route &#8211; Enric Mas prolonge jusqu&rsquo;en 2029 avec la Movistar"},"content":{"rendered":"<p>Le leader de la formation <strong>Movistar<\/strong>, <strong><a href=\"https:\/\/www.cyclismactu.net\/..\/news-route-enchainement-tour-vuelta-pour-enric-mas-et-toujours-pas-de-giro-85536.html\" target=\"_blank\" rel=\"noopener\">Enric Mas<\/a><\/strong>, a prolong\u00e9 son contrat avec l\u2019\u00e9quipe espagnole. Pr\u00e9sent au sein de la formation ib\u00e9rique depuis 2020, le grimpeur majorquin s\u2019est r\u00e9guli\u00e8rement illustr\u00e9 par ses accessits, sans toutefois parvenir \u00e0 s\u2019imposer dans les grandes courses. Trois fois deuxi\u00e8me de la <strong>Vuelta a Espa\u00f1a<\/strong> (2018, 2021, 2022), une fois troisi\u00e8me (2024), 2e du <strong>Tour de Lombardie<\/strong> (2022) ou encore 5e du <strong>Tour de France<\/strong> (2022), <strong>Enric Mas<\/strong> s\u2019impose comme l\u2019un des meilleurs grimpeurs du peloton. Il esp\u00e8re d\u00e9sormais \u00ab\u00a0offrir un Grand Tour \u00e0 Movistar\u00a0\u00bb.<\/p>\n<p>Vid\u00e9o &#8211; Enric Mas, 3e de La Vuelta 2024 Lire la suite de l&rsquo;article&#13;<\/p>\n<p>\u00a0<\/p>\n<p>&#13;<br \/>\n\u00ab\u00a0Apr\u00e8s plusieurs podiums sur La Vuelta&#8230;\u00a0\u00bb&#13;<\/p>\n<p><strong>Enric Mas<\/strong> s&rsquo;est exprim\u00e9 sur cette prolongation :\u00a0\u00ab\u00a0Je suis tr\u00e8s reconnaissant de la confiance qu\u2019on m\u2019accorde pour les quatre prochaines ann\u00e9es et, pour \u00eatre honn\u00eate, je suis super content. Cela me donne la motivation n\u00e9cessaire pour continuer \u00e0 progresser dans cette \u00e9quipe.\u00a0Quand ce contrat se terminera, j\u2019aurai 34 ans et cela fera dix saisons chez Movistar Team. Je tiens donc \u00e0 remercier autant Eusebio que la marque Telef\u00f3nica, qui m\u2019a fait confiance, et j\u2019esp\u00e8re pouvoir leur rendre avec de bons r\u00e9sultats.\u00a0L\u2019un de mes principaux objectifs, avec le Tour, sera la Vuelta. J\u2019ai cette esp\u00e8ce d\u2019\u00e9pine en moi, apr\u00e8s plusieurs podiums, et j\u2019adorerais offrir un Grand Tour \u00e0 Movistar Team.\u00a0\u00bb<\/p>\n","protected":false},"excerpt":{"rendered":"Le leader de la formation Movistar, Enric Mas, a prolong\u00e9 son contrat avec l\u2019\u00e9quipe espagnole. Pr\u00e9sent au sein&hellip;\n","protected":false},"author":2,"featured_media":111643,"comment_status":"","ping_status":"","sticky":false,"template":"","format":"standard","meta":{"footnotes":""},"categories":[1411],"tags":[1154,207,211,1011,27,209,60,210,212,208,213],"class_list":{"0":"post-111642","1":"post","2":"type-post","3":"status-publish","4":"format-standard","5":"has-post-thumbnail","7":"category-cyclisme","8":"tag-cycling","9":"tag-cyclisme","10":"tag-ffc","11":"tag-fr","12":"tag-france","13":"tag-route","14":"tag-sports","15":"tag-tour-de-france","16":"tag-uci","17":"tag-velo","18":"tag-world-tour"},"share_on_mastodon":{"url":"https:\/\/pubeurope.com\/@fr\/114534317039010473","error":""},"_links":{"self":[{"href":"https:\/\/www.europesays.com\/fr\/wp-json\/wp\/v2\/posts\/111642","targetHints":{"allow":["GET"]}}],"collection":[{"href":"https:\/\/www.europesays.com\/fr\/wp-json\/wp\/v2\/posts"}],"about":[{"href":"https:\/\/www.europesays.com\/fr\/wp-json\/wp\/v2\/types\/post"}],"author":[{"embeddable":true,"href":"https:\/\/www.europesays.com\/fr\/wp-json\/wp\/v2\/users\/2"}],"replies":[{"embeddable":true,"href":"https:\/\/www.europesays.com\/fr\/wp-json\/wp\/v2\/comments?post=111642"}],"version-history":[{"count":0,"href":"https:\/\/www.europesays.com\/fr\/wp-json\/wp\/v2\/posts\/111642\/revisions"}],"wp:featuredmedia":[{"embeddable":true,"href":"https:\/\/www.europesays.com\/fr\/wp-json\/wp\/v2\/media\/111643"}],"wp:attachment":[{"href":"https:\/\/www.europesays.com\/fr\/wp-json\/wp\/v2\/media?parent=111642"}],"wp:term":[{"taxonomy":"category","embeddable":true,"href":"https:\/\/www.europesays.com\/fr\/wp-json\/wp\/v2\/categories?post=111642"},{"taxonomy":"post_tag","embeddable":true,"href":"https:\/\/www.europesays.com\/fr\/wp-json\/wp\/v2\/tags?post=111642"}],"curies":[{"name":"wp","href":"https:\/\/api.w.org\/{rel}","templated":true}]}}