{"id":1116472,"date":"2026-08-08T23:53:20","date_gmt":"2026-08-08T23:53:20","guid":{"rendered":"https:\/\/www.europesays.com\/fr\/1116472\/"},"modified":"2026-08-08T23:53:20","modified_gmt":"2026-08-08T23:53:20","slug":"basket-le-recrutement-du-sluc-nancy-est-clos-sauf-si","status":"publish","type":"post","link":"https:\/\/www.europesays.com\/fr\/1116472\/","title":{"rendered":"Basket. Le recrutement du SLUC Nancy est clos, sauf si\u2026"},"content":{"rendered":"<p> L\u2019avenir de Mohammad Amini est \u00e0 ce jour la derni\u00e8re (petite) incertitude concernant l\u2019effectif du SLUC. Pour le joueur iranien, la tendance est au retour au bercail, apr\u00e8s que son r\u00eave de NBA s\u2019est \u00e9loign\u00e9.<\/p>\n<p>&#13;<br \/>\n              Thomas Simon &#8211; &#13;<br \/>\n        &#13;<br \/>\n          06 ao\u00fbt 2026 \u00e0 18:00&#13;<br \/>\n    &#13;<br \/>\n                  | mis \u00e0 jour le 07 ao\u00fbt 2026 \u00e0 16:17&#13;<br \/>\n              &#8211; Temps de lecture : &#13;<br \/>\n  &#13;\n<\/p>\n<p>                &#13;<br \/>\n    &#13;<br \/>\n    &#13;<br \/>\n    <a href=\"https:\/\/cdn-s-www.estrepublicain.fr\/images\/f594781b-baea-4c1f-83a4-cb464843788b\/NW_raw\/non-drafte-en-nba-mohammad-amini-devrait-donc-etre-present-a-nancy-pour-la-reprise-du-sluc-photo-severine-kichenbrand-1786034272.jpg\" title=\"Non draft\u00e9 en NBA, Mohammad Amini devrait donc \u00eatre pr\u00e9sent \u00e0 Nancy pour la reprise du SLUC.\u00a0 Photo Severine Kichenbrand\" class=\"chocolat-image GA-tracking\" data-ga_type=\"click\" data-ga_category=\"D\u00e9tail\" data-ga_action=\"zoomer\" data-ga_label=\"aggrandir image\" rel=\"nofollow noopener\" target=\"_blank\">&#13;<br \/>\n        <img src=\"https:\/\/www.europesays.com\/fr\/wp-content\/uploads\/2026\/08\/non-drafte-en-nba-mohammad-amini-devrait-donc-etre-present-a-nancy-pour-la-reprise-du-sluc-photo-sev.jpeg\"   alt=\"Non draft\u00e9 en NBA, Mohammad Amini devrait donc \u00eatre pr\u00e9sent \u00e0 Nancy pour la reprise du SLUC.\u00a0 Photo Severine Kichenbrand\" fetchpriority=\"high\" decoding=\"async\" data-mobile=\"NW_detail_M|1786034272\" data-base=\"NW_detail|1786034272\"\/>&#13;<br \/>\n    <\/a>&#13;<br \/>\n    Non draft\u00e9 en NBA, Mohammad Amini devrait donc \u00eatre pr\u00e9sent \u00e0 Nancy pour la reprise du SLUC.\u00a0 Photo Severine Kichenbrand<\/p>\n","protected":false},"excerpt":{"rendered":"L\u2019avenir de Mohammad Amini est \u00e0 ce jour la derni\u00e8re (petite) incertitude concernant l\u2019effectif du SLUC. Pour le&hellip;\n","protected":false},"author":2,"featured_media":1116473,"comment_status":"","ping_status":"","sticky":false,"template":"","format":"standard","meta":{"footnotes":"","_share_on_mastodon":"0"},"categories":[9635],"tags":[1111,11,1791,1704,1777,674,107,1701,1011,27,775,1702,1703,12,25,11567,517,1700],"class_list":["post-1116472","post","type-post","status-publish","format-standard","has-post-thumbnail","category-nancy","tag-actu","tag-actualites","tag-basket-ball","tag-edition-nancy-et-agglomeration","tag-eu","tag-europe","tag-fil-info","tag-fil-info-sport","tag-fr","tag-france","tag-grand-est","tag-nancy","tag-nancy-ville-54b","tag-news","tag-republique-francaise","tag-sluc","tag-sport","tag-sport-lorrain"],"share_on_mastodon":{"url":"https:\/\/pubeurope.com\/@fr\/117062587306509481","error":""},"_links":{"self":[{"href":"https:\/\/www.europesays.com\/fr\/wp-json\/wp\/v2\/posts\/1116472","targetHints":{"allow":["GET"]}}],"collection":[{"href":"https:\/\/www.europesays.com\/fr\/wp-json\/wp\/v2\/posts"}],"about":[{"href":"https:\/\/www.europesays.com\/fr\/wp-json\/wp\/v2\/types\/post"}],"author":[{"embeddable":true,"href":"https:\/\/www.europesays.com\/fr\/wp-json\/wp\/v2\/users\/2"}],"replies":[{"embeddable":true,"href":"https:\/\/www.europesays.com\/fr\/wp-json\/wp\/v2\/comments?post=1116472"}],"version-history":[{"count":0,"href":"https:\/\/www.europesays.com\/fr\/wp-json\/wp\/v2\/posts\/1116472\/revisions"}],"wp:featuredmedia":[{"embeddable":true,"href":"https:\/\/www.europesays.com\/fr\/wp-json\/wp\/v2\/media\/1116473"}],"wp:attachment":[{"href":"https:\/\/www.europesays.com\/fr\/wp-json\/wp\/v2\/media?parent=1116472"}],"wp:term":[{"taxonomy":"category","embeddable":true,"href":"https:\/\/www.europesays.com\/fr\/wp-json\/wp\/v2\/categories?post=1116472"},{"taxonomy":"post_tag","embeddable":true,"href":"https:\/\/www.europesays.com\/fr\/wp-json\/wp\/v2\/tags?post=1116472"}],"curies":[{"name":"wp","href":"https:\/\/api.w.org\/{rel}","templated":true}]}}