{"id":1116563,"date":"2026-08-09T01:11:18","date_gmt":"2026-08-09T01:11:18","guid":{"rendered":"https:\/\/www.europesays.com\/fr\/1116563\/"},"modified":"2026-08-09T01:11:18","modified_gmt":"2026-08-09T01:11:18","slug":"quinte-half-half-la-base-solide-du-quinte-du-dimanche-9-aout","status":"publish","type":"post","link":"https:\/\/www.europesays.com\/fr\/1116563\/","title":{"rendered":"Quint\u00e9+: Half Half, la base solide du Quint\u00e9+ du dimanche 9 ao\u00fbt"},"content":{"rendered":"<p><strong>Son profil<\/strong><\/p>\n<p style=\"text-align: justify;\">\u00c9loign\u00e9 des pistes de novembre 2024 \u00e0 novembre 2025, <strong>Half Half <\/strong>rattrape le temps perdu depuis le d\u00e9but de l&rsquo;ann\u00e9e. Ce prot\u00e9g\u00e9 de <strong>David Smaga<\/strong> n&rsquo;est pas sorti de la combinaison gagnante des sept derniers Quint\u00e9+ auxquels il a pris part, avec un succ\u00e8s sign\u00e9 sur le toboggan de <strong>ParisLongchamp<\/strong> le 30 avril \u00e0 la cl\u00e9 (<strong>Prix de Chevilly<\/strong>). P\u00e9nalis\u00e9 de 3 kilos pour cette victoire, il a prouv\u00e9 depuis qu&rsquo;il demeurait comp\u00e9titif en valeur 41. Pas mal plac\u00e9 avec son num\u00e9ro 19 dans les stalles, dans cette \u00e9preuve qui a souvent souri aux chevaux s&rsquo;\u00e9lan\u00e7ant \u00e0 l&rsquo;ext\u00e9rieur, il a une belle carte \u00e0\u00a0jouer.<\/p>\n<p><strong>Sa derni\u00e8re course<\/strong><\/p>\n<p><strong>Handicap des Hauts-de-Seine<\/strong><b>\u00a0(Quint\u00e9+) &#8211; 1.600m\u00a0&#8211; 5\u00a0juillet\u00a0&#8211; Saint-Cloud<\/b><\/p>\n<p style=\"text-align: justify;\">Toujours en bon rang dans le Quint\u00e9+\u00a0<strong>Handicap des Hauts-de-Seine<\/strong>,\u00a0le 5 juillet sur le mile clodoaldien, le fils d&rsquo;<strong>Anodin<\/strong> s&rsquo;est bien d\u00e9fendu jusqu&rsquo;au bout pour s&#8217;emparer de la troisi\u00e8me place, \u00e0 l&rsquo;issue d&rsquo;une vive\u00a0lutte.<\/p>\n<p>\u00a0<\/p>\n<p><strong>Sa statistique<\/strong><\/p>\n<p><strong>Dans les Quint\u00e9+<\/strong>\u00a0: 15\u00a0courses &#8211; 1\u00a0victoire\u00a0&#8211; 7\u00a0places &#8211; 67% dans les 5<\/p>\n<p><strong>L&rsquo;avis de David Smaga, son entra\u00eeneur<\/strong><\/p>\n<p style=\"text-align: justify;\">\u00ab\u00a0Tout se pr\u00e9sente au mieux pour Half Half (11). Il a fait l&rsquo;arriv\u00e9e des sept derniers Quint\u00e9+ auxquels il a particip\u00e9, ce qui est assez exceptionnel, car ce sont des courses compliqu\u00e9es. Il a d\u00e9j\u00e0 perform\u00e9 sur la ligne droite de Deauville, donc il se pr\u00e9sente au d\u00e9part de cette \u00e9preuve avec toute ma confiance.\u00a0\u00bb<\/p>\n<p><strong>Sa cote probable : 6\/1<\/strong><strong>La note d&rsquo;Equidia : 15\/20<\/strong><\/p>\n<p><img decoding=\"async\" src=\"https:\/\/www.europesays.com\/fr\/wp-content\/uploads\/2026\/08\/Note11_DigitalV210:00.jpg\"\/><\/p>\n","protected":false},"excerpt":{"rendered":"Son profil \u00c9loign\u00e9 des pistes de novembre 2024 \u00e0 novembre 2025, Half Half rattrape le temps perdu depuis&hellip;\n","protected":false},"author":2,"featured_media":1116564,"comment_status":"","ping_status":"","sticky":false,"template":"","format":"standard","meta":{"footnotes":"","_share_on_mastodon":"0"},"categories":[8],"tags":[58,59,1011,27,3014,25851,44866,3016,7638,2623],"class_list":["post-1116563","post","type-post","status-publish","format-standard","has-post-thumbnail","category-divertissement","tag-divertissement","tag-entertainment","tag-fr","tag-france","tag-galop","tag-la-base-solide","tag-meeting-de-deauville","tag-plat","tag-pour-preparer-vos-paris","tag-quinte"],"share_on_mastodon":{"url":"https:\/\/pubeurope.com\/@fr\/117062892956289489","error":""},"_links":{"self":[{"href":"https:\/\/www.europesays.com\/fr\/wp-json\/wp\/v2\/posts\/1116563","targetHints":{"allow":["GET"]}}],"collection":[{"href":"https:\/\/www.europesays.com\/fr\/wp-json\/wp\/v2\/posts"}],"about":[{"href":"https:\/\/www.europesays.com\/fr\/wp-json\/wp\/v2\/types\/post"}],"author":[{"embeddable":true,"href":"https:\/\/www.europesays.com\/fr\/wp-json\/wp\/v2\/users\/2"}],"replies":[{"embeddable":true,"href":"https:\/\/www.europesays.com\/fr\/wp-json\/wp\/v2\/comments?post=1116563"}],"version-history":[{"count":0,"href":"https:\/\/www.europesays.com\/fr\/wp-json\/wp\/v2\/posts\/1116563\/revisions"}],"wp:featuredmedia":[{"embeddable":true,"href":"https:\/\/www.europesays.com\/fr\/wp-json\/wp\/v2\/media\/1116564"}],"wp:attachment":[{"href":"https:\/\/www.europesays.com\/fr\/wp-json\/wp\/v2\/media?parent=1116563"}],"wp:term":[{"taxonomy":"category","embeddable":true,"href":"https:\/\/www.europesays.com\/fr\/wp-json\/wp\/v2\/categories?post=1116563"},{"taxonomy":"post_tag","embeddable":true,"href":"https:\/\/www.europesays.com\/fr\/wp-json\/wp\/v2\/tags?post=1116563"}],"curies":[{"name":"wp","href":"https:\/\/api.w.org\/{rel}","templated":true}]}}